{"id":44806,"date":"2022-04-13T16:05:07","date_gmt":"2022-04-13T14:05:07","guid":{"rendered":"https:\/\/e-cristians.cat\/?p=44806"},"modified":"2022-04-13T16:05:28","modified_gmt":"2022-04-13T14:05:28","slug":"el-sermon-de-las-7-palabras-en-terrassa","status":"publish","type":"post","link":"https:\/\/e-cristians.cat\/es\/el-sermon-de-las-7-palabras-en-terrassa\/","title":{"rendered":"El Serm\u00f3n de las 7 palabras, en Terrassa"},"content":{"rendered":"<p>La asociaci\u00f3n ecum\u00e9tica <strong>Cristians per Terrassa<\/strong> os invita al <em><strong>Serm\u00f3n de las 7 palabras<\/strong><\/em> que han organizado para el pr\u00f3ximo d\u00eda <strong>15 de abril, Viernes Santo<\/strong>, a las <strong>10h<\/strong> de la ma\u00f1ana en la <strong>Seu d&#8217;\u00c8gara<\/strong> (Iglesias de Sant Pere de Terrassa) y reflexionar juntos en torno a las 7 frases que Jes\u00fas pronunci\u00f3 en la cruz seg\u00fan los Evangelios.<\/p>\n<p>D\u00eda: <strong>Viernes Santo<\/strong>, 15 de abril de 2022<\/p>\n<p>Hora: <strong>10h.<\/strong><\/p>\n<p>Lugar: <strong>Seu d&#8217;\u00c8gara<\/strong> (Calle de la Rector\u00eda, 16, Terrassa)<\/p>\n","protected":false},"excerpt":{"rendered":"<p>La asociaci\u00f3n ecum\u00e9tica Cristians per Terrassa os invita al Serm\u00f3n de las 7 palabras que han organizado para el pr\u00f3ximo d\u00eda 15 de abril, Viernes Santo, a las 10h de la ma\u00f1ana en la Seu d&#8217;\u00c8gara (Iglesias de Sant Pere de Terrassa) y reflexionar juntos en torno a las 7 frases que Jes\u00fas pronunci\u00f3 en&#8230;<\/p>\n","protected":false},"author":2,"featured_media":44802,"comment_status":"closed","ping_status":"closed","sticky":false,"template":"","format":"standard","meta":{"_jetpack_memberships_contains_paid_content":false,"footnotes":""},"categories":[33,39],"tags":[],"class_list":["post-44806","post","type-post","status-publish","format-standard","has-post-thumbnail","hentry","category-altres-entitats-informacions-agenda-i-documents-es","category-portada_news-es"],"yoast_head":"<!-- This site is optimized with the Yoast SEO plugin v20.0 - https:\/\/yoast.com\/wordpress\/plugins\/seo\/ -->\n<title>El Serm\u00f3n de las 7 palabras, en Terrassa - e-Cristians<\/title>\n<meta name=\"robots\" content=\"noindex, nofollow\" \/>\n<meta property=\"og:locale\" content=\"es_ES\" \/>\n<meta property=\"og:type\" content=\"article\" \/>\n<meta property=\"og:title\" content=\"El Serm\u00f3n de las 7 palabras, en Terrassa - e-Cristians\" \/>\n<meta property=\"og:description\" content=\"La asociaci\u00f3n ecum\u00e9tica Cristians per Terrassa os invita al Serm\u00f3n de las 7 palabras que han organizado para el pr\u00f3ximo d\u00eda 15 de abril, Viernes Santo, a las 10h de la ma\u00f1ana en la Seu d&#8217;\u00c8gara (Iglesias de Sant Pere de Terrassa) y reflexionar juntos en torno a las 7 frases que Jes\u00fas pronunci\u00f3 en...\" \/>\n<meta property=\"og:url\" content=\"https:\/\/e-cristians.cat\/es\/el-sermon-de-las-7-palabras-en-terrassa\/\" \/>\n<meta property=\"og:site_name\" content=\"e-Cristians\" \/>\n<meta property=\"article:published_time\" content=\"2022-04-13T14:05:07+00:00\" \/>\n<meta property=\"article:modified_time\" content=\"2022-04-13T14:05:28+00:00\" \/>\n<meta property=\"og:image\" content=\"https:\/\/e-cristians.cat\/wp-content\/uploads\/2022\/04\/Sermo.jpg\" \/>\n\t<meta property=\"og:image:width\" content=\"423\" \/>\n\t<meta property=\"og:image:height\" content=\"593\" \/>\n\t<meta property=\"og:image:type\" content=\"image\/jpeg\" \/>\n<meta name=\"author\" content=\"e-Cristians\" \/>\n<meta name=\"twitter:card\" content=\"summary_large_image\" \/>\n<meta name=\"twitter:label1\" content=\"Escrito por\" \/>\n\t<meta name=\"twitter:data1\" content=\"e-Cristians\" \/>\n<script type=\"application\/ld+json\" class=\"yoast-schema-graph\">{\"@context\":\"https:\/\/schema.org\",\"@graph\":[{\"@type\":\"WebPage\",\"@id\":\"https:\/\/e-cristians.cat\/es\/el-sermon-de-las-7-palabras-en-terrassa\/\",\"url\":\"https:\/\/e-cristians.cat\/es\/el-sermon-de-las-7-palabras-en-terrassa\/\",\"name\":\"El Serm\u00f3n de las 7 palabras, en Terrassa - e-Cristians\",\"isPartOf\":{\"@id\":\"https:\/\/e-cristians.cat\/#website\"},\"datePublished\":\"2022-04-13T14:05:07+00:00\",\"dateModified\":\"2022-04-13T14:05:28+00:00\",\"author\":{\"@id\":\"https:\/\/e-cristians.cat\/#\/schema\/person\/f0ec475338e49aaef9c9dc9d9f162861\"},\"breadcrumb\":{\"@id\":\"https:\/\/e-cristians.cat\/es\/el-sermon-de-las-7-palabras-en-terrassa\/#breadcrumb\"},\"inLanguage\":\"es\",\"potentialAction\":[{\"@type\":\"ReadAction\",\"target\":[\"https:\/\/e-cristians.cat\/es\/el-sermon-de-las-7-palabras-en-terrassa\/\"]}]},{\"@type\":\"BreadcrumbList\",\"@id\":\"https:\/\/e-cristians.cat\/es\/el-sermon-de-las-7-palabras-en-terrassa\/#breadcrumb\",\"itemListElement\":[{\"@type\":\"ListItem\",\"position\":1,\"name\":\"Inici\",\"item\":\"https:\/\/e-cristians.cat\/es\/\"},{\"@type\":\"ListItem\",\"position\":2,\"name\":\"El Serm\u00f3n de las 7 palabras, en Terrassa\"}]},{\"@type\":\"WebSite\",\"@id\":\"https:\/\/e-cristians.cat\/#website\",\"url\":\"https:\/\/e-cristians.cat\/\",\"name\":\"e-Cristians\",\"description\":\"\",\"potentialAction\":[{\"@type\":\"SearchAction\",\"target\":{\"@type\":\"EntryPoint\",\"urlTemplate\":\"https:\/\/e-cristians.cat\/?s={search_term_string}\"},\"query-input\":\"required name=search_term_string\"}],\"inLanguage\":\"es\"},{\"@type\":\"Person\",\"@id\":\"https:\/\/e-cristians.cat\/#\/schema\/person\/f0ec475338e49aaef9c9dc9d9f162861\",\"name\":\"e-Cristians\",\"image\":{\"@type\":\"ImageObject\",\"inLanguage\":\"es\",\"@id\":\"https:\/\/e-cristians.cat\/#\/schema\/person\/image\/\",\"url\":\"https:\/\/secure.gravatar.com\/avatar\/14bc9e5b0ca69070f1075ad3efcb33c4?s=96&d=mm&r=g\",\"contentUrl\":\"https:\/\/secure.gravatar.com\/avatar\/14bc9e5b0ca69070f1075ad3efcb33c4?s=96&d=mm&r=g\",\"caption\":\"e-Cristians\"}}]}<\/script>\n<!-- \/ Yoast SEO plugin. -->","yoast_head_json":{"title":"El Serm\u00f3n de las 7 palabras, en Terrassa - e-Cristians","robots":{"index":"noindex","follow":"nofollow"},"og_locale":"es_ES","og_type":"article","og_title":"El Serm\u00f3n de las 7 palabras, en Terrassa - e-Cristians","og_description":"La asociaci\u00f3n ecum\u00e9tica Cristians per Terrassa os invita al Serm\u00f3n de las 7 palabras que han organizado para el pr\u00f3ximo d\u00eda 15 de abril, Viernes Santo, a las 10h de la ma\u00f1ana en la Seu d&#8217;\u00c8gara (Iglesias de Sant Pere de Terrassa) y reflexionar juntos en torno a las 7 frases que Jes\u00fas pronunci\u00f3 en...","og_url":"https:\/\/e-cristians.cat\/es\/el-sermon-de-las-7-palabras-en-terrassa\/","og_site_name":"e-Cristians","article_published_time":"2022-04-13T14:05:07+00:00","article_modified_time":"2022-04-13T14:05:28+00:00","og_image":[{"width":423,"height":593,"url":"https:\/\/e-cristians.cat\/wp-content\/uploads\/2022\/04\/Sermo.jpg","type":"image\/jpeg"}],"author":"e-Cristians","twitter_card":"summary_large_image","twitter_misc":{"Escrito por":"e-Cristians"},"schema":{"@context":"https:\/\/schema.org","@graph":[{"@type":"WebPage","@id":"https:\/\/e-cristians.cat\/es\/el-sermon-de-las-7-palabras-en-terrassa\/","url":"https:\/\/e-cristians.cat\/es\/el-sermon-de-las-7-palabras-en-terrassa\/","name":"El Serm\u00f3n de las 7 palabras, en Terrassa - e-Cristians","isPartOf":{"@id":"https:\/\/e-cristians.cat\/#website"},"datePublished":"2022-04-13T14:05:07+00:00","dateModified":"2022-04-13T14:05:28+00:00","author":{"@id":"https:\/\/e-cristians.cat\/#\/schema\/person\/f0ec475338e49aaef9c9dc9d9f162861"},"breadcrumb":{"@id":"https:\/\/e-cristians.cat\/es\/el-sermon-de-las-7-palabras-en-terrassa\/#breadcrumb"},"inLanguage":"es","potentialAction":[{"@type":"ReadAction","target":["https:\/\/e-cristians.cat\/es\/el-sermon-de-las-7-palabras-en-terrassa\/"]}]},{"@type":"BreadcrumbList","@id":"https:\/\/e-cristians.cat\/es\/el-sermon-de-las-7-palabras-en-terrassa\/#breadcrumb","itemListElement":[{"@type":"ListItem","position":1,"name":"Inici","item":"https:\/\/e-cristians.cat\/es\/"},{"@type":"ListItem","position":2,"name":"El Serm\u00f3n de las 7 palabras, en Terrassa"}]},{"@type":"WebSite","@id":"https:\/\/e-cristians.cat\/#website","url":"https:\/\/e-cristians.cat\/","name":"e-Cristians","description":"","potentialAction":[{"@type":"SearchAction","target":{"@type":"EntryPoint","urlTemplate":"https:\/\/e-cristians.cat\/?s={search_term_string}"},"query-input":"required name=search_term_string"}],"inLanguage":"es"},{"@type":"Person","@id":"https:\/\/e-cristians.cat\/#\/schema\/person\/f0ec475338e49aaef9c9dc9d9f162861","name":"e-Cristians","image":{"@type":"ImageObject","inLanguage":"es","@id":"https:\/\/e-cristians.cat\/#\/schema\/person\/image\/","url":"https:\/\/secure.gravatar.com\/avatar\/14bc9e5b0ca69070f1075ad3efcb33c4?s=96&d=mm&r=g","contentUrl":"https:\/\/secure.gravatar.com\/avatar\/14bc9e5b0ca69070f1075ad3efcb33c4?s=96&d=mm&r=g","caption":"e-Cristians"}}]}},"jetpack_sharing_enabled":true,"jetpack_featured_media_url":"https:\/\/e-cristians.cat\/wp-content\/uploads\/2022\/04\/Sermo.jpg","_links":{"self":[{"href":"https:\/\/e-cristians.cat\/es\/wp-json\/wp\/v2\/posts\/44806"}],"collection":[{"href":"https:\/\/e-cristians.cat\/es\/wp-json\/wp\/v2\/posts"}],"about":[{"href":"https:\/\/e-cristians.cat\/es\/wp-json\/wp\/v2\/types\/post"}],"author":[{"embeddable":true,"href":"https:\/\/e-cristians.cat\/es\/wp-json\/wp\/v2\/users\/2"}],"replies":[{"embeddable":true,"href":"https:\/\/e-cristians.cat\/es\/wp-json\/wp\/v2\/comments?post=44806"}],"version-history":[{"count":2,"href":"https:\/\/e-cristians.cat\/es\/wp-json\/wp\/v2\/posts\/44806\/revisions"}],"predecessor-version":[{"id":45378,"href":"https:\/\/e-cristians.cat\/es\/wp-json\/wp\/v2\/posts\/44806\/revisions\/45378"}],"wp:featuredmedia":[{"embeddable":true,"href":"https:\/\/e-cristians.cat\/es\/wp-json\/wp\/v2\/media\/44802"}],"wp:attachment":[{"href":"https:\/\/e-cristians.cat\/es\/wp-json\/wp\/v2\/media?parent=44806"}],"wp:term":[{"taxonomy":"category","embeddable":true,"href":"https:\/\/e-cristians.cat\/es\/wp-json\/wp\/v2\/categories?post=44806"},{"taxonomy":"post_tag","embeddable":true,"href":"https:\/\/e-cristians.cat\/es\/wp-json\/wp\/v2\/tags?post=44806"}],"curies":[{"name":"wp","href":"https:\/\/api.w.org\/{rel}","templated":true}]}}