{"id":50405,"date":"2022-05-18T16:18:58","date_gmt":"2022-05-18T14:18:58","guid":{"rendered":"https:\/\/e-cristians.cat\/?p=50405"},"modified":"2022-05-18T16:18:58","modified_gmt":"2022-05-18T14:18:58","slug":"aceb-si-a-la-mujer-no-mas-aborto","status":"publish","type":"post","link":"https:\/\/e-cristians.cat\/es\/aceb-si-a-la-mujer-no-mas-aborto\/","title":{"rendered":"ACEB: S\u00ed a la mujer, no m\u00e1s aborto"},"content":{"rendered":"<p>La Asociaci\u00f3n Catalana de Estudios Bio\u00e9ticos (ACEB) rechaza que el proyecto de la nueva ley presentada por el Gobierno de Espa\u00f1a promueva a\u00fan m\u00e1s el aborto.<\/p>\n<p>El Consejo de Ministros acaba de aprobar el anteproyecto de una nueva ley que regula el aborto provocado.<\/p>\n<p>Los datos del Ministerio de Sanidad indican que, en 2020, se provocaron 88.269 abortos en Espa\u00f1a. De todas las comunidades, Catalu\u00f1a es la que tiene una mayor tasa de abortos: 14,49 (por cada 1.000 mujeres de 15 a 44 a\u00f1os).<\/p>\n<p>Creemos que es necesario tener en cuenta la situaci\u00f3n de muchas mujeres que no querr\u00edan abortar pero que no reciben ning\u00fan tipo de alternativa. Suprimir los tres d\u00edas de reflexi\u00f3n antes de la intervenci\u00f3n no favorece que la decisi\u00f3n sea m\u00e1s libre, sino m\u00e1s precipitada. M\u00e1s a\u00fan si recordamos que muchas mujeres sufren despu\u00e9s secuelas psicol\u00f3gicas.<\/p>\n<p>Rebajar a los 16 a\u00f1os la edad para abortar sin el consentimiento de los progenitores no es una medida razonable. Por muchas actividades de menor trascendencia, hasta la mayor\u00eda de edad, las leyes no las permiten.<\/p>\n<p>La disminuci\u00f3n de la natalidad, bajando un 5,35% en el a\u00f1o 2020, quedando en 341.315 ni\u00f1os, es un dato que tambi\u00e9n debe hacernos reflexionar.<\/p>\n<p>La Constituci\u00f3n da protecci\u00f3n al no nacido y la sentencia del Tribunal Constitucional, sobre la ley del aborto del a\u00f1o 1985, s\u00f3lo admiti\u00f3 el aborto en unos casos en que exist\u00eda un grave conflicto entre los intereses de la mujer gestante y el feto. Mantener una ley de plazos no parece compatible con la doctrina de este Tribunal.<\/p>\n<p>El derecho a la objeci\u00f3n de conciencia tiene que ser respetado, la confecci\u00f3n de listas de objetores no respetar\u00eda el derecho a no estar obligado a declarar sobre sus propias convicciones, creencias o ideolog\u00edas. Adem\u00e1s, no es justa imposici\u00f3n de cuotas de m\u00e9dicos que deban provocar abortos.<\/p>\n<p>En la situaci\u00f3n actual, proponemos que la nueva ley favorezca con medidas concretas a las mujeres y no abocarlas a tomar una decisi\u00f3n tan traum\u00e1tica como la de abortar.<\/p>\n","protected":false},"excerpt":{"rendered":"<p>La Asociaci\u00f3n Catalana de Estudios Bio\u00e9ticos (ACEB) rechaza que el proyecto de la nueva ley presentada por el Gobierno de Espa\u00f1a promueva a\u00fan m\u00e1s el aborto. El Consejo de Ministros acaba de aprobar el anteproyecto de una nueva ley que regula el aborto provocado. Los datos del Ministerio de Sanidad indican que, en 2020, se&#8230;<\/p>\n","protected":false},"author":2,"featured_media":50406,"comment_status":"closed","ping_status":"closed","sticky":false,"template":"","format":"standard","meta":{"_jetpack_memberships_contains_paid_content":false,"footnotes":""},"categories":[33,39],"tags":[62],"class_list":["post-50405","post","type-post","status-publish","format-standard","has-post-thumbnail","hentry","category-altres-entitats-informacions-agenda-i-documents-es","category-portada_news-es","tag-aborto"],"yoast_head":"<!-- This site is optimized with the Yoast SEO plugin v20.0 - https:\/\/yoast.com\/wordpress\/plugins\/seo\/ -->\n<title>ACEB: S\u00ed a la mujer, no m\u00e1s aborto - e-Cristians<\/title>\n<meta name=\"robots\" content=\"noindex, nofollow\" \/>\n<meta property=\"og:locale\" content=\"es_ES\" \/>\n<meta property=\"og:type\" content=\"article\" \/>\n<meta property=\"og:title\" content=\"ACEB: S\u00ed a la mujer, no m\u00e1s aborto - e-Cristians\" \/>\n<meta property=\"og:description\" content=\"La Asociaci\u00f3n Catalana de Estudios Bio\u00e9ticos (ACEB) rechaza que el proyecto de la nueva ley presentada por el Gobierno de Espa\u00f1a promueva a\u00fan m\u00e1s el aborto. El Consejo de Ministros acaba de aprobar el anteproyecto de una nueva ley que regula el aborto provocado. Los datos del Ministerio de Sanidad indican que, en 2020, se...\" \/>\n<meta property=\"og:url\" content=\"https:\/\/e-cristians.cat\/es\/aceb-si-a-la-mujer-no-mas-aborto\/\" \/>\n<meta property=\"og:site_name\" content=\"e-Cristians\" \/>\n<meta property=\"article:published_time\" content=\"2022-05-18T14:18:58+00:00\" \/>\n<meta property=\"og:image\" content=\"https:\/\/e-cristians.cat\/wp-content\/uploads\/2022\/05\/egenesia-540x220-1.jpg\" \/>\n\t<meta property=\"og:image:width\" content=\"540\" \/>\n\t<meta property=\"og:image:height\" content=\"220\" \/>\n\t<meta property=\"og:image:type\" content=\"image\/jpeg\" \/>\n<meta name=\"author\" content=\"e-Cristians\" \/>\n<meta name=\"twitter:card\" content=\"summary_large_image\" \/>\n<meta name=\"twitter:label1\" content=\"Escrito por\" \/>\n\t<meta name=\"twitter:data1\" content=\"e-Cristians\" \/>\n\t<meta name=\"twitter:label2\" content=\"Tiempo de lectura\" \/>\n\t<meta name=\"twitter:data2\" content=\"2 minutos\" \/>\n<script type=\"application\/ld+json\" class=\"yoast-schema-graph\">{\"@context\":\"https:\/\/schema.org\",\"@graph\":[{\"@type\":\"WebPage\",\"@id\":\"https:\/\/e-cristians.cat\/es\/aceb-si-a-la-mujer-no-mas-aborto\/\",\"url\":\"https:\/\/e-cristians.cat\/es\/aceb-si-a-la-mujer-no-mas-aborto\/\",\"name\":\"ACEB: S\u00ed a la mujer, no m\u00e1s aborto - e-Cristians\",\"isPartOf\":{\"@id\":\"https:\/\/e-cristians.cat\/#website\"},\"datePublished\":\"2022-05-18T14:18:58+00:00\",\"dateModified\":\"2022-05-18T14:18:58+00:00\",\"author\":{\"@id\":\"https:\/\/e-cristians.cat\/#\/schema\/person\/f0ec475338e49aaef9c9dc9d9f162861\"},\"breadcrumb\":{\"@id\":\"https:\/\/e-cristians.cat\/es\/aceb-si-a-la-mujer-no-mas-aborto\/#breadcrumb\"},\"inLanguage\":\"es\",\"potentialAction\":[{\"@type\":\"ReadAction\",\"target\":[\"https:\/\/e-cristians.cat\/es\/aceb-si-a-la-mujer-no-mas-aborto\/\"]}]},{\"@type\":\"BreadcrumbList\",\"@id\":\"https:\/\/e-cristians.cat\/es\/aceb-si-a-la-mujer-no-mas-aborto\/#breadcrumb\",\"itemListElement\":[{\"@type\":\"ListItem\",\"position\":1,\"name\":\"Inici\",\"item\":\"https:\/\/e-cristians.cat\/es\/\"},{\"@type\":\"ListItem\",\"position\":2,\"name\":\"ACEB: S\u00ed a la mujer, no m\u00e1s aborto\"}]},{\"@type\":\"WebSite\",\"@id\":\"https:\/\/e-cristians.cat\/#website\",\"url\":\"https:\/\/e-cristians.cat\/\",\"name\":\"e-Cristians\",\"description\":\"\",\"potentialAction\":[{\"@type\":\"SearchAction\",\"target\":{\"@type\":\"EntryPoint\",\"urlTemplate\":\"https:\/\/e-cristians.cat\/?s={search_term_string}\"},\"query-input\":\"required name=search_term_string\"}],\"inLanguage\":\"es\"},{\"@type\":\"Person\",\"@id\":\"https:\/\/e-cristians.cat\/#\/schema\/person\/f0ec475338e49aaef9c9dc9d9f162861\",\"name\":\"e-Cristians\",\"image\":{\"@type\":\"ImageObject\",\"inLanguage\":\"es\",\"@id\":\"https:\/\/e-cristians.cat\/#\/schema\/person\/image\/\",\"url\":\"https:\/\/secure.gravatar.com\/avatar\/14bc9e5b0ca69070f1075ad3efcb33c4?s=96&d=mm&r=g\",\"contentUrl\":\"https:\/\/secure.gravatar.com\/avatar\/14bc9e5b0ca69070f1075ad3efcb33c4?s=96&d=mm&r=g\",\"caption\":\"e-Cristians\"}}]}<\/script>\n<!-- \/ Yoast SEO plugin. -->","yoast_head_json":{"title":"ACEB: S\u00ed a la mujer, no m\u00e1s aborto - e-Cristians","robots":{"index":"noindex","follow":"nofollow"},"og_locale":"es_ES","og_type":"article","og_title":"ACEB: S\u00ed a la mujer, no m\u00e1s aborto - e-Cristians","og_description":"La Asociaci\u00f3n Catalana de Estudios Bio\u00e9ticos (ACEB) rechaza que el proyecto de la nueva ley presentada por el Gobierno de Espa\u00f1a promueva a\u00fan m\u00e1s el aborto. El Consejo de Ministros acaba de aprobar el anteproyecto de una nueva ley que regula el aborto provocado. Los datos del Ministerio de Sanidad indican que, en 2020, se...","og_url":"https:\/\/e-cristians.cat\/es\/aceb-si-a-la-mujer-no-mas-aborto\/","og_site_name":"e-Cristians","article_published_time":"2022-05-18T14:18:58+00:00","og_image":[{"width":540,"height":220,"url":"https:\/\/e-cristians.cat\/wp-content\/uploads\/2022\/05\/egenesia-540x220-1.jpg","type":"image\/jpeg"}],"author":"e-Cristians","twitter_card":"summary_large_image","twitter_misc":{"Escrito por":"e-Cristians","Tiempo de lectura":"2 minutos"},"schema":{"@context":"https:\/\/schema.org","@graph":[{"@type":"WebPage","@id":"https:\/\/e-cristians.cat\/es\/aceb-si-a-la-mujer-no-mas-aborto\/","url":"https:\/\/e-cristians.cat\/es\/aceb-si-a-la-mujer-no-mas-aborto\/","name":"ACEB: S\u00ed a la mujer, no m\u00e1s aborto - e-Cristians","isPartOf":{"@id":"https:\/\/e-cristians.cat\/#website"},"datePublished":"2022-05-18T14:18:58+00:00","dateModified":"2022-05-18T14:18:58+00:00","author":{"@id":"https:\/\/e-cristians.cat\/#\/schema\/person\/f0ec475338e49aaef9c9dc9d9f162861"},"breadcrumb":{"@id":"https:\/\/e-cristians.cat\/es\/aceb-si-a-la-mujer-no-mas-aborto\/#breadcrumb"},"inLanguage":"es","potentialAction":[{"@type":"ReadAction","target":["https:\/\/e-cristians.cat\/es\/aceb-si-a-la-mujer-no-mas-aborto\/"]}]},{"@type":"BreadcrumbList","@id":"https:\/\/e-cristians.cat\/es\/aceb-si-a-la-mujer-no-mas-aborto\/#breadcrumb","itemListElement":[{"@type":"ListItem","position":1,"name":"Inici","item":"https:\/\/e-cristians.cat\/es\/"},{"@type":"ListItem","position":2,"name":"ACEB: S\u00ed a la mujer, no m\u00e1s aborto"}]},{"@type":"WebSite","@id":"https:\/\/e-cristians.cat\/#website","url":"https:\/\/e-cristians.cat\/","name":"e-Cristians","description":"","potentialAction":[{"@type":"SearchAction","target":{"@type":"EntryPoint","urlTemplate":"https:\/\/e-cristians.cat\/?s={search_term_string}"},"query-input":"required name=search_term_string"}],"inLanguage":"es"},{"@type":"Person","@id":"https:\/\/e-cristians.cat\/#\/schema\/person\/f0ec475338e49aaef9c9dc9d9f162861","name":"e-Cristians","image":{"@type":"ImageObject","inLanguage":"es","@id":"https:\/\/e-cristians.cat\/#\/schema\/person\/image\/","url":"https:\/\/secure.gravatar.com\/avatar\/14bc9e5b0ca69070f1075ad3efcb33c4?s=96&d=mm&r=g","contentUrl":"https:\/\/secure.gravatar.com\/avatar\/14bc9e5b0ca69070f1075ad3efcb33c4?s=96&d=mm&r=g","caption":"e-Cristians"}}]}},"jetpack_sharing_enabled":true,"jetpack_featured_media_url":"https:\/\/e-cristians.cat\/wp-content\/uploads\/2022\/05\/egenesia-540x220-1.jpg","_links":{"self":[{"href":"https:\/\/e-cristians.cat\/es\/wp-json\/wp\/v2\/posts\/50405"}],"collection":[{"href":"https:\/\/e-cristians.cat\/es\/wp-json\/wp\/v2\/posts"}],"about":[{"href":"https:\/\/e-cristians.cat\/es\/wp-json\/wp\/v2\/types\/post"}],"author":[{"embeddable":true,"href":"https:\/\/e-cristians.cat\/es\/wp-json\/wp\/v2\/users\/2"}],"replies":[{"embeddable":true,"href":"https:\/\/e-cristians.cat\/es\/wp-json\/wp\/v2\/comments?post=50405"}],"version-history":[{"count":2,"href":"https:\/\/e-cristians.cat\/es\/wp-json\/wp\/v2\/posts\/50405\/revisions"}],"predecessor-version":[{"id":50409,"href":"https:\/\/e-cristians.cat\/es\/wp-json\/wp\/v2\/posts\/50405\/revisions\/50409"}],"wp:featuredmedia":[{"embeddable":true,"href":"https:\/\/e-cristians.cat\/es\/wp-json\/wp\/v2\/media\/50406"}],"wp:attachment":[{"href":"https:\/\/e-cristians.cat\/es\/wp-json\/wp\/v2\/media?parent=50405"}],"wp:term":[{"taxonomy":"category","embeddable":true,"href":"https:\/\/e-cristians.cat\/es\/wp-json\/wp\/v2\/categories?post=50405"},{"taxonomy":"post_tag","embeddable":true,"href":"https:\/\/e-cristians.cat\/es\/wp-json\/wp\/v2\/tags?post=50405"}],"curies":[{"name":"wp","href":"https:\/\/api.w.org\/{rel}","templated":true}]}}