{"id":5050,"date":"2021-03-19T11:44:57","date_gmt":"2021-03-19T10:44:57","guid":{"rendered":"https:\/\/e-cristians.cat\/?p=5050"},"modified":"2021-03-19T11:53:57","modified_gmt":"2021-03-19T10:53:57","slug":"espana-el-estado-que-rompio-con-la-ley-natural","status":"publish","type":"post","link":"https:\/\/e-cristians.cat\/es\/espana-el-estado-que-rompio-con-la-ley-natural\/","title":{"rendered":"Espa\u00f1a, el estado que rompi\u00f3 con la ley natural"},"content":{"rendered":"<p><em>Josep Mir\u00f3 i Ard\u00e8vol<\/em><\/p>\n<p>Los gobiernos y los estados a los que representan pueden apartarse, en mayor o menor medida, de lo que conocemos como estado de derecho, de los Pactos de Naciones Unidas sobre los Derechos Humanos, \u00a0pero hay pa\u00edses que, cumpliendo formalmente con todo ello, o al menos con una interpretaci\u00f3n de todo ello, rompen con la ley natural, con el orden natural de las cosas. <a href=\"https:\/\/www.forumlibertas.com\/espana-el-estado-que-rompio-con-la-ley-natural\/\" target=\"_blank\" rel=\"noopener\">Leer m\u00e1s.<\/a><\/p>\n","protected":false},"excerpt":{"rendered":"<p>Josep Mir\u00f3 i Ard\u00e8vol Los gobiernos y los estados a los que representan pueden apartarse, en mayor o menor medida, de lo que conocemos como estado de derecho, de los Pactos de Naciones Unidas sobre los Derechos Humanos, \u00a0pero hay pa\u00edses que, cumpliendo formalmente con todo ello, o al menos con una interpretaci\u00f3n de todo&#8230;<\/p>\n","protected":false},"author":2,"featured_media":5051,"comment_status":"closed","ping_status":"closed","sticky":false,"template":"","format":"standard","meta":{"_jetpack_memberships_contains_paid_content":false,"footnotes":""},"categories":[34,39],"tags":[],"class_list":["post-5050","post","type-post","status-publish","format-standard","has-post-thumbnail","hentry","category-editorials-i-blogs-de-forumlibertas-es","category-portada_news-es"],"yoast_head":"<!-- This site is optimized with the Yoast SEO plugin v20.0 - https:\/\/yoast.com\/wordpress\/plugins\/seo\/ -->\n<title>Espa\u00f1a, el estado que rompi\u00f3 con la ley natural - e-Cristians<\/title>\n<meta name=\"robots\" content=\"noindex, nofollow\" \/>\n<meta property=\"og:locale\" content=\"es_ES\" \/>\n<meta property=\"og:type\" content=\"article\" \/>\n<meta property=\"og:title\" content=\"Espa\u00f1a, el estado que rompi\u00f3 con la ley natural - e-Cristians\" \/>\n<meta property=\"og:description\" content=\"Josep Mir\u00f3 i Ard\u00e8vol Los gobiernos y los estados a los que representan pueden apartarse, en mayor o menor medida, de lo que conocemos como estado de derecho, de los Pactos de Naciones Unidas sobre los Derechos Humanos, \u00a0pero hay pa\u00edses que, cumpliendo formalmente con todo ello, o al menos con una interpretaci\u00f3n de todo...\" \/>\n<meta property=\"og:url\" content=\"https:\/\/e-cristians.cat\/es\/espana-el-estado-que-rompio-con-la-ley-natural\/\" \/>\n<meta property=\"og:site_name\" content=\"e-Cristians\" \/>\n<meta property=\"article:published_time\" content=\"2021-03-19T10:44:57+00:00\" \/>\n<meta property=\"article:modified_time\" content=\"2021-03-19T10:53:57+00:00\" \/>\n<meta property=\"og:image\" content=\"https:\/\/e-cristians.cat\/wp-content\/uploads\/2021\/03\/ley-natural.jpg\" \/>\n\t<meta property=\"og:image:width\" content=\"279\" \/>\n\t<meta property=\"og:image:height\" content=\"181\" \/>\n\t<meta property=\"og:image:type\" content=\"image\/jpeg\" \/>\n<meta name=\"author\" content=\"e-Cristians\" \/>\n<meta name=\"twitter:card\" content=\"summary_large_image\" \/>\n<meta name=\"twitter:label1\" content=\"Escrito por\" \/>\n\t<meta name=\"twitter:data1\" content=\"e-Cristians\" \/>\n\t<meta name=\"twitter:label2\" content=\"Tiempo de lectura\" \/>\n\t<meta name=\"twitter:data2\" content=\"1 minuto\" \/>\n<script type=\"application\/ld+json\" class=\"yoast-schema-graph\">{\"@context\":\"https:\/\/schema.org\",\"@graph\":[{\"@type\":\"WebPage\",\"@id\":\"https:\/\/e-cristians.cat\/es\/espana-el-estado-que-rompio-con-la-ley-natural\/\",\"url\":\"https:\/\/e-cristians.cat\/es\/espana-el-estado-que-rompio-con-la-ley-natural\/\",\"name\":\"Espa\u00f1a, el estado que rompi\u00f3 con la ley natural - e-Cristians\",\"isPartOf\":{\"@id\":\"https:\/\/e-cristians.cat\/#website\"},\"datePublished\":\"2021-03-19T10:44:57+00:00\",\"dateModified\":\"2021-03-19T10:53:57+00:00\",\"author\":{\"@id\":\"https:\/\/e-cristians.cat\/#\/schema\/person\/f0ec475338e49aaef9c9dc9d9f162861\"},\"breadcrumb\":{\"@id\":\"https:\/\/e-cristians.cat\/es\/espana-el-estado-que-rompio-con-la-ley-natural\/#breadcrumb\"},\"inLanguage\":\"es\",\"potentialAction\":[{\"@type\":\"ReadAction\",\"target\":[\"https:\/\/e-cristians.cat\/es\/espana-el-estado-que-rompio-con-la-ley-natural\/\"]}]},{\"@type\":\"BreadcrumbList\",\"@id\":\"https:\/\/e-cristians.cat\/es\/espana-el-estado-que-rompio-con-la-ley-natural\/#breadcrumb\",\"itemListElement\":[{\"@type\":\"ListItem\",\"position\":1,\"name\":\"Inici\",\"item\":\"https:\/\/e-cristians.cat\/es\/\"},{\"@type\":\"ListItem\",\"position\":2,\"name\":\"Espa\u00f1a, el estado que rompi\u00f3 con la ley natural\"}]},{\"@type\":\"WebSite\",\"@id\":\"https:\/\/e-cristians.cat\/#website\",\"url\":\"https:\/\/e-cristians.cat\/\",\"name\":\"e-Cristians\",\"description\":\"\",\"potentialAction\":[{\"@type\":\"SearchAction\",\"target\":{\"@type\":\"EntryPoint\",\"urlTemplate\":\"https:\/\/e-cristians.cat\/?s={search_term_string}\"},\"query-input\":\"required name=search_term_string\"}],\"inLanguage\":\"es\"},{\"@type\":\"Person\",\"@id\":\"https:\/\/e-cristians.cat\/#\/schema\/person\/f0ec475338e49aaef9c9dc9d9f162861\",\"name\":\"e-Cristians\",\"image\":{\"@type\":\"ImageObject\",\"inLanguage\":\"es\",\"@id\":\"https:\/\/e-cristians.cat\/#\/schema\/person\/image\/\",\"url\":\"https:\/\/secure.gravatar.com\/avatar\/14bc9e5b0ca69070f1075ad3efcb33c4?s=96&d=mm&r=g\",\"contentUrl\":\"https:\/\/secure.gravatar.com\/avatar\/14bc9e5b0ca69070f1075ad3efcb33c4?s=96&d=mm&r=g\",\"caption\":\"e-Cristians\"}}]}<\/script>\n<!-- \/ Yoast SEO plugin. -->","yoast_head_json":{"title":"Espa\u00f1a, el estado que rompi\u00f3 con la ley natural - e-Cristians","robots":{"index":"noindex","follow":"nofollow"},"og_locale":"es_ES","og_type":"article","og_title":"Espa\u00f1a, el estado que rompi\u00f3 con la ley natural - e-Cristians","og_description":"Josep Mir\u00f3 i Ard\u00e8vol Los gobiernos y los estados a los que representan pueden apartarse, en mayor o menor medida, de lo que conocemos como estado de derecho, de los Pactos de Naciones Unidas sobre los Derechos Humanos, \u00a0pero hay pa\u00edses que, cumpliendo formalmente con todo ello, o al menos con una interpretaci\u00f3n de todo...","og_url":"https:\/\/e-cristians.cat\/es\/espana-el-estado-que-rompio-con-la-ley-natural\/","og_site_name":"e-Cristians","article_published_time":"2021-03-19T10:44:57+00:00","article_modified_time":"2021-03-19T10:53:57+00:00","og_image":[{"width":279,"height":181,"url":"https:\/\/e-cristians.cat\/wp-content\/uploads\/2021\/03\/ley-natural.jpg","type":"image\/jpeg"}],"author":"e-Cristians","twitter_card":"summary_large_image","twitter_misc":{"Escrito por":"e-Cristians","Tiempo de lectura":"1 minuto"},"schema":{"@context":"https:\/\/schema.org","@graph":[{"@type":"WebPage","@id":"https:\/\/e-cristians.cat\/es\/espana-el-estado-que-rompio-con-la-ley-natural\/","url":"https:\/\/e-cristians.cat\/es\/espana-el-estado-que-rompio-con-la-ley-natural\/","name":"Espa\u00f1a, el estado que rompi\u00f3 con la ley natural - e-Cristians","isPartOf":{"@id":"https:\/\/e-cristians.cat\/#website"},"datePublished":"2021-03-19T10:44:57+00:00","dateModified":"2021-03-19T10:53:57+00:00","author":{"@id":"https:\/\/e-cristians.cat\/#\/schema\/person\/f0ec475338e49aaef9c9dc9d9f162861"},"breadcrumb":{"@id":"https:\/\/e-cristians.cat\/es\/espana-el-estado-que-rompio-con-la-ley-natural\/#breadcrumb"},"inLanguage":"es","potentialAction":[{"@type":"ReadAction","target":["https:\/\/e-cristians.cat\/es\/espana-el-estado-que-rompio-con-la-ley-natural\/"]}]},{"@type":"BreadcrumbList","@id":"https:\/\/e-cristians.cat\/es\/espana-el-estado-que-rompio-con-la-ley-natural\/#breadcrumb","itemListElement":[{"@type":"ListItem","position":1,"name":"Inici","item":"https:\/\/e-cristians.cat\/es\/"},{"@type":"ListItem","position":2,"name":"Espa\u00f1a, el estado que rompi\u00f3 con la ley natural"}]},{"@type":"WebSite","@id":"https:\/\/e-cristians.cat\/#website","url":"https:\/\/e-cristians.cat\/","name":"e-Cristians","description":"","potentialAction":[{"@type":"SearchAction","target":{"@type":"EntryPoint","urlTemplate":"https:\/\/e-cristians.cat\/?s={search_term_string}"},"query-input":"required name=search_term_string"}],"inLanguage":"es"},{"@type":"Person","@id":"https:\/\/e-cristians.cat\/#\/schema\/person\/f0ec475338e49aaef9c9dc9d9f162861","name":"e-Cristians","image":{"@type":"ImageObject","inLanguage":"es","@id":"https:\/\/e-cristians.cat\/#\/schema\/person\/image\/","url":"https:\/\/secure.gravatar.com\/avatar\/14bc9e5b0ca69070f1075ad3efcb33c4?s=96&d=mm&r=g","contentUrl":"https:\/\/secure.gravatar.com\/avatar\/14bc9e5b0ca69070f1075ad3efcb33c4?s=96&d=mm&r=g","caption":"e-Cristians"}}]}},"jetpack_sharing_enabled":true,"jetpack_featured_media_url":"https:\/\/e-cristians.cat\/wp-content\/uploads\/2021\/03\/ley-natural.jpg","_links":{"self":[{"href":"https:\/\/e-cristians.cat\/es\/wp-json\/wp\/v2\/posts\/5050"}],"collection":[{"href":"https:\/\/e-cristians.cat\/es\/wp-json\/wp\/v2\/posts"}],"about":[{"href":"https:\/\/e-cristians.cat\/es\/wp-json\/wp\/v2\/types\/post"}],"author":[{"embeddable":true,"href":"https:\/\/e-cristians.cat\/es\/wp-json\/wp\/v2\/users\/2"}],"replies":[{"embeddable":true,"href":"https:\/\/e-cristians.cat\/es\/wp-json\/wp\/v2\/comments?post=5050"}],"version-history":[{"count":1,"href":"https:\/\/e-cristians.cat\/es\/wp-json\/wp\/v2\/posts\/5050\/revisions"}],"predecessor-version":[{"id":5053,"href":"https:\/\/e-cristians.cat\/es\/wp-json\/wp\/v2\/posts\/5050\/revisions\/5053"}],"wp:featuredmedia":[{"embeddable":true,"href":"https:\/\/e-cristians.cat\/es\/wp-json\/wp\/v2\/media\/5051"}],"wp:attachment":[{"href":"https:\/\/e-cristians.cat\/es\/wp-json\/wp\/v2\/media?parent=5050"}],"wp:term":[{"taxonomy":"category","embeddable":true,"href":"https:\/\/e-cristians.cat\/es\/wp-json\/wp\/v2\/categories?post=5050"},{"taxonomy":"post_tag","embeddable":true,"href":"https:\/\/e-cristians.cat\/es\/wp-json\/wp\/v2\/tags?post=5050"}],"curies":[{"name":"wp","href":"https:\/\/api.w.org\/{rel}","templated":true}]}}