{"id":50523,"date":"2022-05-19T13:52:24","date_gmt":"2022-05-19T11:52:24","guid":{"rendered":"https:\/\/e-cristians.cat\/?p=50523"},"modified":"2022-05-19T13:52:24","modified_gmt":"2022-05-19T11:52:24","slug":"26-de-junio-todos-a-madrid","status":"publish","type":"post","link":"https:\/\/e-cristians.cat\/es\/26-de-junio-todos-a-madrid\/","title":{"rendered":"26 de junio, todos a Madrid"},"content":{"rendered":"<p><em>ForumLibertas.com<\/em><\/p>\n<p>Para el\u00a0<strong>26 de junio<\/strong>, tres grandes Plataformas llaman a manifestarse en Madrid. Se trata de la\u00a0<strong>Asamblea de Asociaciones por la Vida y la Dignidad<\/strong>, que agrupa a m\u00e1s de un centenar de asociaciones, desde las que son de \u00e1mbito local hasta las de mayor dimensi\u00f3n, como la Asociaci\u00f3n Cat\u00f3lica de Propagandistas, la Federaci\u00f3n Espa\u00f1ola de Asociaciones Provida, el Foro de la Familia; de car\u00e1cter europeo como One of Us, que promueven pol\u00edticas basadas en la doctrina social de la Iglesia, como Cristianos en Democracia y e-Cristians, as\u00ed como fundaciones como Villacisneros. Tambi\u00e9n convoca <strong>Neos<\/strong>, la plataforma que trabaja para construir una alternativa cultural en Espa\u00f1a. El tercer componente es la denominaci\u00f3n especifica que agrupa a organizaciones provida,\u00a0<strong>Cada Vida Importa. <\/strong><a href=\"https:\/\/www.forumlibertas.com\/26-de-junio-todos-a-madrid\/\" target=\"_blank\" rel=\"noopener\">Leer m\u00e1s.<\/a><\/p>\n","protected":false},"excerpt":{"rendered":"<p>ForumLibertas.com Para el\u00a026 de junio, tres grandes Plataformas llaman a manifestarse en Madrid. Se trata de la\u00a0Asamblea de Asociaciones por la Vida y la Dignidad, que agrupa a m\u00e1s de un centenar de asociaciones, desde las que son de \u00e1mbito local hasta las de mayor dimensi\u00f3n, como la Asociaci\u00f3n Cat\u00f3lica de Propagandistas, la Federaci\u00f3n Espa\u00f1ola&#8230;<\/p>\n","protected":false},"author":2,"featured_media":50509,"comment_status":"closed","ping_status":"closed","sticky":false,"template":"","format":"standard","meta":{"_jetpack_memberships_contains_paid_content":false,"footnotes":""},"categories":[34,39],"tags":[62],"class_list":["post-50523","post","type-post","status-publish","format-standard","has-post-thumbnail","hentry","category-editorials-i-blogs-de-forumlibertas-es","category-portada_news-es","tag-aborto"],"yoast_head":"<!-- This site is optimized with the Yoast SEO plugin v20.0 - https:\/\/yoast.com\/wordpress\/plugins\/seo\/ -->\n<title>26 de junio, todos a Madrid - e-Cristians<\/title>\n<meta name=\"robots\" content=\"noindex, nofollow\" \/>\n<meta property=\"og:locale\" content=\"es_ES\" \/>\n<meta property=\"og:type\" content=\"article\" \/>\n<meta property=\"og:title\" content=\"26 de junio, todos a Madrid - e-Cristians\" \/>\n<meta property=\"og:description\" content=\"ForumLibertas.com Para el\u00a026 de junio, tres grandes Plataformas llaman a manifestarse en Madrid. Se trata de la\u00a0Asamblea de Asociaciones por la Vida y la Dignidad, que agrupa a m\u00e1s de un centenar de asociaciones, desde las que son de \u00e1mbito local hasta las de mayor dimensi\u00f3n, como la Asociaci\u00f3n Cat\u00f3lica de Propagandistas, la Federaci\u00f3n Espa\u00f1ola...\" \/>\n<meta property=\"og:url\" content=\"https:\/\/e-cristians.cat\/es\/26-de-junio-todos-a-madrid\/\" \/>\n<meta property=\"og:site_name\" content=\"e-Cristians\" \/>\n<meta property=\"article:published_time\" content=\"2022-05-19T11:52:24+00:00\" \/>\n<meta property=\"og:image\" content=\"https:\/\/e-cristians.cat\/wp-content\/uploads\/2022\/05\/Claim-movilizacion-750x500-1-600x337-1.jpg\" \/>\n\t<meta property=\"og:image:width\" content=\"600\" \/>\n\t<meta property=\"og:image:height\" content=\"337\" \/>\n\t<meta property=\"og:image:type\" content=\"image\/jpeg\" \/>\n<meta name=\"author\" content=\"e-Cristians\" \/>\n<meta name=\"twitter:card\" content=\"summary_large_image\" \/>\n<meta name=\"twitter:label1\" content=\"Escrito por\" \/>\n\t<meta name=\"twitter:data1\" content=\"e-Cristians\" \/>\n\t<meta name=\"twitter:label2\" content=\"Tiempo de lectura\" \/>\n\t<meta name=\"twitter:data2\" content=\"1 minuto\" \/>\n<script type=\"application\/ld+json\" class=\"yoast-schema-graph\">{\"@context\":\"https:\/\/schema.org\",\"@graph\":[{\"@type\":\"WebPage\",\"@id\":\"https:\/\/e-cristians.cat\/es\/26-de-junio-todos-a-madrid\/\",\"url\":\"https:\/\/e-cristians.cat\/es\/26-de-junio-todos-a-madrid\/\",\"name\":\"26 de junio, todos a Madrid - e-Cristians\",\"isPartOf\":{\"@id\":\"https:\/\/e-cristians.cat\/#website\"},\"datePublished\":\"2022-05-19T11:52:24+00:00\",\"dateModified\":\"2022-05-19T11:52:24+00:00\",\"author\":{\"@id\":\"https:\/\/e-cristians.cat\/#\/schema\/person\/f0ec475338e49aaef9c9dc9d9f162861\"},\"breadcrumb\":{\"@id\":\"https:\/\/e-cristians.cat\/es\/26-de-junio-todos-a-madrid\/#breadcrumb\"},\"inLanguage\":\"es\",\"potentialAction\":[{\"@type\":\"ReadAction\",\"target\":[\"https:\/\/e-cristians.cat\/es\/26-de-junio-todos-a-madrid\/\"]}]},{\"@type\":\"BreadcrumbList\",\"@id\":\"https:\/\/e-cristians.cat\/es\/26-de-junio-todos-a-madrid\/#breadcrumb\",\"itemListElement\":[{\"@type\":\"ListItem\",\"position\":1,\"name\":\"Inici\",\"item\":\"https:\/\/e-cristians.cat\/es\/\"},{\"@type\":\"ListItem\",\"position\":2,\"name\":\"26 de junio, todos a Madrid\"}]},{\"@type\":\"WebSite\",\"@id\":\"https:\/\/e-cristians.cat\/#website\",\"url\":\"https:\/\/e-cristians.cat\/\",\"name\":\"e-Cristians\",\"description\":\"\",\"potentialAction\":[{\"@type\":\"SearchAction\",\"target\":{\"@type\":\"EntryPoint\",\"urlTemplate\":\"https:\/\/e-cristians.cat\/?s={search_term_string}\"},\"query-input\":\"required name=search_term_string\"}],\"inLanguage\":\"es\"},{\"@type\":\"Person\",\"@id\":\"https:\/\/e-cristians.cat\/#\/schema\/person\/f0ec475338e49aaef9c9dc9d9f162861\",\"name\":\"e-Cristians\",\"image\":{\"@type\":\"ImageObject\",\"inLanguage\":\"es\",\"@id\":\"https:\/\/e-cristians.cat\/#\/schema\/person\/image\/\",\"url\":\"https:\/\/secure.gravatar.com\/avatar\/14bc9e5b0ca69070f1075ad3efcb33c4?s=96&d=mm&r=g\",\"contentUrl\":\"https:\/\/secure.gravatar.com\/avatar\/14bc9e5b0ca69070f1075ad3efcb33c4?s=96&d=mm&r=g\",\"caption\":\"e-Cristians\"}}]}<\/script>\n<!-- \/ Yoast SEO plugin. -->","yoast_head_json":{"title":"26 de junio, todos a Madrid - e-Cristians","robots":{"index":"noindex","follow":"nofollow"},"og_locale":"es_ES","og_type":"article","og_title":"26 de junio, todos a Madrid - e-Cristians","og_description":"ForumLibertas.com Para el\u00a026 de junio, tres grandes Plataformas llaman a manifestarse en Madrid. Se trata de la\u00a0Asamblea de Asociaciones por la Vida y la Dignidad, que agrupa a m\u00e1s de un centenar de asociaciones, desde las que son de \u00e1mbito local hasta las de mayor dimensi\u00f3n, como la Asociaci\u00f3n Cat\u00f3lica de Propagandistas, la Federaci\u00f3n Espa\u00f1ola...","og_url":"https:\/\/e-cristians.cat\/es\/26-de-junio-todos-a-madrid\/","og_site_name":"e-Cristians","article_published_time":"2022-05-19T11:52:24+00:00","og_image":[{"width":600,"height":337,"url":"https:\/\/e-cristians.cat\/wp-content\/uploads\/2022\/05\/Claim-movilizacion-750x500-1-600x337-1.jpg","type":"image\/jpeg"}],"author":"e-Cristians","twitter_card":"summary_large_image","twitter_misc":{"Escrito por":"e-Cristians","Tiempo de lectura":"1 minuto"},"schema":{"@context":"https:\/\/schema.org","@graph":[{"@type":"WebPage","@id":"https:\/\/e-cristians.cat\/es\/26-de-junio-todos-a-madrid\/","url":"https:\/\/e-cristians.cat\/es\/26-de-junio-todos-a-madrid\/","name":"26 de junio, todos a Madrid - e-Cristians","isPartOf":{"@id":"https:\/\/e-cristians.cat\/#website"},"datePublished":"2022-05-19T11:52:24+00:00","dateModified":"2022-05-19T11:52:24+00:00","author":{"@id":"https:\/\/e-cristians.cat\/#\/schema\/person\/f0ec475338e49aaef9c9dc9d9f162861"},"breadcrumb":{"@id":"https:\/\/e-cristians.cat\/es\/26-de-junio-todos-a-madrid\/#breadcrumb"},"inLanguage":"es","potentialAction":[{"@type":"ReadAction","target":["https:\/\/e-cristians.cat\/es\/26-de-junio-todos-a-madrid\/"]}]},{"@type":"BreadcrumbList","@id":"https:\/\/e-cristians.cat\/es\/26-de-junio-todos-a-madrid\/#breadcrumb","itemListElement":[{"@type":"ListItem","position":1,"name":"Inici","item":"https:\/\/e-cristians.cat\/es\/"},{"@type":"ListItem","position":2,"name":"26 de junio, todos a Madrid"}]},{"@type":"WebSite","@id":"https:\/\/e-cristians.cat\/#website","url":"https:\/\/e-cristians.cat\/","name":"e-Cristians","description":"","potentialAction":[{"@type":"SearchAction","target":{"@type":"EntryPoint","urlTemplate":"https:\/\/e-cristians.cat\/?s={search_term_string}"},"query-input":"required name=search_term_string"}],"inLanguage":"es"},{"@type":"Person","@id":"https:\/\/e-cristians.cat\/#\/schema\/person\/f0ec475338e49aaef9c9dc9d9f162861","name":"e-Cristians","image":{"@type":"ImageObject","inLanguage":"es","@id":"https:\/\/e-cristians.cat\/#\/schema\/person\/image\/","url":"https:\/\/secure.gravatar.com\/avatar\/14bc9e5b0ca69070f1075ad3efcb33c4?s=96&d=mm&r=g","contentUrl":"https:\/\/secure.gravatar.com\/avatar\/14bc9e5b0ca69070f1075ad3efcb33c4?s=96&d=mm&r=g","caption":"e-Cristians"}}]}},"jetpack_sharing_enabled":true,"jetpack_featured_media_url":"https:\/\/e-cristians.cat\/wp-content\/uploads\/2022\/05\/Claim-movilizacion-750x500-1-600x337-1.jpg","_links":{"self":[{"href":"https:\/\/e-cristians.cat\/es\/wp-json\/wp\/v2\/posts\/50523"}],"collection":[{"href":"https:\/\/e-cristians.cat\/es\/wp-json\/wp\/v2\/posts"}],"about":[{"href":"https:\/\/e-cristians.cat\/es\/wp-json\/wp\/v2\/types\/post"}],"author":[{"embeddable":true,"href":"https:\/\/e-cristians.cat\/es\/wp-json\/wp\/v2\/users\/2"}],"replies":[{"embeddable":true,"href":"https:\/\/e-cristians.cat\/es\/wp-json\/wp\/v2\/comments?post=50523"}],"version-history":[{"count":1,"href":"https:\/\/e-cristians.cat\/es\/wp-json\/wp\/v2\/posts\/50523\/revisions"}],"predecessor-version":[{"id":50525,"href":"https:\/\/e-cristians.cat\/es\/wp-json\/wp\/v2\/posts\/50523\/revisions\/50525"}],"wp:featuredmedia":[{"embeddable":true,"href":"https:\/\/e-cristians.cat\/es\/wp-json\/wp\/v2\/media\/50509"}],"wp:attachment":[{"href":"https:\/\/e-cristians.cat\/es\/wp-json\/wp\/v2\/media?parent=50523"}],"wp:term":[{"taxonomy":"category","embeddable":true,"href":"https:\/\/e-cristians.cat\/es\/wp-json\/wp\/v2\/categories?post=50523"},{"taxonomy":"post_tag","embeddable":true,"href":"https:\/\/e-cristians.cat\/es\/wp-json\/wp\/v2\/tags?post=50523"}],"curies":[{"name":"wp","href":"https:\/\/api.w.org\/{rel}","templated":true}]}}