{"id":51307,"date":"2022-05-31T16:33:56","date_gmt":"2022-05-31T14:33:56","guid":{"rendered":"https:\/\/e-cristians.cat\/?p=51307"},"modified":"2022-06-09T15:54:11","modified_gmt":"2022-06-09T13:54:11","slug":"reunion-ambito-catalan-para-la-preparacion-de-la-manifestacion-del-26-de-junio-de-2022-en-madrid","status":"publish","type":"post","link":"https:\/\/e-cristians.cat\/es\/reunion-ambito-catalan-para-la-preparacion-de-la-manifestacion-del-26-de-junio-de-2022-en-madrid\/","title":{"rendered":"Reuni\u00f3n (\u00e1mbito catal\u00e1n) para la preparaci\u00f3n de la Manifestaci\u00f3n del 26 de junio de 2022 en Madrid"},"content":{"rendered":"<p>Dos grandes plataformas, la Asamblea por la Vida, la Libertad y la Dignidad, y NEOS, as\u00ed como la asociaci\u00f3n europea One of Us, Cada Vida Importa y la Federaci\u00f3n de Asociaciones Pro Vida, de Foro de la , entre otros, hemos convocado una gran <strong>manifestaci\u00f3n el 26 de junio en Madrid a las 12h.<\/strong><\/p>\n<p>El principal motivo de hacernos presentes en la calle es la preparaci\u00f3n de una nueva ley del aborto.<\/p>\n<p><strong>Es ins\u00f3lito<\/strong> realizar una nueva ley sobre el aborto cuando la ley vigente est\u00e1 pendiente de un recurso de inconstitucionalidad. Esto no es respetuoso con la divisi\u00f3n de poderes y, por tanto, con la democracia. No esperar que se establezca su jurisprudencia es una manera de mediatizar la justicia y nuestros derechos.<\/p>\n<p><strong>Es escandaloso<\/strong> legislar que puedan <strong>abortar chicas de 16 a\u00f1os sin conocimiento del padre y la madre<\/strong>, cuando por cosas de mucha menos trascendencia es imprescindible su permiso.<\/p>\n<p><strong>Es una obstrucci\u00f3n<\/strong> a la libertad eliminar el per\u00edodo de reflexi\u00f3n de tres d\u00edas y suprimir la entrega del sobre con informaci\u00f3n sobre las ayudas a la maternidad. Esto invita a una decisi\u00f3n m\u00e1s precipitada y con menos conocimiento de la realidad.<\/p>\n<p><strong>Es injusta<\/strong>\u00a0la obligaci\u00f3n\u00a0de declarar las\u00a0propias\u00a0convicciones en un registro de objetores. Esto significa mayor control pol\u00edtico y el riesgo de discriminaci\u00f3n profesional. Se crea una situaci\u00f3n de se\u00f1alizaci\u00f3n y persecuci\u00f3n contra los m\u00e9dicos y profesionales de la salud que quieren respetar el derecho a la vida.<\/p>\n<p><strong>Es un paso m\u00e1s al difundir la muerte<\/strong>. La nueva ley favorece m\u00e1s el aborto y se suma a la ley a favor de la eutanasia y el suicidio asistido, a la ley de ense\u00f1anza que quiere eliminar la escuela concertada y la libertad en el ideario, al recorte de la patria potestad por medio de las diversas normativas aprobadas, a la persecuci\u00f3n penal de las personas que ofrecen ayuda a las mujeres que acuden a centros de aborto, a la manipulaci\u00f3n de los ni\u00f1os en la escuela con el adoctrinamiento en la ideolog\u00eda de g\u00e9nero &#8230; El listado es largo y, en definitiva, indica la voluntad de imponer un modelo de sociedad, contrario a la ley natural y la antropolog\u00eda humana, que tiene adem\u00e1s una clara fijaci\u00f3n anticristiana.<\/p>\n<p>Es hora de <strong>manifestar nuestro total desacuerdo<\/strong>, con fuerza y \u200b\u200bcon un estilo respetuoso, propio de quienes defendemos la sociedad de la vida. Si ahora no nos manifestamos, \u00bfcu\u00e1ndo lo haremos? Hay muchos motivos.<\/p>\n<p>Por todas estas razones, <strong>te invitamos a participar en la reuni\u00f3n de coordinaci\u00f3n para acudir el 26 de junio a Madrid.<\/strong><\/p>\n<p>Ser\u00e1 una <strong>reuni\u00f3n<\/strong> que haremos por <strong>Zoom<\/strong> el pr\u00f3ximo d\u00eda <strong>7 de junio a las 19h.<\/strong> <span style=\"text-decoration: underline;\">Para participar es necesario enviar un e-mail a <a href=\"mailto:secretaria@e-cristians.net\" target=\"_blank\" rel=\"noopener\">secretaria@e-cristians.net<\/a> y recibir\u00e1s el enlace.<\/span><\/p>\n<p>Tambi\u00e9n puedes comunicarlo a otras entidades del \u00e1mbito catal\u00e1n que tengan inter\u00e9s en promover la cultura de la vida.<\/p>\n","protected":false},"excerpt":{"rendered":"<p>Dos grandes plataformas, la Asamblea por la Vida, la Libertad y la Dignidad, y NEOS, as\u00ed como la asociaci\u00f3n europea One of Us, Cada Vida Importa y la Federaci\u00f3n de Asociaciones Pro Vida, de Foro de la , entre otros, hemos convocado una gran manifestaci\u00f3n el 26 de junio en Madrid a las 12h. El&#8230;<\/p>\n","protected":false},"author":2,"featured_media":51302,"comment_status":"closed","ping_status":"closed","sticky":false,"template":"","format":"standard","meta":{"_jetpack_memberships_contains_paid_content":false,"footnotes":""},"categories":[26],"tags":[62,300],"class_list":["post-51307","post","type-post","status-publish","format-standard","has-post-thumbnail","hentry","category-avortament-es","tag-aborto","tag-manifestacion-madrid"],"yoast_head":"<!-- This site is optimized with the Yoast SEO plugin v20.0 - https:\/\/yoast.com\/wordpress\/plugins\/seo\/ -->\n<title>Reuni\u00f3n (\u00e1mbito catal\u00e1n) para la preparaci\u00f3n de la Manifestaci\u00f3n del 26 de junio de 2022 en Madrid - e-Cristians<\/title>\n<meta name=\"description\" content=\"Dos grandes plataformas, la Asamblea por la Vida, la Libertad y la Dignidad, y NEOS, as\u00ed como la asociaci\u00f3n europea One of Us\" \/>\n<meta name=\"robots\" content=\"index, follow, max-snippet:-1, max-image-preview:large, max-video-preview:-1\" \/>\n<link rel=\"canonical\" href=\"https:\/\/e-cristians.cat\/es\/reunion-ambito-catalan-para-la-preparacion-de-la-manifestacion-del-26-de-junio-de-2022-en-madrid\/\" \/>\n<meta property=\"og:locale\" content=\"es_ES\" \/>\n<meta property=\"og:type\" content=\"article\" \/>\n<meta property=\"og:title\" content=\"Reuni\u00f3n (\u00e1mbito catal\u00e1n) para la preparaci\u00f3n de la Manifestaci\u00f3n del 26 de junio de 2022 en Madrid - e-Cristians\" \/>\n<meta property=\"og:description\" content=\"Dos grandes plataformas, la Asamblea por la Vida, la Libertad y la Dignidad, y NEOS, as\u00ed como la asociaci\u00f3n europea One of Us\" \/>\n<meta property=\"og:url\" content=\"https:\/\/e-cristians.cat\/es\/reunion-ambito-catalan-para-la-preparacion-de-la-manifestacion-del-26-de-junio-de-2022-en-madrid\/\" \/>\n<meta property=\"og:site_name\" content=\"e-Cristians\" \/>\n<meta property=\"article:published_time\" content=\"2022-05-31T14:33:56+00:00\" \/>\n<meta property=\"article:modified_time\" content=\"2022-06-09T13:54:11+00:00\" \/>\n<meta property=\"og:image\" content=\"https:\/\/e-cristians.cat\/wp-content\/uploads\/2022\/05\/logoGC.jpg\" \/>\n\t<meta property=\"og:image:width\" content=\"318\" \/>\n\t<meta property=\"og:image:height\" content=\"209\" \/>\n\t<meta property=\"og:image:type\" content=\"image\/jpeg\" \/>\n<meta name=\"author\" content=\"e-Cristians\" \/>\n<meta name=\"twitter:card\" content=\"summary_large_image\" \/>\n<meta name=\"twitter:label1\" content=\"Escrito por\" \/>\n\t<meta name=\"twitter:data1\" content=\"e-Cristians\" \/>\n\t<meta name=\"twitter:label2\" content=\"Tiempo de lectura\" \/>\n\t<meta name=\"twitter:data2\" content=\"3 minutos\" \/>\n<script type=\"application\/ld+json\" class=\"yoast-schema-graph\">{\"@context\":\"https:\/\/schema.org\",\"@graph\":[{\"@type\":\"WebPage\",\"@id\":\"https:\/\/e-cristians.cat\/es\/reunion-ambito-catalan-para-la-preparacion-de-la-manifestacion-del-26-de-junio-de-2022-en-madrid\/\",\"url\":\"https:\/\/e-cristians.cat\/es\/reunion-ambito-catalan-para-la-preparacion-de-la-manifestacion-del-26-de-junio-de-2022-en-madrid\/\",\"name\":\"Reuni\u00f3n (\u00e1mbito catal\u00e1n) para la preparaci\u00f3n de la Manifestaci\u00f3n del 26 de junio de 2022 en Madrid - e-Cristians\",\"isPartOf\":{\"@id\":\"https:\/\/e-cristians.cat\/#website\"},\"datePublished\":\"2022-05-31T14:33:56+00:00\",\"dateModified\":\"2022-06-09T13:54:11+00:00\",\"author\":{\"@id\":\"https:\/\/e-cristians.cat\/#\/schema\/person\/f0ec475338e49aaef9c9dc9d9f162861\"},\"description\":\"Dos grandes plataformas, la Asamblea por la Vida, la Libertad y la Dignidad, y NEOS, as\u00ed como la asociaci\u00f3n europea One of Us\",\"breadcrumb\":{\"@id\":\"https:\/\/e-cristians.cat\/es\/reunion-ambito-catalan-para-la-preparacion-de-la-manifestacion-del-26-de-junio-de-2022-en-madrid\/#breadcrumb\"},\"inLanguage\":\"es\",\"potentialAction\":[{\"@type\":\"ReadAction\",\"target\":[\"https:\/\/e-cristians.cat\/es\/reunion-ambito-catalan-para-la-preparacion-de-la-manifestacion-del-26-de-junio-de-2022-en-madrid\/\"]}]},{\"@type\":\"BreadcrumbList\",\"@id\":\"https:\/\/e-cristians.cat\/es\/reunion-ambito-catalan-para-la-preparacion-de-la-manifestacion-del-26-de-junio-de-2022-en-madrid\/#breadcrumb\",\"itemListElement\":[{\"@type\":\"ListItem\",\"position\":1,\"name\":\"Inici\",\"item\":\"https:\/\/e-cristians.cat\/es\/\"},{\"@type\":\"ListItem\",\"position\":2,\"name\":\"Reuni\u00f3n (\u00e1mbito catal\u00e1n) para la preparaci\u00f3n de la Manifestaci\u00f3n del 26 de junio de 2022 en Madrid\"}]},{\"@type\":\"WebSite\",\"@id\":\"https:\/\/e-cristians.cat\/#website\",\"url\":\"https:\/\/e-cristians.cat\/\",\"name\":\"e-Cristians\",\"description\":\"\",\"potentialAction\":[{\"@type\":\"SearchAction\",\"target\":{\"@type\":\"EntryPoint\",\"urlTemplate\":\"https:\/\/e-cristians.cat\/?s={search_term_string}\"},\"query-input\":\"required name=search_term_string\"}],\"inLanguage\":\"es\"},{\"@type\":\"Person\",\"@id\":\"https:\/\/e-cristians.cat\/#\/schema\/person\/f0ec475338e49aaef9c9dc9d9f162861\",\"name\":\"e-Cristians\",\"image\":{\"@type\":\"ImageObject\",\"inLanguage\":\"es\",\"@id\":\"https:\/\/e-cristians.cat\/#\/schema\/person\/image\/\",\"url\":\"https:\/\/secure.gravatar.com\/avatar\/14bc9e5b0ca69070f1075ad3efcb33c4?s=96&d=mm&r=g\",\"contentUrl\":\"https:\/\/secure.gravatar.com\/avatar\/14bc9e5b0ca69070f1075ad3efcb33c4?s=96&d=mm&r=g\",\"caption\":\"e-Cristians\"}}]}<\/script>\n<!-- \/ Yoast SEO plugin. -->","yoast_head_json":{"title":"Reuni\u00f3n (\u00e1mbito catal\u00e1n) para la preparaci\u00f3n de la Manifestaci\u00f3n del 26 de junio de 2022 en Madrid - e-Cristians","description":"Dos grandes plataformas, la Asamblea por la Vida, la Libertad y la Dignidad, y NEOS, as\u00ed como la asociaci\u00f3n europea One of Us","robots":{"index":"index","follow":"follow","max-snippet":"max-snippet:-1","max-image-preview":"max-image-preview:large","max-video-preview":"max-video-preview:-1"},"canonical":"https:\/\/e-cristians.cat\/es\/reunion-ambito-catalan-para-la-preparacion-de-la-manifestacion-del-26-de-junio-de-2022-en-madrid\/","og_locale":"es_ES","og_type":"article","og_title":"Reuni\u00f3n (\u00e1mbito catal\u00e1n) para la preparaci\u00f3n de la Manifestaci\u00f3n del 26 de junio de 2022 en Madrid - e-Cristians","og_description":"Dos grandes plataformas, la Asamblea por la Vida, la Libertad y la Dignidad, y NEOS, as\u00ed como la asociaci\u00f3n europea One of Us","og_url":"https:\/\/e-cristians.cat\/es\/reunion-ambito-catalan-para-la-preparacion-de-la-manifestacion-del-26-de-junio-de-2022-en-madrid\/","og_site_name":"e-Cristians","article_published_time":"2022-05-31T14:33:56+00:00","article_modified_time":"2022-06-09T13:54:11+00:00","og_image":[{"width":318,"height":209,"url":"https:\/\/e-cristians.cat\/wp-content\/uploads\/2022\/05\/logoGC.jpg","type":"image\/jpeg"}],"author":"e-Cristians","twitter_card":"summary_large_image","twitter_misc":{"Escrito por":"e-Cristians","Tiempo de lectura":"3 minutos"},"schema":{"@context":"https:\/\/schema.org","@graph":[{"@type":"WebPage","@id":"https:\/\/e-cristians.cat\/es\/reunion-ambito-catalan-para-la-preparacion-de-la-manifestacion-del-26-de-junio-de-2022-en-madrid\/","url":"https:\/\/e-cristians.cat\/es\/reunion-ambito-catalan-para-la-preparacion-de-la-manifestacion-del-26-de-junio-de-2022-en-madrid\/","name":"Reuni\u00f3n (\u00e1mbito catal\u00e1n) para la preparaci\u00f3n de la Manifestaci\u00f3n del 26 de junio de 2022 en Madrid - e-Cristians","isPartOf":{"@id":"https:\/\/e-cristians.cat\/#website"},"datePublished":"2022-05-31T14:33:56+00:00","dateModified":"2022-06-09T13:54:11+00:00","author":{"@id":"https:\/\/e-cristians.cat\/#\/schema\/person\/f0ec475338e49aaef9c9dc9d9f162861"},"description":"Dos grandes plataformas, la Asamblea por la Vida, la Libertad y la Dignidad, y NEOS, as\u00ed como la asociaci\u00f3n europea One of Us","breadcrumb":{"@id":"https:\/\/e-cristians.cat\/es\/reunion-ambito-catalan-para-la-preparacion-de-la-manifestacion-del-26-de-junio-de-2022-en-madrid\/#breadcrumb"},"inLanguage":"es","potentialAction":[{"@type":"ReadAction","target":["https:\/\/e-cristians.cat\/es\/reunion-ambito-catalan-para-la-preparacion-de-la-manifestacion-del-26-de-junio-de-2022-en-madrid\/"]}]},{"@type":"BreadcrumbList","@id":"https:\/\/e-cristians.cat\/es\/reunion-ambito-catalan-para-la-preparacion-de-la-manifestacion-del-26-de-junio-de-2022-en-madrid\/#breadcrumb","itemListElement":[{"@type":"ListItem","position":1,"name":"Inici","item":"https:\/\/e-cristians.cat\/es\/"},{"@type":"ListItem","position":2,"name":"Reuni\u00f3n (\u00e1mbito catal\u00e1n) para la preparaci\u00f3n de la Manifestaci\u00f3n del 26 de junio de 2022 en Madrid"}]},{"@type":"WebSite","@id":"https:\/\/e-cristians.cat\/#website","url":"https:\/\/e-cristians.cat\/","name":"e-Cristians","description":"","potentialAction":[{"@type":"SearchAction","target":{"@type":"EntryPoint","urlTemplate":"https:\/\/e-cristians.cat\/?s={search_term_string}"},"query-input":"required name=search_term_string"}],"inLanguage":"es"},{"@type":"Person","@id":"https:\/\/e-cristians.cat\/#\/schema\/person\/f0ec475338e49aaef9c9dc9d9f162861","name":"e-Cristians","image":{"@type":"ImageObject","inLanguage":"es","@id":"https:\/\/e-cristians.cat\/#\/schema\/person\/image\/","url":"https:\/\/secure.gravatar.com\/avatar\/14bc9e5b0ca69070f1075ad3efcb33c4?s=96&d=mm&r=g","contentUrl":"https:\/\/secure.gravatar.com\/avatar\/14bc9e5b0ca69070f1075ad3efcb33c4?s=96&d=mm&r=g","caption":"e-Cristians"}}]}},"jetpack_sharing_enabled":true,"jetpack_featured_media_url":"https:\/\/e-cristians.cat\/wp-content\/uploads\/2022\/05\/logoGC.jpg","_links":{"self":[{"href":"https:\/\/e-cristians.cat\/es\/wp-json\/wp\/v2\/posts\/51307"}],"collection":[{"href":"https:\/\/e-cristians.cat\/es\/wp-json\/wp\/v2\/posts"}],"about":[{"href":"https:\/\/e-cristians.cat\/es\/wp-json\/wp\/v2\/types\/post"}],"author":[{"embeddable":true,"href":"https:\/\/e-cristians.cat\/es\/wp-json\/wp\/v2\/users\/2"}],"replies":[{"embeddable":true,"href":"https:\/\/e-cristians.cat\/es\/wp-json\/wp\/v2\/comments?post=51307"}],"version-history":[{"count":1,"href":"https:\/\/e-cristians.cat\/es\/wp-json\/wp\/v2\/posts\/51307\/revisions"}],"predecessor-version":[{"id":51311,"href":"https:\/\/e-cristians.cat\/es\/wp-json\/wp\/v2\/posts\/51307\/revisions\/51311"}],"wp:featuredmedia":[{"embeddable":true,"href":"https:\/\/e-cristians.cat\/es\/wp-json\/wp\/v2\/media\/51302"}],"wp:attachment":[{"href":"https:\/\/e-cristians.cat\/es\/wp-json\/wp\/v2\/media?parent=51307"}],"wp:term":[{"taxonomy":"category","embeddable":true,"href":"https:\/\/e-cristians.cat\/es\/wp-json\/wp\/v2\/categories?post=51307"},{"taxonomy":"post_tag","embeddable":true,"href":"https:\/\/e-cristians.cat\/es\/wp-json\/wp\/v2\/tags?post=51307"}],"curies":[{"name":"wp","href":"https:\/\/api.w.org\/{rel}","templated":true}]}}