{"id":51408,"date":"2022-06-03T11:59:43","date_gmt":"2022-06-03T09:59:43","guid":{"rendered":"https:\/\/e-cristians.cat\/?p=51408"},"modified":"2022-06-03T11:59:52","modified_gmt":"2022-06-03T09:59:52","slug":"iii-asamblea-virtual-forum-libertas-alternativa-cultural-cristiana","status":"publish","type":"post","link":"https:\/\/e-cristians.cat\/es\/iii-asamblea-virtual-forum-libertas-alternativa-cultural-cristiana\/","title":{"rendered":"III Asamblea Virtual Forum Libertas \u2013 Alternativa Cultural Cristiana"},"content":{"rendered":"<p>El pr\u00f3ximo\u00a0<strong>mi\u00e9rcoles, 8 de junio, a las 19:00 h (hora espa\u00f1ola)<\/strong>, se celebra la III Asamblea virtual de Forum Libertas-<a href=\"https:\/\/www.forumlibertas.com\/construyendo-la-alternativa-cultural-ganemos-el-espacio-publico\/\" target=\"_blank\" rel=\"noopener\">Alternativa Cultural Cristiana<\/a>.<\/p>\n<p><strong>Se tratar\u00e1n varios temas, entre ellos:<\/strong><\/p>\n<p>Informar sobre las acciones que se han hecho, se est\u00e1n haciendo y se har\u00e1n, sobre la decisi\u00f3n del Congreso de los Diputados de crear una comisi\u00f3n del\u00a0<a href=\"https:\/\/e-cristians.cat\/es\/carta-semanal-de-josep-miro-nos-dirigimos-al-defensor-del-pueblo-manifestacion-a-favor-de-la-vida-el-26-de-junio-en-madrid\/\" target=\"_blank\" rel=\"noopener\">Defensor del Pueblo<\/a>, para indagar el tema de la pederastia ce\u00f1ida a la Iglesia cat\u00f3lica.<\/p>\n<p>Informar sobre la gran manifestaci\u00f3n que se celebrar\u00e1 el domingo,\u00a0<a href=\"https:\/\/e-cristians.cat\/es\/convocatoria-de-manifestacion-por-la-vida-y-la-dignidad-26-de-junio-12h-madrid\/\" target=\"_blank\" rel=\"noopener\">26 de junio<\/a>, a las 12 h en Madrid, para denunciar la actitud y la estrategia del Gobierno contraria a la acogida, cuidado y dignidad de la vida humana.<\/p>\n<p>Dialogaremos sobre los contenidos de Forum Libertas y la acci\u00f3n en las redes sociales.<\/p>\n<p>Os llamamos a que particip\u00e9is en esta III Asamblea, porque solo la participaci\u00f3n refuerza esta comunidad que trabaja en la comunicaci\u00f3n para contribuir y proyectar la alternativa cultural.<\/p>\n<p><strong>Ya puedes inscribirte en la III Asamblea Virtual ForumLibertas \u2013 Alternativa cultural cristiana que tendr\u00e1 lugar el pr\u00f3ximo mi\u00e9rcoles, 8 de junio a las 19:00 h (hora espa\u00f1ola). Para recibir el enlace zoom, inscr\u00edbete <a href=\"https:\/\/www.forumlibertas.com\/iii-asamblea-virtual-forum-libertas-alternativa-cultural-cristiana\/\" target=\"_blank\" rel=\"noopener\">aqu\u00ed<\/a>.<\/strong><\/p>\n","protected":false},"excerpt":{"rendered":"<p>El pr\u00f3ximo\u00a0mi\u00e9rcoles, 8 de junio, a las 19:00 h (hora espa\u00f1ola), se celebra la III Asamblea virtual de Forum Libertas-Alternativa Cultural Cristiana. Se tratar\u00e1n varios temas, entre ellos: Informar sobre las acciones que se han hecho, se est\u00e1n haciendo y se har\u00e1n, sobre la decisi\u00f3n del Congreso de los Diputados de crear una comisi\u00f3n del\u00a0Defensor&#8230;<\/p>\n","protected":false},"author":2,"featured_media":51410,"comment_status":"closed","ping_status":"closed","sticky":false,"template":"","format":"standard","meta":{"_jetpack_memberships_contains_paid_content":false,"footnotes":""},"categories":[33,39],"tags":[],"class_list":["post-51408","post","type-post","status-publish","format-standard","has-post-thumbnail","hentry","category-altres-entitats-informacions-agenda-i-documents-es","category-portada_news-es"],"yoast_head":"<!-- This site is optimized with the Yoast SEO plugin v20.0 - https:\/\/yoast.com\/wordpress\/plugins\/seo\/ -->\n<title>III Asamblea Virtual Forum Libertas \u2013 Alternativa Cultural Cristiana - e-Cristians<\/title>\n<meta name=\"robots\" content=\"noindex, nofollow\" \/>\n<meta property=\"og:locale\" content=\"es_ES\" \/>\n<meta property=\"og:type\" content=\"article\" \/>\n<meta property=\"og:title\" content=\"III Asamblea Virtual Forum Libertas \u2013 Alternativa Cultural Cristiana - e-Cristians\" \/>\n<meta property=\"og:description\" content=\"El pr\u00f3ximo\u00a0mi\u00e9rcoles, 8 de junio, a las 19:00 h (hora espa\u00f1ola), se celebra la III Asamblea virtual de Forum Libertas-Alternativa Cultural Cristiana. Se tratar\u00e1n varios temas, entre ellos: Informar sobre las acciones que se han hecho, se est\u00e1n haciendo y se har\u00e1n, sobre la decisi\u00f3n del Congreso de los Diputados de crear una comisi\u00f3n del\u00a0Defensor...\" \/>\n<meta property=\"og:url\" content=\"https:\/\/e-cristians.cat\/es\/iii-asamblea-virtual-forum-libertas-alternativa-cultural-cristiana\/\" \/>\n<meta property=\"og:site_name\" content=\"e-Cristians\" \/>\n<meta property=\"article:published_time\" content=\"2022-06-03T09:59:43+00:00\" \/>\n<meta property=\"article:modified_time\" content=\"2022-06-03T09:59:52+00:00\" \/>\n<meta property=\"og:image\" content=\"https:\/\/e-cristians.cat\/wp-content\/uploads\/2022\/06\/II-Asamblea-virtualultim-600x337-1.jpg\" \/>\n\t<meta property=\"og:image:width\" content=\"600\" \/>\n\t<meta property=\"og:image:height\" content=\"337\" \/>\n\t<meta property=\"og:image:type\" content=\"image\/jpeg\" \/>\n<meta name=\"author\" content=\"e-Cristians\" \/>\n<meta name=\"twitter:card\" content=\"summary_large_image\" \/>\n<meta name=\"twitter:label1\" content=\"Escrito por\" \/>\n\t<meta name=\"twitter:data1\" content=\"e-Cristians\" \/>\n\t<meta name=\"twitter:label2\" content=\"Tiempo de lectura\" \/>\n\t<meta name=\"twitter:data2\" content=\"1 minuto\" \/>\n<script type=\"application\/ld+json\" class=\"yoast-schema-graph\">{\"@context\":\"https:\/\/schema.org\",\"@graph\":[{\"@type\":\"WebPage\",\"@id\":\"https:\/\/e-cristians.cat\/es\/iii-asamblea-virtual-forum-libertas-alternativa-cultural-cristiana\/\",\"url\":\"https:\/\/e-cristians.cat\/es\/iii-asamblea-virtual-forum-libertas-alternativa-cultural-cristiana\/\",\"name\":\"III Asamblea Virtual Forum Libertas \u2013 Alternativa Cultural Cristiana - e-Cristians\",\"isPartOf\":{\"@id\":\"https:\/\/e-cristians.cat\/#website\"},\"datePublished\":\"2022-06-03T09:59:43+00:00\",\"dateModified\":\"2022-06-03T09:59:52+00:00\",\"author\":{\"@id\":\"https:\/\/e-cristians.cat\/#\/schema\/person\/f0ec475338e49aaef9c9dc9d9f162861\"},\"breadcrumb\":{\"@id\":\"https:\/\/e-cristians.cat\/es\/iii-asamblea-virtual-forum-libertas-alternativa-cultural-cristiana\/#breadcrumb\"},\"inLanguage\":\"es\",\"potentialAction\":[{\"@type\":\"ReadAction\",\"target\":[\"https:\/\/e-cristians.cat\/es\/iii-asamblea-virtual-forum-libertas-alternativa-cultural-cristiana\/\"]}]},{\"@type\":\"BreadcrumbList\",\"@id\":\"https:\/\/e-cristians.cat\/es\/iii-asamblea-virtual-forum-libertas-alternativa-cultural-cristiana\/#breadcrumb\",\"itemListElement\":[{\"@type\":\"ListItem\",\"position\":1,\"name\":\"Inici\",\"item\":\"https:\/\/e-cristians.cat\/es\/\"},{\"@type\":\"ListItem\",\"position\":2,\"name\":\"III Asamblea Virtual Forum Libertas \u2013 Alternativa Cultural Cristiana\"}]},{\"@type\":\"WebSite\",\"@id\":\"https:\/\/e-cristians.cat\/#website\",\"url\":\"https:\/\/e-cristians.cat\/\",\"name\":\"e-Cristians\",\"description\":\"\",\"potentialAction\":[{\"@type\":\"SearchAction\",\"target\":{\"@type\":\"EntryPoint\",\"urlTemplate\":\"https:\/\/e-cristians.cat\/?s={search_term_string}\"},\"query-input\":\"required name=search_term_string\"}],\"inLanguage\":\"es\"},{\"@type\":\"Person\",\"@id\":\"https:\/\/e-cristians.cat\/#\/schema\/person\/f0ec475338e49aaef9c9dc9d9f162861\",\"name\":\"e-Cristians\",\"image\":{\"@type\":\"ImageObject\",\"inLanguage\":\"es\",\"@id\":\"https:\/\/e-cristians.cat\/#\/schema\/person\/image\/\",\"url\":\"https:\/\/secure.gravatar.com\/avatar\/14bc9e5b0ca69070f1075ad3efcb33c4?s=96&d=mm&r=g\",\"contentUrl\":\"https:\/\/secure.gravatar.com\/avatar\/14bc9e5b0ca69070f1075ad3efcb33c4?s=96&d=mm&r=g\",\"caption\":\"e-Cristians\"}}]}<\/script>\n<!-- \/ Yoast SEO plugin. -->","yoast_head_json":{"title":"III Asamblea Virtual Forum Libertas \u2013 Alternativa Cultural Cristiana - e-Cristians","robots":{"index":"noindex","follow":"nofollow"},"og_locale":"es_ES","og_type":"article","og_title":"III Asamblea Virtual Forum Libertas \u2013 Alternativa Cultural Cristiana - e-Cristians","og_description":"El pr\u00f3ximo\u00a0mi\u00e9rcoles, 8 de junio, a las 19:00 h (hora espa\u00f1ola), se celebra la III Asamblea virtual de Forum Libertas-Alternativa Cultural Cristiana. Se tratar\u00e1n varios temas, entre ellos: Informar sobre las acciones que se han hecho, se est\u00e1n haciendo y se har\u00e1n, sobre la decisi\u00f3n del Congreso de los Diputados de crear una comisi\u00f3n del\u00a0Defensor...","og_url":"https:\/\/e-cristians.cat\/es\/iii-asamblea-virtual-forum-libertas-alternativa-cultural-cristiana\/","og_site_name":"e-Cristians","article_published_time":"2022-06-03T09:59:43+00:00","article_modified_time":"2022-06-03T09:59:52+00:00","og_image":[{"width":600,"height":337,"url":"https:\/\/e-cristians.cat\/wp-content\/uploads\/2022\/06\/II-Asamblea-virtualultim-600x337-1.jpg","type":"image\/jpeg"}],"author":"e-Cristians","twitter_card":"summary_large_image","twitter_misc":{"Escrito por":"e-Cristians","Tiempo de lectura":"1 minuto"},"schema":{"@context":"https:\/\/schema.org","@graph":[{"@type":"WebPage","@id":"https:\/\/e-cristians.cat\/es\/iii-asamblea-virtual-forum-libertas-alternativa-cultural-cristiana\/","url":"https:\/\/e-cristians.cat\/es\/iii-asamblea-virtual-forum-libertas-alternativa-cultural-cristiana\/","name":"III Asamblea Virtual Forum Libertas \u2013 Alternativa Cultural Cristiana - e-Cristians","isPartOf":{"@id":"https:\/\/e-cristians.cat\/#website"},"datePublished":"2022-06-03T09:59:43+00:00","dateModified":"2022-06-03T09:59:52+00:00","author":{"@id":"https:\/\/e-cristians.cat\/#\/schema\/person\/f0ec475338e49aaef9c9dc9d9f162861"},"breadcrumb":{"@id":"https:\/\/e-cristians.cat\/es\/iii-asamblea-virtual-forum-libertas-alternativa-cultural-cristiana\/#breadcrumb"},"inLanguage":"es","potentialAction":[{"@type":"ReadAction","target":["https:\/\/e-cristians.cat\/es\/iii-asamblea-virtual-forum-libertas-alternativa-cultural-cristiana\/"]}]},{"@type":"BreadcrumbList","@id":"https:\/\/e-cristians.cat\/es\/iii-asamblea-virtual-forum-libertas-alternativa-cultural-cristiana\/#breadcrumb","itemListElement":[{"@type":"ListItem","position":1,"name":"Inici","item":"https:\/\/e-cristians.cat\/es\/"},{"@type":"ListItem","position":2,"name":"III Asamblea Virtual Forum Libertas \u2013 Alternativa Cultural Cristiana"}]},{"@type":"WebSite","@id":"https:\/\/e-cristians.cat\/#website","url":"https:\/\/e-cristians.cat\/","name":"e-Cristians","description":"","potentialAction":[{"@type":"SearchAction","target":{"@type":"EntryPoint","urlTemplate":"https:\/\/e-cristians.cat\/?s={search_term_string}"},"query-input":"required name=search_term_string"}],"inLanguage":"es"},{"@type":"Person","@id":"https:\/\/e-cristians.cat\/#\/schema\/person\/f0ec475338e49aaef9c9dc9d9f162861","name":"e-Cristians","image":{"@type":"ImageObject","inLanguage":"es","@id":"https:\/\/e-cristians.cat\/#\/schema\/person\/image\/","url":"https:\/\/secure.gravatar.com\/avatar\/14bc9e5b0ca69070f1075ad3efcb33c4?s=96&d=mm&r=g","contentUrl":"https:\/\/secure.gravatar.com\/avatar\/14bc9e5b0ca69070f1075ad3efcb33c4?s=96&d=mm&r=g","caption":"e-Cristians"}}]}},"jetpack_sharing_enabled":true,"jetpack_featured_media_url":"https:\/\/e-cristians.cat\/wp-content\/uploads\/2022\/06\/II-Asamblea-virtualultim-600x337-1.jpg","_links":{"self":[{"href":"https:\/\/e-cristians.cat\/es\/wp-json\/wp\/v2\/posts\/51408"}],"collection":[{"href":"https:\/\/e-cristians.cat\/es\/wp-json\/wp\/v2\/posts"}],"about":[{"href":"https:\/\/e-cristians.cat\/es\/wp-json\/wp\/v2\/types\/post"}],"author":[{"embeddable":true,"href":"https:\/\/e-cristians.cat\/es\/wp-json\/wp\/v2\/users\/2"}],"replies":[{"embeddable":true,"href":"https:\/\/e-cristians.cat\/es\/wp-json\/wp\/v2\/comments?post=51408"}],"version-history":[{"count":1,"href":"https:\/\/e-cristians.cat\/es\/wp-json\/wp\/v2\/posts\/51408\/revisions"}],"predecessor-version":[{"id":51414,"href":"https:\/\/e-cristians.cat\/es\/wp-json\/wp\/v2\/posts\/51408\/revisions\/51414"}],"wp:featuredmedia":[{"embeddable":true,"href":"https:\/\/e-cristians.cat\/es\/wp-json\/wp\/v2\/media\/51410"}],"wp:attachment":[{"href":"https:\/\/e-cristians.cat\/es\/wp-json\/wp\/v2\/media?parent=51408"}],"wp:term":[{"taxonomy":"category","embeddable":true,"href":"https:\/\/e-cristians.cat\/es\/wp-json\/wp\/v2\/categories?post=51408"},{"taxonomy":"post_tag","embeddable":true,"href":"https:\/\/e-cristians.cat\/es\/wp-json\/wp\/v2\/tags?post=51408"}],"curies":[{"name":"wp","href":"https:\/\/api.w.org\/{rel}","templated":true}]}}