{"id":51512,"date":"2022-06-02T13:09:22","date_gmt":"2022-06-02T11:09:22","guid":{"rendered":"https:\/\/e-cristians.cat\/?p=51512"},"modified":"2022-06-02T13:17:33","modified_gmt":"2022-06-02T11:17:33","slug":"el-feminismo-del-chivo-expiatorio-los-hombres-y-la-cultura-de-la-violacion","status":"publish","type":"post","link":"https:\/\/e-cristians.cat\/es\/el-feminismo-del-chivo-expiatorio-los-hombres-y-la-cultura-de-la-violacion\/","title":{"rendered":"El feminismo del chivo expiatorio, los hombres y la \u201ccultura de la violaci\u00f3n\u201d"},"content":{"rendered":"<p><em>Josep Mir\u00f3 i Ard\u00e8vol para La Vanguardia<\/em><\/p>\n<p>La Delegada del Gobierno en la Comunidad Valenciana ha tenido su minuto de notoriedad gracias a unas breves declaraciones, en las que pregunt\u00f3 ret\u00f3ricamente:\u00a0<strong><em>\u00ab\u00bfQu\u00e9 os est\u00e1 pasando a los hombres que estamos retrocediendo a esta cultura de la violaci\u00f3n que cre\u00edamos desterrada?\u00bb<\/em><\/strong>. En unas pocas l\u00edneas introduc\u00eda tres graves deformaciones de la realidad. <a href=\"https:\/\/www.forumlibertas.com\/el-feminismo-del-chivo-expiatorio-los-hombres-y-la-cultura-de-la-violacion\/\" target=\"_blank\" rel=\"noopener\">Leer m\u00e1s.<\/a><\/p>\n","protected":false},"excerpt":{"rendered":"<p>Josep Mir\u00f3 i Ard\u00e8vol para La Vanguardia La Delegada del Gobierno en la Comunidad Valenciana ha tenido su minuto de notoriedad gracias a unas breves declaraciones, en las que pregunt\u00f3 ret\u00f3ricamente:\u00a0\u00ab\u00bfQu\u00e9 os est\u00e1 pasando a los hombres que estamos retrocediendo a esta cultura de la violaci\u00f3n que cre\u00edamos desterrada?\u00bb. En unas pocas l\u00edneas introduc\u00eda tres&#8230;<\/p>\n","protected":false},"author":2,"featured_media":51513,"comment_status":"closed","ping_status":"closed","sticky":false,"template":"","format":"standard","meta":{"_jetpack_memberships_contains_paid_content":false,"footnotes":""},"categories":[34,39],"tags":[],"class_list":["post-51512","post","type-post","status-publish","format-standard","has-post-thumbnail","hentry","category-editorials-i-blogs-de-forumlibertas-es","category-portada_news-es"],"yoast_head":"<!-- This site is optimized with the Yoast SEO plugin v20.0 - https:\/\/yoast.com\/wordpress\/plugins\/seo\/ -->\n<title>El feminismo del chivo expiatorio, los hombres y la \u201ccultura de la violaci\u00f3n\u201d - e-Cristians<\/title>\n<meta name=\"robots\" content=\"noindex, nofollow\" \/>\n<meta property=\"og:locale\" content=\"es_ES\" \/>\n<meta property=\"og:type\" content=\"article\" \/>\n<meta property=\"og:title\" content=\"El feminismo del chivo expiatorio, los hombres y la \u201ccultura de la violaci\u00f3n\u201d - e-Cristians\" \/>\n<meta property=\"og:description\" content=\"Josep Mir\u00f3 i Ard\u00e8vol para La Vanguardia La Delegada del Gobierno en la Comunidad Valenciana ha tenido su minuto de notoriedad gracias a unas breves declaraciones, en las que pregunt\u00f3 ret\u00f3ricamente:\u00a0\u00ab\u00bfQu\u00e9 os est\u00e1 pasando a los hombres que estamos retrocediendo a esta cultura de la violaci\u00f3n que cre\u00edamos desterrada?\u00bb. En unas pocas l\u00edneas introduc\u00eda tres...\" \/>\n<meta property=\"og:url\" content=\"https:\/\/e-cristians.cat\/es\/el-feminismo-del-chivo-expiatorio-los-hombres-y-la-cultura-de-la-violacion\/\" \/>\n<meta property=\"og:site_name\" content=\"e-Cristians\" \/>\n<meta property=\"article:published_time\" content=\"2022-06-02T11:09:22+00:00\" \/>\n<meta property=\"article:modified_time\" content=\"2022-06-02T11:17:33+00:00\" \/>\n<meta property=\"og:image\" content=\"https:\/\/e-cristians.cat\/wp-content\/uploads\/2022\/06\/Hombre-violento-1280x720-1-600x337-1.jpg\" \/>\n\t<meta property=\"og:image:width\" content=\"600\" \/>\n\t<meta property=\"og:image:height\" content=\"337\" \/>\n\t<meta property=\"og:image:type\" content=\"image\/jpeg\" \/>\n<meta name=\"author\" content=\"e-Cristians\" \/>\n<meta name=\"twitter:card\" content=\"summary_large_image\" \/>\n<meta name=\"twitter:label1\" content=\"Escrito por\" \/>\n\t<meta name=\"twitter:data1\" content=\"e-Cristians\" \/>\n\t<meta name=\"twitter:label2\" content=\"Tiempo de lectura\" \/>\n\t<meta name=\"twitter:data2\" content=\"1 minuto\" \/>\n<script type=\"application\/ld+json\" class=\"yoast-schema-graph\">{\"@context\":\"https:\/\/schema.org\",\"@graph\":[{\"@type\":\"WebPage\",\"@id\":\"https:\/\/e-cristians.cat\/es\/el-feminismo-del-chivo-expiatorio-los-hombres-y-la-cultura-de-la-violacion\/\",\"url\":\"https:\/\/e-cristians.cat\/es\/el-feminismo-del-chivo-expiatorio-los-hombres-y-la-cultura-de-la-violacion\/\",\"name\":\"El feminismo del chivo expiatorio, los hombres y la \u201ccultura de la violaci\u00f3n\u201d - e-Cristians\",\"isPartOf\":{\"@id\":\"https:\/\/e-cristians.cat\/#website\"},\"datePublished\":\"2022-06-02T11:09:22+00:00\",\"dateModified\":\"2022-06-02T11:17:33+00:00\",\"author\":{\"@id\":\"https:\/\/e-cristians.cat\/#\/schema\/person\/f0ec475338e49aaef9c9dc9d9f162861\"},\"breadcrumb\":{\"@id\":\"https:\/\/e-cristians.cat\/es\/el-feminismo-del-chivo-expiatorio-los-hombres-y-la-cultura-de-la-violacion\/#breadcrumb\"},\"inLanguage\":\"es\",\"potentialAction\":[{\"@type\":\"ReadAction\",\"target\":[\"https:\/\/e-cristians.cat\/es\/el-feminismo-del-chivo-expiatorio-los-hombres-y-la-cultura-de-la-violacion\/\"]}]},{\"@type\":\"BreadcrumbList\",\"@id\":\"https:\/\/e-cristians.cat\/es\/el-feminismo-del-chivo-expiatorio-los-hombres-y-la-cultura-de-la-violacion\/#breadcrumb\",\"itemListElement\":[{\"@type\":\"ListItem\",\"position\":1,\"name\":\"Inici\",\"item\":\"https:\/\/e-cristians.cat\/es\/\"},{\"@type\":\"ListItem\",\"position\":2,\"name\":\"El feminismo del chivo expiatorio, los hombres y la \u201ccultura de la violaci\u00f3n\u201d\"}]},{\"@type\":\"WebSite\",\"@id\":\"https:\/\/e-cristians.cat\/#website\",\"url\":\"https:\/\/e-cristians.cat\/\",\"name\":\"e-Cristians\",\"description\":\"\",\"potentialAction\":[{\"@type\":\"SearchAction\",\"target\":{\"@type\":\"EntryPoint\",\"urlTemplate\":\"https:\/\/e-cristians.cat\/?s={search_term_string}\"},\"query-input\":\"required name=search_term_string\"}],\"inLanguage\":\"es\"},{\"@type\":\"Person\",\"@id\":\"https:\/\/e-cristians.cat\/#\/schema\/person\/f0ec475338e49aaef9c9dc9d9f162861\",\"name\":\"e-Cristians\",\"image\":{\"@type\":\"ImageObject\",\"inLanguage\":\"es\",\"@id\":\"https:\/\/e-cristians.cat\/#\/schema\/person\/image\/\",\"url\":\"https:\/\/secure.gravatar.com\/avatar\/14bc9e5b0ca69070f1075ad3efcb33c4?s=96&d=mm&r=g\",\"contentUrl\":\"https:\/\/secure.gravatar.com\/avatar\/14bc9e5b0ca69070f1075ad3efcb33c4?s=96&d=mm&r=g\",\"caption\":\"e-Cristians\"}}]}<\/script>\n<!-- \/ Yoast SEO plugin. -->","yoast_head_json":{"title":"El feminismo del chivo expiatorio, los hombres y la \u201ccultura de la violaci\u00f3n\u201d - e-Cristians","robots":{"index":"noindex","follow":"nofollow"},"og_locale":"es_ES","og_type":"article","og_title":"El feminismo del chivo expiatorio, los hombres y la \u201ccultura de la violaci\u00f3n\u201d - e-Cristians","og_description":"Josep Mir\u00f3 i Ard\u00e8vol para La Vanguardia La Delegada del Gobierno en la Comunidad Valenciana ha tenido su minuto de notoriedad gracias a unas breves declaraciones, en las que pregunt\u00f3 ret\u00f3ricamente:\u00a0\u00ab\u00bfQu\u00e9 os est\u00e1 pasando a los hombres que estamos retrocediendo a esta cultura de la violaci\u00f3n que cre\u00edamos desterrada?\u00bb. En unas pocas l\u00edneas introduc\u00eda tres...","og_url":"https:\/\/e-cristians.cat\/es\/el-feminismo-del-chivo-expiatorio-los-hombres-y-la-cultura-de-la-violacion\/","og_site_name":"e-Cristians","article_published_time":"2022-06-02T11:09:22+00:00","article_modified_time":"2022-06-02T11:17:33+00:00","og_image":[{"width":600,"height":337,"url":"https:\/\/e-cristians.cat\/wp-content\/uploads\/2022\/06\/Hombre-violento-1280x720-1-600x337-1.jpg","type":"image\/jpeg"}],"author":"e-Cristians","twitter_card":"summary_large_image","twitter_misc":{"Escrito por":"e-Cristians","Tiempo de lectura":"1 minuto"},"schema":{"@context":"https:\/\/schema.org","@graph":[{"@type":"WebPage","@id":"https:\/\/e-cristians.cat\/es\/el-feminismo-del-chivo-expiatorio-los-hombres-y-la-cultura-de-la-violacion\/","url":"https:\/\/e-cristians.cat\/es\/el-feminismo-del-chivo-expiatorio-los-hombres-y-la-cultura-de-la-violacion\/","name":"El feminismo del chivo expiatorio, los hombres y la \u201ccultura de la violaci\u00f3n\u201d - e-Cristians","isPartOf":{"@id":"https:\/\/e-cristians.cat\/#website"},"datePublished":"2022-06-02T11:09:22+00:00","dateModified":"2022-06-02T11:17:33+00:00","author":{"@id":"https:\/\/e-cristians.cat\/#\/schema\/person\/f0ec475338e49aaef9c9dc9d9f162861"},"breadcrumb":{"@id":"https:\/\/e-cristians.cat\/es\/el-feminismo-del-chivo-expiatorio-los-hombres-y-la-cultura-de-la-violacion\/#breadcrumb"},"inLanguage":"es","potentialAction":[{"@type":"ReadAction","target":["https:\/\/e-cristians.cat\/es\/el-feminismo-del-chivo-expiatorio-los-hombres-y-la-cultura-de-la-violacion\/"]}]},{"@type":"BreadcrumbList","@id":"https:\/\/e-cristians.cat\/es\/el-feminismo-del-chivo-expiatorio-los-hombres-y-la-cultura-de-la-violacion\/#breadcrumb","itemListElement":[{"@type":"ListItem","position":1,"name":"Inici","item":"https:\/\/e-cristians.cat\/es\/"},{"@type":"ListItem","position":2,"name":"El feminismo del chivo expiatorio, los hombres y la \u201ccultura de la violaci\u00f3n\u201d"}]},{"@type":"WebSite","@id":"https:\/\/e-cristians.cat\/#website","url":"https:\/\/e-cristians.cat\/","name":"e-Cristians","description":"","potentialAction":[{"@type":"SearchAction","target":{"@type":"EntryPoint","urlTemplate":"https:\/\/e-cristians.cat\/?s={search_term_string}"},"query-input":"required name=search_term_string"}],"inLanguage":"es"},{"@type":"Person","@id":"https:\/\/e-cristians.cat\/#\/schema\/person\/f0ec475338e49aaef9c9dc9d9f162861","name":"e-Cristians","image":{"@type":"ImageObject","inLanguage":"es","@id":"https:\/\/e-cristians.cat\/#\/schema\/person\/image\/","url":"https:\/\/secure.gravatar.com\/avatar\/14bc9e5b0ca69070f1075ad3efcb33c4?s=96&d=mm&r=g","contentUrl":"https:\/\/secure.gravatar.com\/avatar\/14bc9e5b0ca69070f1075ad3efcb33c4?s=96&d=mm&r=g","caption":"e-Cristians"}}]}},"jetpack_sharing_enabled":true,"jetpack_featured_media_url":"https:\/\/e-cristians.cat\/wp-content\/uploads\/2022\/06\/Hombre-violento-1280x720-1-600x337-1.jpg","_links":{"self":[{"href":"https:\/\/e-cristians.cat\/es\/wp-json\/wp\/v2\/posts\/51512"}],"collection":[{"href":"https:\/\/e-cristians.cat\/es\/wp-json\/wp\/v2\/posts"}],"about":[{"href":"https:\/\/e-cristians.cat\/es\/wp-json\/wp\/v2\/types\/post"}],"author":[{"embeddable":true,"href":"https:\/\/e-cristians.cat\/es\/wp-json\/wp\/v2\/users\/2"}],"replies":[{"embeddable":true,"href":"https:\/\/e-cristians.cat\/es\/wp-json\/wp\/v2\/comments?post=51512"}],"version-history":[{"count":3,"href":"https:\/\/e-cristians.cat\/es\/wp-json\/wp\/v2\/posts\/51512\/revisions"}],"predecessor-version":[{"id":51517,"href":"https:\/\/e-cristians.cat\/es\/wp-json\/wp\/v2\/posts\/51512\/revisions\/51517"}],"wp:featuredmedia":[{"embeddable":true,"href":"https:\/\/e-cristians.cat\/es\/wp-json\/wp\/v2\/media\/51513"}],"wp:attachment":[{"href":"https:\/\/e-cristians.cat\/es\/wp-json\/wp\/v2\/media?parent=51512"}],"wp:term":[{"taxonomy":"category","embeddable":true,"href":"https:\/\/e-cristians.cat\/es\/wp-json\/wp\/v2\/categories?post=51512"},{"taxonomy":"post_tag","embeddable":true,"href":"https:\/\/e-cristians.cat\/es\/wp-json\/wp\/v2\/tags?post=51512"}],"curies":[{"name":"wp","href":"https:\/\/api.w.org\/{rel}","templated":true}]}}