{"id":51578,"date":"2022-06-09T15:47:18","date_gmt":"2022-06-09T13:47:18","guid":{"rendered":"https:\/\/e-cristians.cat\/?p=51578"},"modified":"2022-06-09T16:19:44","modified_gmt":"2022-06-09T14:19:44","slug":"carteles-de-la-manifestacion-26-junio-madrid","status":"publish","type":"post","link":"https:\/\/e-cristians.cat\/es\/carteles-de-la-manifestacion-26-junio-madrid\/","title":{"rendered":"Carteles de la Manifestaci\u00f3n 26 Junio &#8211; Madrid"},"content":{"rendered":"<p>Os adjuntamos el cartel b\u00e1sico de la <strong>Manifestaci\u00f3n <em>\u00abEn defensa de la vida y la verdad\u00bb<\/em><\/strong> del d\u00eda 26 de junio en Madrid.<\/p>\n<p><a class=\"inited\" ref=\"magnificPopup\" href=\"https:\/\/e-cristians.cat\/wp-content\/uploads\/2022\/06\/Cartell-oficial-mani-26-juny-Madrid.jpg\" target=\"_blank\" rel=\"noopener\"><img decoding=\"async\" class=\"size-medium wp-image-51572 aligncenter lazyload\" data-src=\"https:\/\/e-cristians.cat\/wp-content\/uploads\/2022\/06\/Cartell-oficial-mani-26-juny-Madrid-300x152.jpg\" data-sizes=\"(max-width: 300px) 100vw, 300px\" data-srcset=\"https:\/\/e-cristians.cat\/wp-content\/uploads\/2022\/06\/Cartell-oficial-mani-26-juny-Madrid-300x152.jpg 300w, https:\/\/e-cristians.cat\/wp-content\/uploads\/2022\/06\/Cartell-oficial-mani-26-juny-Madrid-1024x520.jpg 1024w, https:\/\/e-cristians.cat\/wp-content\/uploads\/2022\/06\/Cartell-oficial-mani-26-juny-Madrid-600x305.jpg 600w, https:\/\/e-cristians.cat\/wp-content\/uploads\/2022\/06\/Cartell-oficial-mani-26-juny-Madrid-150x76.jpg 150w, https:\/\/e-cristians.cat\/wp-content\/uploads\/2022\/06\/Cartell-oficial-mani-26-juny-Madrid.jpg 1247w\" alt=\"\" width=\"300\" height=\"152\" src=\"data:image\/svg+xml;base64,PHN2ZyB3aWR0aD0iMSIgaGVpZ2h0PSIxIiB4bWxucz0iaHR0cDovL3d3dy53My5vcmcvMjAwMC9zdmciPjwvc3ZnPg==\" style=\"--smush-placeholder-width: 300px; --smush-placeholder-aspect-ratio: 300\/152;\" \/><\/a><\/p>\n<p style=\"text-align: center;\"><a class=\"inited\" ref=\"magnificPopup\" href=\"https:\/\/e-cristians.cat\/wp-content\/uploads\/2022\/06\/Cartell-oficial-mani-26-juny-Madrid.jpg\" target=\"_blank\" rel=\"noopener\">Descargar cartel b\u00e1sico<\/a><\/p>\n<p>Tambi\u00e9n os adjuntamos dos <strong>versiones espec\u00edficas para Catalunya<\/strong>:<\/p>\n<p style=\"text-align: center;\"><a ref=\"magnificPopup\" href=\"https:\/\/e-cristians.cat\/wp-content\/uploads\/2022\/06\/Copia-Manifestacio-aborto1-cat.png\" target=\"_blank\" rel=\"noopener\"><img decoding=\"async\" class=\"size-medium wp-image-51559 aligncenter lazyload\" data-src=\"https:\/\/e-cristians.cat\/wp-content\/uploads\/2022\/06\/Copia-Manifestacio-aborto1-cat-300x300.png\" data-sizes=\"(max-width: 300px) 100vw, 300px\" data-srcset=\"https:\/\/e-cristians.cat\/wp-content\/uploads\/2022\/06\/Copia-Manifestacio-aborto1-cat-300x300.png 300w, https:\/\/e-cristians.cat\/wp-content\/uploads\/2022\/06\/Copia-Manifestacio-aborto1-cat-1024x1024.png 1024w, https:\/\/e-cristians.cat\/wp-content\/uploads\/2022\/06\/Copia-Manifestacio-aborto1-cat-150x150.png 150w, https:\/\/e-cristians.cat\/wp-content\/uploads\/2022\/06\/Copia-Manifestacio-aborto1-cat-350x350.png 350w, https:\/\/e-cristians.cat\/wp-content\/uploads\/2022\/06\/Copia-Manifestacio-aborto1-cat-600x600.png 600w, https:\/\/e-cristians.cat\/wp-content\/uploads\/2022\/06\/Copia-Manifestacio-aborto1-cat-96x96.png 96w, https:\/\/e-cristians.cat\/wp-content\/uploads\/2022\/06\/Copia-Manifestacio-aborto1-cat.png 1080w\" alt=\"\" width=\"300\" height=\"300\" src=\"data:image\/svg+xml;base64,PHN2ZyB3aWR0aD0iMSIgaGVpZ2h0PSIxIiB4bWxucz0iaHR0cDovL3d3dy53My5vcmcvMjAwMC9zdmciPjwvc3ZnPg==\" style=\"--smush-placeholder-width: 300px; --smush-placeholder-aspect-ratio: 300\/300;\" \/><\/a><a class=\"inited\" ref=\"magnificPopup\" href=\"https:\/\/e-cristians.cat\/wp-content\/uploads\/2022\/06\/Copia-Manifestacio-aborto1-cat.png\" target=\"_blank\" rel=\"noopener\"><strong>Descargar cartel en catal\u00e1n<\/strong><\/a><\/p>\n<p>&nbsp;<\/p>\n<p style=\"text-align: center;\"><a class=\"inited\" ref=\"magnificPopup\" href=\"https:\/\/e-cristians.cat\/wp-content\/uploads\/2022\/06\/Manifestacio-aborto1.png\" target=\"_blank\" rel=\"noopener\"><img decoding=\"async\" class=\"size-medium wp-image-51564 aligncenter lazyload\" data-src=\"https:\/\/e-cristians.cat\/wp-content\/uploads\/2022\/06\/Manifestacio-aborto1-300x300.png\" data-sizes=\"(max-width: 300px) 100vw, 300px\" data-srcset=\"https:\/\/e-cristians.cat\/wp-content\/uploads\/2022\/06\/Manifestacio-aborto1-300x300.png 300w, https:\/\/e-cristians.cat\/wp-content\/uploads\/2022\/06\/Manifestacio-aborto1-1024x1024.png 1024w, https:\/\/e-cristians.cat\/wp-content\/uploads\/2022\/06\/Manifestacio-aborto1-150x150.png 150w, https:\/\/e-cristians.cat\/wp-content\/uploads\/2022\/06\/Manifestacio-aborto1-350x350.png 350w, https:\/\/e-cristians.cat\/wp-content\/uploads\/2022\/06\/Manifestacio-aborto1-600x600.png 600w, https:\/\/e-cristians.cat\/wp-content\/uploads\/2022\/06\/Manifestacio-aborto1-96x96.png 96w, https:\/\/e-cristians.cat\/wp-content\/uploads\/2022\/06\/Manifestacio-aborto1.png 1080w\" alt=\"\" width=\"300\" height=\"300\" src=\"data:image\/svg+xml;base64,PHN2ZyB3aWR0aD0iMSIgaGVpZ2h0PSIxIiB4bWxucz0iaHR0cDovL3d3dy53My5vcmcvMjAwMC9zdmciPjwvc3ZnPg==\" style=\"--smush-placeholder-width: 300px; --smush-placeholder-aspect-ratio: 300\/300;\" \/><\/a><a class=\"inited\" ref=\"magnificPopup\" href=\"https:\/\/e-cristians.cat\/wp-content\/uploads\/2022\/06\/Manifestacio-aborto1.png\" target=\"_blank\" rel=\"noopener\"><strong>Descargar cartel en castellano<\/strong><\/a><\/p>\n<p>Las asociaciones y grupos pueden utilizar los carteles de su preferencia o hacer los suyos propios.<\/p>\n<p><strong>Os rogamos que contibuy\u00e1is a su difusi\u00f3n para dar a conocer el evento.<\/strong><\/p>\n","protected":false},"excerpt":{"rendered":"<p>Os adjuntamos el cartel b\u00e1sico de la Manifestaci\u00f3n \u00abEn defensa de la vida y la verdad\u00bb del d\u00eda 26 de junio en Madrid. Descargar cartel b\u00e1sico Tambi\u00e9n os adjuntamos dos versiones espec\u00edficas para Catalunya: Descargar cartel en catal\u00e1n &nbsp; Descargar cartel en castellano Las asociaciones y grupos pueden utilizar los carteles de su preferencia o&#8230;<\/p>\n","protected":false},"author":2,"featured_media":51579,"comment_status":"closed","ping_status":"closed","sticky":false,"template":"","format":"standard","meta":{"_jetpack_memberships_contains_paid_content":false,"footnotes":""},"categories":[26],"tags":[],"class_list":["post-51578","post","type-post","status-publish","format-standard","has-post-thumbnail","hentry","category-avortament-es"],"yoast_head":"<!-- This site is optimized with the Yoast SEO plugin v20.0 - https:\/\/yoast.com\/wordpress\/plugins\/seo\/ -->\n<title>Carteles de la Manifestaci\u00f3n 26 Junio - Madrid - e-Cristians<\/title>\n<meta name=\"robots\" content=\"index, follow, max-snippet:-1, max-image-preview:large, max-video-preview:-1\" \/>\n<link rel=\"canonical\" href=\"https:\/\/e-cristians.cat\/es\/carteles-de-la-manifestacion-26-junio-madrid\/\" \/>\n<meta property=\"og:locale\" content=\"es_ES\" \/>\n<meta property=\"og:type\" content=\"article\" \/>\n<meta property=\"og:title\" content=\"Carteles de la Manifestaci\u00f3n 26 Junio - Madrid - e-Cristians\" \/>\n<meta property=\"og:description\" content=\"Os adjuntamos el cartel b\u00e1sico de la Manifestaci\u00f3n \u00abEn defensa de la vida y la verdad\u00bb del d\u00eda 26 de junio en Madrid. Descargar cartel b\u00e1sico Tambi\u00e9n os adjuntamos dos versiones espec\u00edficas para Catalunya: Descargar cartel en catal\u00e1n &nbsp; Descargar cartel en castellano Las asociaciones y grupos pueden utilizar los carteles de su preferencia o...\" \/>\n<meta property=\"og:url\" content=\"https:\/\/e-cristians.cat\/es\/carteles-de-la-manifestacion-26-junio-madrid\/\" \/>\n<meta property=\"og:site_name\" content=\"e-Cristians\" \/>\n<meta property=\"article:published_time\" content=\"2022-06-09T13:47:18+00:00\" \/>\n<meta property=\"article:modified_time\" content=\"2022-06-09T14:19:44+00:00\" \/>\n<meta property=\"og:image\" content=\"https:\/\/e-cristians.cat\/wp-content\/uploads\/2022\/06\/Cartell-oficial-mani-26-juny-Madrid_mes-petita.jpg\" \/>\n\t<meta property=\"og:image:width\" content=\"500\" \/>\n\t<meta property=\"og:image:height\" content=\"254\" \/>\n\t<meta property=\"og:image:type\" content=\"image\/jpeg\" \/>\n<meta name=\"author\" content=\"e-Cristians\" \/>\n<meta name=\"twitter:card\" content=\"summary_large_image\" \/>\n<meta name=\"twitter:label1\" content=\"Escrito por\" \/>\n\t<meta name=\"twitter:data1\" content=\"e-Cristians\" \/>\n\t<meta name=\"twitter:label2\" content=\"Tiempo de lectura\" \/>\n\t<meta name=\"twitter:data2\" content=\"1 minuto\" \/>\n<script type=\"application\/ld+json\" class=\"yoast-schema-graph\">{\"@context\":\"https:\/\/schema.org\",\"@graph\":[{\"@type\":\"WebPage\",\"@id\":\"https:\/\/e-cristians.cat\/es\/carteles-de-la-manifestacion-26-junio-madrid\/\",\"url\":\"https:\/\/e-cristians.cat\/es\/carteles-de-la-manifestacion-26-junio-madrid\/\",\"name\":\"Carteles de la Manifestaci\u00f3n 26 Junio - Madrid - e-Cristians\",\"isPartOf\":{\"@id\":\"https:\/\/e-cristians.cat\/#website\"},\"datePublished\":\"2022-06-09T13:47:18+00:00\",\"dateModified\":\"2022-06-09T14:19:44+00:00\",\"author\":{\"@id\":\"https:\/\/e-cristians.cat\/#\/schema\/person\/f0ec475338e49aaef9c9dc9d9f162861\"},\"breadcrumb\":{\"@id\":\"https:\/\/e-cristians.cat\/es\/carteles-de-la-manifestacion-26-junio-madrid\/#breadcrumb\"},\"inLanguage\":\"es\",\"potentialAction\":[{\"@type\":\"ReadAction\",\"target\":[\"https:\/\/e-cristians.cat\/es\/carteles-de-la-manifestacion-26-junio-madrid\/\"]}]},{\"@type\":\"BreadcrumbList\",\"@id\":\"https:\/\/e-cristians.cat\/es\/carteles-de-la-manifestacion-26-junio-madrid\/#breadcrumb\",\"itemListElement\":[{\"@type\":\"ListItem\",\"position\":1,\"name\":\"Inici\",\"item\":\"https:\/\/e-cristians.cat\/es\/\"},{\"@type\":\"ListItem\",\"position\":2,\"name\":\"Carteles de la Manifestaci\u00f3n 26 Junio &#8211; Madrid\"}]},{\"@type\":\"WebSite\",\"@id\":\"https:\/\/e-cristians.cat\/#website\",\"url\":\"https:\/\/e-cristians.cat\/\",\"name\":\"e-Cristians\",\"description\":\"\",\"potentialAction\":[{\"@type\":\"SearchAction\",\"target\":{\"@type\":\"EntryPoint\",\"urlTemplate\":\"https:\/\/e-cristians.cat\/?s={search_term_string}\"},\"query-input\":\"required name=search_term_string\"}],\"inLanguage\":\"es\"},{\"@type\":\"Person\",\"@id\":\"https:\/\/e-cristians.cat\/#\/schema\/person\/f0ec475338e49aaef9c9dc9d9f162861\",\"name\":\"e-Cristians\",\"image\":{\"@type\":\"ImageObject\",\"inLanguage\":\"es\",\"@id\":\"https:\/\/e-cristians.cat\/#\/schema\/person\/image\/\",\"url\":\"https:\/\/secure.gravatar.com\/avatar\/14bc9e5b0ca69070f1075ad3efcb33c4?s=96&d=mm&r=g\",\"contentUrl\":\"https:\/\/secure.gravatar.com\/avatar\/14bc9e5b0ca69070f1075ad3efcb33c4?s=96&d=mm&r=g\",\"caption\":\"e-Cristians\"}}]}<\/script>\n<!-- \/ Yoast SEO plugin. -->","yoast_head_json":{"title":"Carteles de la Manifestaci\u00f3n 26 Junio - Madrid - e-Cristians","robots":{"index":"index","follow":"follow","max-snippet":"max-snippet:-1","max-image-preview":"max-image-preview:large","max-video-preview":"max-video-preview:-1"},"canonical":"https:\/\/e-cristians.cat\/es\/carteles-de-la-manifestacion-26-junio-madrid\/","og_locale":"es_ES","og_type":"article","og_title":"Carteles de la Manifestaci\u00f3n 26 Junio - Madrid - e-Cristians","og_description":"Os adjuntamos el cartel b\u00e1sico de la Manifestaci\u00f3n \u00abEn defensa de la vida y la verdad\u00bb del d\u00eda 26 de junio en Madrid. Descargar cartel b\u00e1sico Tambi\u00e9n os adjuntamos dos versiones espec\u00edficas para Catalunya: Descargar cartel en catal\u00e1n &nbsp; Descargar cartel en castellano Las asociaciones y grupos pueden utilizar los carteles de su preferencia o...","og_url":"https:\/\/e-cristians.cat\/es\/carteles-de-la-manifestacion-26-junio-madrid\/","og_site_name":"e-Cristians","article_published_time":"2022-06-09T13:47:18+00:00","article_modified_time":"2022-06-09T14:19:44+00:00","og_image":[{"width":500,"height":254,"url":"https:\/\/e-cristians.cat\/wp-content\/uploads\/2022\/06\/Cartell-oficial-mani-26-juny-Madrid_mes-petita.jpg","type":"image\/jpeg"}],"author":"e-Cristians","twitter_card":"summary_large_image","twitter_misc":{"Escrito por":"e-Cristians","Tiempo de lectura":"1 minuto"},"schema":{"@context":"https:\/\/schema.org","@graph":[{"@type":"WebPage","@id":"https:\/\/e-cristians.cat\/es\/carteles-de-la-manifestacion-26-junio-madrid\/","url":"https:\/\/e-cristians.cat\/es\/carteles-de-la-manifestacion-26-junio-madrid\/","name":"Carteles de la Manifestaci\u00f3n 26 Junio - Madrid - e-Cristians","isPartOf":{"@id":"https:\/\/e-cristians.cat\/#website"},"datePublished":"2022-06-09T13:47:18+00:00","dateModified":"2022-06-09T14:19:44+00:00","author":{"@id":"https:\/\/e-cristians.cat\/#\/schema\/person\/f0ec475338e49aaef9c9dc9d9f162861"},"breadcrumb":{"@id":"https:\/\/e-cristians.cat\/es\/carteles-de-la-manifestacion-26-junio-madrid\/#breadcrumb"},"inLanguage":"es","potentialAction":[{"@type":"ReadAction","target":["https:\/\/e-cristians.cat\/es\/carteles-de-la-manifestacion-26-junio-madrid\/"]}]},{"@type":"BreadcrumbList","@id":"https:\/\/e-cristians.cat\/es\/carteles-de-la-manifestacion-26-junio-madrid\/#breadcrumb","itemListElement":[{"@type":"ListItem","position":1,"name":"Inici","item":"https:\/\/e-cristians.cat\/es\/"},{"@type":"ListItem","position":2,"name":"Carteles de la Manifestaci\u00f3n 26 Junio &#8211; Madrid"}]},{"@type":"WebSite","@id":"https:\/\/e-cristians.cat\/#website","url":"https:\/\/e-cristians.cat\/","name":"e-Cristians","description":"","potentialAction":[{"@type":"SearchAction","target":{"@type":"EntryPoint","urlTemplate":"https:\/\/e-cristians.cat\/?s={search_term_string}"},"query-input":"required name=search_term_string"}],"inLanguage":"es"},{"@type":"Person","@id":"https:\/\/e-cristians.cat\/#\/schema\/person\/f0ec475338e49aaef9c9dc9d9f162861","name":"e-Cristians","image":{"@type":"ImageObject","inLanguage":"es","@id":"https:\/\/e-cristians.cat\/#\/schema\/person\/image\/","url":"https:\/\/secure.gravatar.com\/avatar\/14bc9e5b0ca69070f1075ad3efcb33c4?s=96&d=mm&r=g","contentUrl":"https:\/\/secure.gravatar.com\/avatar\/14bc9e5b0ca69070f1075ad3efcb33c4?s=96&d=mm&r=g","caption":"e-Cristians"}}]}},"jetpack_sharing_enabled":true,"jetpack_featured_media_url":"https:\/\/e-cristians.cat\/wp-content\/uploads\/2022\/06\/Cartell-oficial-mani-26-juny-Madrid_mes-petita.jpg","_links":{"self":[{"href":"https:\/\/e-cristians.cat\/es\/wp-json\/wp\/v2\/posts\/51578"}],"collection":[{"href":"https:\/\/e-cristians.cat\/es\/wp-json\/wp\/v2\/posts"}],"about":[{"href":"https:\/\/e-cristians.cat\/es\/wp-json\/wp\/v2\/types\/post"}],"author":[{"embeddable":true,"href":"https:\/\/e-cristians.cat\/es\/wp-json\/wp\/v2\/users\/2"}],"replies":[{"embeddable":true,"href":"https:\/\/e-cristians.cat\/es\/wp-json\/wp\/v2\/comments?post=51578"}],"version-history":[{"count":2,"href":"https:\/\/e-cristians.cat\/es\/wp-json\/wp\/v2\/posts\/51578\/revisions"}],"predecessor-version":[{"id":51590,"href":"https:\/\/e-cristians.cat\/es\/wp-json\/wp\/v2\/posts\/51578\/revisions\/51590"}],"wp:featuredmedia":[{"embeddable":true,"href":"https:\/\/e-cristians.cat\/es\/wp-json\/wp\/v2\/media\/51579"}],"wp:attachment":[{"href":"https:\/\/e-cristians.cat\/es\/wp-json\/wp\/v2\/media?parent=51578"}],"wp:term":[{"taxonomy":"category","embeddable":true,"href":"https:\/\/e-cristians.cat\/es\/wp-json\/wp\/v2\/categories?post=51578"},{"taxonomy":"post_tag","embeddable":true,"href":"https:\/\/e-cristians.cat\/es\/wp-json\/wp\/v2\/tags?post=51578"}],"curies":[{"name":"wp","href":"https:\/\/api.w.org\/{rel}","templated":true}]}}