{"id":51971,"date":"2022-09-08T15:51:52","date_gmt":"2022-09-08T13:51:52","guid":{"rendered":"https:\/\/e-cristians.cat\/?p=51971"},"modified":"2022-09-08T15:57:06","modified_gmt":"2022-09-08T13:57:06","slug":"declaracion-de-e-cristians-el-aborto-debe-situarse-en-el-centro-del-debate-politico-economico-y-moral","status":"publish","type":"post","link":"https:\/\/e-cristians.cat\/es\/declaracion-de-e-cristians-el-aborto-debe-situarse-en-el-centro-del-debate-politico-economico-y-moral\/","title":{"rendered":"Declaraci\u00f3n de e-Cristians: El aborto debe situarse en el centro del debate pol\u00edtico, econ\u00f3mico y moral"},"content":{"rendered":"<p>Nuestra sociedad ha de situar <strong>el aborto en el centro del debate<\/strong>. Nos va en ello el que construyamos unas relaciones realmente humanas, o continuemos por la pendiente de las rupturas y crisis, que se acumulan, la polarizaci\u00f3n, el enfrentamiento, y la atomizaci\u00f3n de la sociedad.<\/p>\n<p>Y esto es as\u00ed, porque sin un <strong>acuerdo b\u00e1sico sobre la vida humana<\/strong>, no puede existir una sociedad civil m\u00ednimamente cohesionada y ben\u00e9fica. El aborto masivo, decenas y decenas de miles de casos cada a\u00f1o, a pesar de la disponibilidad generalizada y f\u00e1cil de anticonceptivos, es un mal incompresible, y se\u00f1ala una perversi\u00f3n muy grave en el centro de nuestra moral colectiva, que no puede ser por m\u00e1s tiempo disimulado sin destruirnos con ella.<\/p>\n<p>El hecho que se haya normalizado y extendido <strong>el aborto eugen\u00e9sico<\/strong>, recuperando as\u00ed una pr\u00e1ctica de amargos recuerdos para la civilizaci\u00f3n europea, acent\u00faa la importancia de este mal enquistado en el seno de la sociedad y del estado. \u00bfC\u00f3mo pueden mirar a los ojos a una persona Down, como se puede celebrar en los medios de comunicaci\u00f3n su integraci\u00f3n social, si los est\u00e1n exterminando, neg\u00e1ndoles el derecho a nacer? Esta es una de tantas pr\u00e1cticas eugen\u00e9sicas incompatibles con la humanidad.<\/p>\n<p>El aborto no es una \u201ccuesti\u00f3n t\u00e9cnica\u201d, ni de \u201coportunidad pol\u00edtica\u201d, ni de \u201cderechos\u201d de la mujer. Nunca lo ha sido, como muestra su historia. <strong>Es una cuesti\u00f3n axial, y decisiva de nuestro tiempo,<\/strong> que solo la ceguera, o el ego\u00edsmo persigue evitar. Es una de las cuestiones vitales a las que debe atender el debate social y pol\u00edtico y la legislaci\u00f3n y pol\u00edticas p\u00fablicas, porque en \u00e9l est\u00e1 en juego nada m\u00e1s y nada menos que nuestros acuerdos fundamentales sobre la naturaleza humana, su formaci\u00f3n y caracterizaci\u00f3n, su significado y protecci\u00f3n, las razones de su valor, la cuesti\u00f3n de la responsabilidad de nuestros actos, nuestros criterios para identificar lo que est\u00e1 bien y lo que es justo, la diferencia entre lo necesario y lo secundario. En definitiva, sobre el sentido de la vida, de todas nuestras vidas, y la configuraci\u00f3n de lo que significa ser humano, o lo que representa el humanismo. Y todo eso o forma parte del meollo de nuestra vida en com\u00fan, o estamos abocados a la destrucci\u00f3n<\/p>\n<p>Hasta ahora, el debate ha <strong>ocultado la cuesti\u00f3n de la vida del ser humano engendrado<\/strong>, excepto en la sentencia del <strong>Tribunal Constitucional<\/strong> sobre la primera ley del aborto, que reconoc\u00eda de manera expl\u00edcita y concreta la existencia de un ser distinto a la madre y sujeto de derechos y protecci\u00f3n. En nuestro tiempo, en una vergonzosa actitud, que lo inhabilita moralmente, lleva doce a\u00f1os sin resolver el recurso de inconstitucionalidad sobre la ley vigente. Es, atenci\u00f3n, <strong>un signo m\u00e1s<\/strong> de la importancia del aborto como <strong>piedra de toque<\/strong> que se\u00f1alamos. Es tanta su significaci\u00f3n, que es capaz de cuestionar la probidad de la instancia suprema de protecci\u00f3n constitucional. Es tan decisiva la cuesti\u00f3n, que de forma espuria sus miembros han preferido degradar su misi\u00f3n antes que abordarla. Es causa de una crisis institucional, \u00bfpor qu\u00e9 c\u00f3mo vamos a confiar en un Tribunal Constitucional que procede de esta manera? Que no la asuman los responsables, las instituciones del estado y el gobierno, los partidos pol\u00edticos, no significa que la crisis no exista, solo muestra que, como dice la leyenda, aplican la pr\u00e1ctica de del avestruz de ocultar su rostro en la arena para no ver la realidad.<\/p>\n<p>La aprobaci\u00f3n <strong>por parte del Consejo de Ministros de un nuevo proyecto de ley del aborto<\/strong>, a pesar de que la vigente normativa est\u00e1 recurrida en el Tribunal Constitucional hace 12 a\u00f1os, se\u00f1ala otra gran <strong>perversi\u00f3n institucional<\/strong>. Es una pr\u00e1ctica democr\u00e1tica fraudulenta elaborar una nueva ley, que solo retoca la anterior, cuando esta est\u00e1 pendiente de juicio constitucional. La sentencia que pueda dictarse ser\u00e1 sobre una ley que ya no existir\u00e1, y volver\u00e1 a empezar la noria de recurso y a esperar mientras la ley se sigue aplicando. Es una demostraci\u00f3n de c\u00f3mo se defraudan los derechos constitucionales de los ciudadanos. En este contexto, al que se a\u00f1aden otras vulneraciones sistem\u00e1ticas del procedimiento parlamentario, el silencio de la Uni\u00f3n Europea, ante todo ello, es un motivo adicional de grave preocupaci\u00f3n.<\/p>\n<p>Por estos motivos hacemos <strong>un llamamiento<\/strong> a todas las personas de buena voluntad con independencia de su adscripci\u00f3n pol\u00edtica, llamamos a las instituciones sociales, y del estado, a los partidos pol\u00edticos, <strong>a abordar<\/strong> con respeto mutuo, razones morales, y fundamentos cient\u00edficos, todo lo que hemos apuntado sobre la naturaleza del ser humano engendrado y sus derechos, as\u00ed como, sobre el aborto eugen\u00e9sico.<\/p>\n<p>Hacemos un <strong>llamamiento especial a la Iglesia Cat\u00f3lica,<\/strong> y a todas las confesiones religiosas, para que m\u00e1s all\u00e1 del testimonio ocasional, movilicen todas sus fuerzas y recursos, para propiciar la conciencia del problema y de sus respuestas. No se trata de \u201ccumplir\u201d, sino de <strong>comprometerse firmemente y sin descanso<\/strong> \u00a0para \u00a0transformar.<\/p>\n<p><em>A septiembre de 2022<\/em><\/p>\n","protected":false},"excerpt":{"rendered":"<p>Nuestra sociedad ha de situar el aborto en el centro del debate. Nos va en ello el que construyamos unas relaciones realmente humanas, o continuemos por la pendiente de las rupturas y crisis, que se acumulan, la polarizaci\u00f3n, el enfrentamiento, y la atomizaci\u00f3n de la sociedad. Y esto es as\u00ed, porque sin un acuerdo b\u00e1sico&#8230;<\/p>\n","protected":false},"author":2,"featured_media":51969,"comment_status":"closed","ping_status":"closed","sticky":false,"template":"","format":"standard","meta":{"_jetpack_memberships_contains_paid_content":false,"footnotes":""},"categories":[26,25,30],"tags":[62],"class_list":["post-51971","post","type-post","status-publish","format-standard","has-post-thumbnail","hentry","category-avortament-es","category-campanyes-es","category-declaracions-de-cristians-es","tag-aborto"],"yoast_head":"<!-- This site is optimized with the Yoast SEO plugin v20.0 - https:\/\/yoast.com\/wordpress\/plugins\/seo\/ -->\n<title>Declaraci\u00f3n de e-Cristians: El aborto debe situarse en el centro del debate pol\u00edtico, econ\u00f3mico y moral - e-Cristians<\/title>\n<meta name=\"description\" content=\"Nuestra sociedad ha de situar el aborto en el centro del debate. Nos va en ello el que construyamos unas relaciones realmente humanas\" \/>\n<meta name=\"robots\" content=\"index, follow, max-snippet:-1, max-image-preview:large, max-video-preview:-1\" \/>\n<link rel=\"canonical\" href=\"https:\/\/e-cristians.cat\/es\/declaracion-de-e-cristians-el-aborto-debe-situarse-en-el-centro-del-debate-politico-economico-y-moral\/\" \/>\n<meta property=\"og:locale\" content=\"es_ES\" \/>\n<meta property=\"og:type\" content=\"article\" \/>\n<meta property=\"og:title\" content=\"Declaraci\u00f3n de e-Cristians: El aborto debe situarse en el centro del debate pol\u00edtico, econ\u00f3mico y moral - e-Cristians\" \/>\n<meta property=\"og:description\" content=\"Nuestra sociedad ha de situar el aborto en el centro del debate. Nos va en ello el que construyamos unas relaciones realmente humanas\" \/>\n<meta property=\"og:url\" content=\"https:\/\/e-cristians.cat\/es\/declaracion-de-e-cristians-el-aborto-debe-situarse-en-el-centro-del-debate-politico-economico-y-moral\/\" \/>\n<meta property=\"og:site_name\" content=\"e-Cristians\" \/>\n<meta property=\"article:published_time\" content=\"2022-09-08T13:51:52+00:00\" \/>\n<meta property=\"article:modified_time\" content=\"2022-09-08T13:57:06+00:00\" \/>\n<meta property=\"og:image\" content=\"https:\/\/e-cristians.cat\/wp-content\/uploads\/2022\/09\/fotonoticia_20220702082949_1200.jpg\" \/>\n\t<meta property=\"og:image:width\" content=\"1200\" \/>\n\t<meta property=\"og:image:height\" content=\"628\" \/>\n\t<meta property=\"og:image:type\" content=\"image\/jpeg\" \/>\n<meta name=\"author\" content=\"e-Cristians\" \/>\n<meta name=\"twitter:card\" content=\"summary_large_image\" \/>\n<meta name=\"twitter:label1\" content=\"Escrito por\" \/>\n\t<meta name=\"twitter:data1\" content=\"e-Cristians\" \/>\n\t<meta name=\"twitter:label2\" content=\"Tiempo de lectura\" \/>\n\t<meta name=\"twitter:data2\" content=\"5 minutos\" \/>\n<script type=\"application\/ld+json\" class=\"yoast-schema-graph\">{\"@context\":\"https:\/\/schema.org\",\"@graph\":[{\"@type\":\"WebPage\",\"@id\":\"https:\/\/e-cristians.cat\/es\/declaracion-de-e-cristians-el-aborto-debe-situarse-en-el-centro-del-debate-politico-economico-y-moral\/\",\"url\":\"https:\/\/e-cristians.cat\/es\/declaracion-de-e-cristians-el-aborto-debe-situarse-en-el-centro-del-debate-politico-economico-y-moral\/\",\"name\":\"Declaraci\u00f3n de e-Cristians: El aborto debe situarse en el centro del debate pol\u00edtico, econ\u00f3mico y moral - e-Cristians\",\"isPartOf\":{\"@id\":\"https:\/\/e-cristians.cat\/#website\"},\"datePublished\":\"2022-09-08T13:51:52+00:00\",\"dateModified\":\"2022-09-08T13:57:06+00:00\",\"author\":{\"@id\":\"https:\/\/e-cristians.cat\/#\/schema\/person\/f0ec475338e49aaef9c9dc9d9f162861\"},\"description\":\"Nuestra sociedad ha de situar el aborto en el centro del debate. Nos va en ello el que construyamos unas relaciones realmente humanas\",\"breadcrumb\":{\"@id\":\"https:\/\/e-cristians.cat\/es\/declaracion-de-e-cristians-el-aborto-debe-situarse-en-el-centro-del-debate-politico-economico-y-moral\/#breadcrumb\"},\"inLanguage\":\"es\",\"potentialAction\":[{\"@type\":\"ReadAction\",\"target\":[\"https:\/\/e-cristians.cat\/es\/declaracion-de-e-cristians-el-aborto-debe-situarse-en-el-centro-del-debate-politico-economico-y-moral\/\"]}]},{\"@type\":\"BreadcrumbList\",\"@id\":\"https:\/\/e-cristians.cat\/es\/declaracion-de-e-cristians-el-aborto-debe-situarse-en-el-centro-del-debate-politico-economico-y-moral\/#breadcrumb\",\"itemListElement\":[{\"@type\":\"ListItem\",\"position\":1,\"name\":\"Inici\",\"item\":\"https:\/\/e-cristians.cat\/es\/\"},{\"@type\":\"ListItem\",\"position\":2,\"name\":\"Declaraci\u00f3n de e-Cristians: El aborto debe situarse en el centro del debate pol\u00edtico, econ\u00f3mico y moral\"}]},{\"@type\":\"WebSite\",\"@id\":\"https:\/\/e-cristians.cat\/#website\",\"url\":\"https:\/\/e-cristians.cat\/\",\"name\":\"e-Cristians\",\"description\":\"\",\"potentialAction\":[{\"@type\":\"SearchAction\",\"target\":{\"@type\":\"EntryPoint\",\"urlTemplate\":\"https:\/\/e-cristians.cat\/?s={search_term_string}\"},\"query-input\":\"required name=search_term_string\"}],\"inLanguage\":\"es\"},{\"@type\":\"Person\",\"@id\":\"https:\/\/e-cristians.cat\/#\/schema\/person\/f0ec475338e49aaef9c9dc9d9f162861\",\"name\":\"e-Cristians\",\"image\":{\"@type\":\"ImageObject\",\"inLanguage\":\"es\",\"@id\":\"https:\/\/e-cristians.cat\/#\/schema\/person\/image\/\",\"url\":\"https:\/\/secure.gravatar.com\/avatar\/14bc9e5b0ca69070f1075ad3efcb33c4?s=96&d=mm&r=g\",\"contentUrl\":\"https:\/\/secure.gravatar.com\/avatar\/14bc9e5b0ca69070f1075ad3efcb33c4?s=96&d=mm&r=g\",\"caption\":\"e-Cristians\"}}]}<\/script>\n<!-- \/ Yoast SEO plugin. -->","yoast_head_json":{"title":"Declaraci\u00f3n de e-Cristians: El aborto debe situarse en el centro del debate pol\u00edtico, econ\u00f3mico y moral - e-Cristians","description":"Nuestra sociedad ha de situar el aborto en el centro del debate. Nos va en ello el que construyamos unas relaciones realmente humanas","robots":{"index":"index","follow":"follow","max-snippet":"max-snippet:-1","max-image-preview":"max-image-preview:large","max-video-preview":"max-video-preview:-1"},"canonical":"https:\/\/e-cristians.cat\/es\/declaracion-de-e-cristians-el-aborto-debe-situarse-en-el-centro-del-debate-politico-economico-y-moral\/","og_locale":"es_ES","og_type":"article","og_title":"Declaraci\u00f3n de e-Cristians: El aborto debe situarse en el centro del debate pol\u00edtico, econ\u00f3mico y moral - e-Cristians","og_description":"Nuestra sociedad ha de situar el aborto en el centro del debate. Nos va en ello el que construyamos unas relaciones realmente humanas","og_url":"https:\/\/e-cristians.cat\/es\/declaracion-de-e-cristians-el-aborto-debe-situarse-en-el-centro-del-debate-politico-economico-y-moral\/","og_site_name":"e-Cristians","article_published_time":"2022-09-08T13:51:52+00:00","article_modified_time":"2022-09-08T13:57:06+00:00","og_image":[{"width":1200,"height":628,"url":"https:\/\/e-cristians.cat\/wp-content\/uploads\/2022\/09\/fotonoticia_20220702082949_1200.jpg","type":"image\/jpeg"}],"author":"e-Cristians","twitter_card":"summary_large_image","twitter_misc":{"Escrito por":"e-Cristians","Tiempo de lectura":"5 minutos"},"schema":{"@context":"https:\/\/schema.org","@graph":[{"@type":"WebPage","@id":"https:\/\/e-cristians.cat\/es\/declaracion-de-e-cristians-el-aborto-debe-situarse-en-el-centro-del-debate-politico-economico-y-moral\/","url":"https:\/\/e-cristians.cat\/es\/declaracion-de-e-cristians-el-aborto-debe-situarse-en-el-centro-del-debate-politico-economico-y-moral\/","name":"Declaraci\u00f3n de e-Cristians: El aborto debe situarse en el centro del debate pol\u00edtico, econ\u00f3mico y moral - e-Cristians","isPartOf":{"@id":"https:\/\/e-cristians.cat\/#website"},"datePublished":"2022-09-08T13:51:52+00:00","dateModified":"2022-09-08T13:57:06+00:00","author":{"@id":"https:\/\/e-cristians.cat\/#\/schema\/person\/f0ec475338e49aaef9c9dc9d9f162861"},"description":"Nuestra sociedad ha de situar el aborto en el centro del debate. Nos va en ello el que construyamos unas relaciones realmente humanas","breadcrumb":{"@id":"https:\/\/e-cristians.cat\/es\/declaracion-de-e-cristians-el-aborto-debe-situarse-en-el-centro-del-debate-politico-economico-y-moral\/#breadcrumb"},"inLanguage":"es","potentialAction":[{"@type":"ReadAction","target":["https:\/\/e-cristians.cat\/es\/declaracion-de-e-cristians-el-aborto-debe-situarse-en-el-centro-del-debate-politico-economico-y-moral\/"]}]},{"@type":"BreadcrumbList","@id":"https:\/\/e-cristians.cat\/es\/declaracion-de-e-cristians-el-aborto-debe-situarse-en-el-centro-del-debate-politico-economico-y-moral\/#breadcrumb","itemListElement":[{"@type":"ListItem","position":1,"name":"Inici","item":"https:\/\/e-cristians.cat\/es\/"},{"@type":"ListItem","position":2,"name":"Declaraci\u00f3n de e-Cristians: El aborto debe situarse en el centro del debate pol\u00edtico, econ\u00f3mico y moral"}]},{"@type":"WebSite","@id":"https:\/\/e-cristians.cat\/#website","url":"https:\/\/e-cristians.cat\/","name":"e-Cristians","description":"","potentialAction":[{"@type":"SearchAction","target":{"@type":"EntryPoint","urlTemplate":"https:\/\/e-cristians.cat\/?s={search_term_string}"},"query-input":"required name=search_term_string"}],"inLanguage":"es"},{"@type":"Person","@id":"https:\/\/e-cristians.cat\/#\/schema\/person\/f0ec475338e49aaef9c9dc9d9f162861","name":"e-Cristians","image":{"@type":"ImageObject","inLanguage":"es","@id":"https:\/\/e-cristians.cat\/#\/schema\/person\/image\/","url":"https:\/\/secure.gravatar.com\/avatar\/14bc9e5b0ca69070f1075ad3efcb33c4?s=96&d=mm&r=g","contentUrl":"https:\/\/secure.gravatar.com\/avatar\/14bc9e5b0ca69070f1075ad3efcb33c4?s=96&d=mm&r=g","caption":"e-Cristians"}}]}},"jetpack_sharing_enabled":true,"jetpack_featured_media_url":"https:\/\/e-cristians.cat\/wp-content\/uploads\/2022\/09\/fotonoticia_20220702082949_1200.jpg","_links":{"self":[{"href":"https:\/\/e-cristians.cat\/es\/wp-json\/wp\/v2\/posts\/51971"}],"collection":[{"href":"https:\/\/e-cristians.cat\/es\/wp-json\/wp\/v2\/posts"}],"about":[{"href":"https:\/\/e-cristians.cat\/es\/wp-json\/wp\/v2\/types\/post"}],"author":[{"embeddable":true,"href":"https:\/\/e-cristians.cat\/es\/wp-json\/wp\/v2\/users\/2"}],"replies":[{"embeddable":true,"href":"https:\/\/e-cristians.cat\/es\/wp-json\/wp\/v2\/comments?post=51971"}],"version-history":[{"count":1,"href":"https:\/\/e-cristians.cat\/es\/wp-json\/wp\/v2\/posts\/51971\/revisions"}],"predecessor-version":[{"id":51973,"href":"https:\/\/e-cristians.cat\/es\/wp-json\/wp\/v2\/posts\/51971\/revisions\/51973"}],"wp:featuredmedia":[{"embeddable":true,"href":"https:\/\/e-cristians.cat\/es\/wp-json\/wp\/v2\/media\/51969"}],"wp:attachment":[{"href":"https:\/\/e-cristians.cat\/es\/wp-json\/wp\/v2\/media?parent=51971"}],"wp:term":[{"taxonomy":"category","embeddable":true,"href":"https:\/\/e-cristians.cat\/es\/wp-json\/wp\/v2\/categories?post=51971"},{"taxonomy":"post_tag","embeddable":true,"href":"https:\/\/e-cristians.cat\/es\/wp-json\/wp\/v2\/tags?post=51971"}],"curies":[{"name":"wp","href":"https:\/\/api.w.org\/{rel}","templated":true}]}}