{"id":52828,"date":"2022-09-21T15:28:30","date_gmt":"2022-09-21T13:28:30","guid":{"rendered":"https:\/\/e-cristians.cat\/?p=52828"},"modified":"2022-09-22T15:36:26","modified_gmt":"2022-09-22T13:36:26","slug":"primer-congreso-nacional-de-40-dias-por-la-vida","status":"publish","type":"post","link":"https:\/\/e-cristians.cat\/es\/primer-congreso-nacional-de-40-dias-por-la-vida\/","title":{"rendered":"Primer Congreso Nacional de 40 D\u00edas por la Vida"},"content":{"rendered":"<p>40 D\u00edas por la Vida ha desarrollado su primer Congreso Nacional en Espa\u00f1a.\u00a0La\u00a0<a href=\"https:\/\/40diasporlavida.online\/\" target=\"_blank\" rel=\"noopener\">iniciativa internacional<\/a>\u00a0est\u00e1 de nuevo presente en diferentes ciudades con el objetivo de rezar para luchar contra el aborto y en favor de la\u00a0<a href=\"https:\/\/www.forumlibertas.com\/cuales-seran-los-proximos-movimientos-de-los-pro-vida-en-estados-unidos\/\" target=\"_blank\" rel=\"noopener\">vida<\/a>.<\/p>\n<p>Sus acciones regulares utilizan el\u00a0<a href=\"https:\/\/www.forumlibertas.com\/40-dias-por-la-vida\/\" target=\"_blank\" rel=\"noopener\">poder de la oraci\u00f3n<\/a>\u00a0para salvar a los ni\u00f1os por nacer cuyas madres acuden a cl\u00ednicas de aborto. Se sit\u00faan en las puertas de estos centros para elevar sus oraciones a sus madres y sus hijos.<\/p>\n<p>El 10 y 11 de septiembre ha tenido lugar el primer Congreso Nacional de 40 D\u00edas por la Vida en Madrid. El evento cont\u00f3 con la participaci\u00f3n de diferentes expertos internacionales, l\u00edderes de campa\u00f1as y voluntarios de todo el pa\u00eds. Estas dos jornadas se han llevado a cabo para\u00a0<strong>\u201cunir puentes entre nuestros hermanos que tambi\u00e9n est\u00e1n en diferentes partes del mundo en la lucha por la vida\u201d,<\/strong> seg\u00fan los organizadores.<\/p>\n<p>Entre los ponentes se ha encontrado Monse\u00f1or Munilla, obispo de Orihuela -Alicante, figuras profesionales en la materia como abogados, periodistas, coordinadores y directores de las campa\u00f1as internacionales. Han asistido, adem\u00e1s, m\u00e1s de un centenar de participantes.<\/p>\n<p>El Congreso se inici\u00f3 con la apertura de las palabras introductorias de Nayeli Rodr\u00edguez, coordinadora de las campa\u00f1as de 40 D\u00edas por la Vida en Espa\u00f1a.<\/p>\n<p>Mejorar la coordinaci\u00f3n y colaboraci\u00f3n entre los diferentes equipos distribuidos en las 21 ciudades de Espa\u00f1a ha sido uno de los prop\u00f3sitos del congreso. Se desarrollaron din\u00e1micas de convivencia para los equipos: \u201cHe aprendido mucho, yo vengo a formarme. Tuve poca experiencia en 40 D\u00edas por la Vida. Ahora tengo un tiempo fuera del trabajo y puedo dedicarlo a esto y otras cosas. El d\u00eda de hoy fue fenomenal\u201d, cuenta Julio, uno de los participantes.<\/p>\n<p>Durante las jornadas se abordaron los casos del movimiento pro vida en diferentes pa\u00edses, se presentaron los testimonios en la lucha por la vida de Croacia, Alemania, Colombia y Reino Unido. Asimismo,\u00a0<strong>se vieron los diferentes aspectos del accionar de los pro vida frente a los medios, la polic\u00eda y la agresi\u00f3n<\/strong>. Para ello, se impartieron una serie de talleres en los que se trabaj\u00f3 animadamente en la manera de argumentar en un debate pro vida, hablar con un polic\u00eda, actuar ante los medios de comunicaci\u00f3n y se trat\u00f3 el seguimiento del protocolo ante la nueva ley.<\/p>\n<p>\u201cEspa\u00f1a tiene potencial de expandir el movimiento de 40 D\u00edas por la Vida y fomentar las vigilias de oraci\u00f3n. Espa\u00f1a es un pa\u00eds cat\u00f3lico con una tradici\u00f3n cat\u00f3lica cristiana y si no vamos a tener en Espa\u00f1a muchas vigilias, \u00bfd\u00f3nde si no aqu\u00ed? Estamos en un buen camino. Es bueno que hayan llegado los abogados para ayudar. Necesitamos ayuda de la gente profesional\u201d, coment\u00f3 Tomislav Cunovic, director de asuntos internacionales de 40 Days for Life.<\/p>\n<p>Los organizadores consideran que el Congreso ha sido un empuj\u00f3n para la segunda campa\u00f1a de oto\u00f1o que inicia el pr\u00f3ximo 28 de septiembre hasta el 6 de noviembre. Se retomar\u00e1n las horas de oraci\u00f3n frente a las cl\u00ednicas abortistas de las principales ciudades del pa\u00eds. \u201cEs nuestra tarea levantar la voz y rezar, unirnos en la oraci\u00f3n y mostrar que Espa\u00f1a es una sociedad provida que acepta y que quiere la vida\u201d sentencia Tomislav Cunovic.<\/p>\n<p>El Congreso finaliz\u00f3 con unas palabras de Nayeli aludiendo a\u00a0<strong>la vocaci\u00f3n evangelizadora que ha tenido siempre en la historia de la cristiandad Espa\u00f1a<\/strong>, exhortando a seguir con esta vocaci\u00f3n. Los participantes se unieron a este sentir.<\/p>\n","protected":false},"excerpt":{"rendered":"<p>40 D\u00edas por la Vida ha desarrollado su primer Congreso Nacional en Espa\u00f1a.\u00a0La\u00a0iniciativa internacional\u00a0est\u00e1 de nuevo presente en diferentes ciudades con el objetivo de rezar para luchar contra el aborto y en favor de la\u00a0vida. Sus acciones regulares utilizan el\u00a0poder de la oraci\u00f3n\u00a0para salvar a los ni\u00f1os por nacer cuyas madres acuden a cl\u00ednicas de&#8230;<\/p>\n","protected":false},"author":2,"featured_media":52829,"comment_status":"closed","ping_status":"closed","sticky":false,"template":"","format":"standard","meta":{"_jetpack_memberships_contains_paid_content":false,"footnotes":""},"categories":[33,39],"tags":[],"class_list":["post-52828","post","type-post","status-publish","format-standard","has-post-thumbnail","hentry","category-altres-entitats-informacions-agenda-i-documents-es","category-portada_news-es"],"yoast_head":"<!-- This site is optimized with the Yoast SEO plugin v20.0 - https:\/\/yoast.com\/wordpress\/plugins\/seo\/ -->\n<title>Primer Congreso Nacional de 40 D\u00edas por la Vida - e-Cristians<\/title>\n<meta name=\"robots\" content=\"noindex, nofollow\" \/>\n<meta property=\"og:locale\" content=\"es_ES\" \/>\n<meta property=\"og:type\" content=\"article\" \/>\n<meta property=\"og:title\" content=\"Primer Congreso Nacional de 40 D\u00edas por la Vida - e-Cristians\" \/>\n<meta property=\"og:description\" content=\"40 D\u00edas por la Vida ha desarrollado su primer Congreso Nacional en Espa\u00f1a.\u00a0La\u00a0iniciativa internacional\u00a0est\u00e1 de nuevo presente en diferentes ciudades con el objetivo de rezar para luchar contra el aborto y en favor de la\u00a0vida. Sus acciones regulares utilizan el\u00a0poder de la oraci\u00f3n\u00a0para salvar a los ni\u00f1os por nacer cuyas madres acuden a cl\u00ednicas de...\" \/>\n<meta property=\"og:url\" content=\"https:\/\/e-cristians.cat\/es\/primer-congreso-nacional-de-40-dias-por-la-vida\/\" \/>\n<meta property=\"og:site_name\" content=\"e-Cristians\" \/>\n<meta property=\"article:published_time\" content=\"2022-09-21T13:28:30+00:00\" \/>\n<meta property=\"article:modified_time\" content=\"2022-09-22T13:36:26+00:00\" \/>\n<meta property=\"og:image\" content=\"https:\/\/e-cristians.cat\/wp-content\/uploads\/2022\/09\/sadad-600x337-1.png\" \/>\n\t<meta property=\"og:image:width\" content=\"600\" \/>\n\t<meta property=\"og:image:height\" content=\"337\" \/>\n\t<meta property=\"og:image:type\" content=\"image\/png\" \/>\n<meta name=\"author\" content=\"e-Cristians\" \/>\n<meta name=\"twitter:card\" content=\"summary_large_image\" \/>\n<meta name=\"twitter:label1\" content=\"Escrito por\" \/>\n\t<meta name=\"twitter:data1\" content=\"e-Cristians\" \/>\n\t<meta name=\"twitter:label2\" content=\"Tiempo de lectura\" \/>\n\t<meta name=\"twitter:data2\" content=\"4 minutos\" \/>\n<script type=\"application\/ld+json\" class=\"yoast-schema-graph\">{\"@context\":\"https:\/\/schema.org\",\"@graph\":[{\"@type\":\"WebPage\",\"@id\":\"https:\/\/e-cristians.cat\/es\/primer-congreso-nacional-de-40-dias-por-la-vida\/\",\"url\":\"https:\/\/e-cristians.cat\/es\/primer-congreso-nacional-de-40-dias-por-la-vida\/\",\"name\":\"Primer Congreso Nacional de 40 D\u00edas por la Vida - e-Cristians\",\"isPartOf\":{\"@id\":\"https:\/\/e-cristians.cat\/#website\"},\"datePublished\":\"2022-09-21T13:28:30+00:00\",\"dateModified\":\"2022-09-22T13:36:26+00:00\",\"author\":{\"@id\":\"https:\/\/e-cristians.cat\/#\/schema\/person\/f0ec475338e49aaef9c9dc9d9f162861\"},\"breadcrumb\":{\"@id\":\"https:\/\/e-cristians.cat\/es\/primer-congreso-nacional-de-40-dias-por-la-vida\/#breadcrumb\"},\"inLanguage\":\"es\",\"potentialAction\":[{\"@type\":\"ReadAction\",\"target\":[\"https:\/\/e-cristians.cat\/es\/primer-congreso-nacional-de-40-dias-por-la-vida\/\"]}]},{\"@type\":\"BreadcrumbList\",\"@id\":\"https:\/\/e-cristians.cat\/es\/primer-congreso-nacional-de-40-dias-por-la-vida\/#breadcrumb\",\"itemListElement\":[{\"@type\":\"ListItem\",\"position\":1,\"name\":\"Inici\",\"item\":\"https:\/\/e-cristians.cat\/es\/\"},{\"@type\":\"ListItem\",\"position\":2,\"name\":\"Primer Congreso Nacional de 40 D\u00edas por la Vida\"}]},{\"@type\":\"WebSite\",\"@id\":\"https:\/\/e-cristians.cat\/#website\",\"url\":\"https:\/\/e-cristians.cat\/\",\"name\":\"e-Cristians\",\"description\":\"\",\"potentialAction\":[{\"@type\":\"SearchAction\",\"target\":{\"@type\":\"EntryPoint\",\"urlTemplate\":\"https:\/\/e-cristians.cat\/?s={search_term_string}\"},\"query-input\":\"required name=search_term_string\"}],\"inLanguage\":\"es\"},{\"@type\":\"Person\",\"@id\":\"https:\/\/e-cristians.cat\/#\/schema\/person\/f0ec475338e49aaef9c9dc9d9f162861\",\"name\":\"e-Cristians\",\"image\":{\"@type\":\"ImageObject\",\"inLanguage\":\"es\",\"@id\":\"https:\/\/e-cristians.cat\/#\/schema\/person\/image\/\",\"url\":\"https:\/\/secure.gravatar.com\/avatar\/14bc9e5b0ca69070f1075ad3efcb33c4?s=96&d=mm&r=g\",\"contentUrl\":\"https:\/\/secure.gravatar.com\/avatar\/14bc9e5b0ca69070f1075ad3efcb33c4?s=96&d=mm&r=g\",\"caption\":\"e-Cristians\"}}]}<\/script>\n<!-- \/ Yoast SEO plugin. -->","yoast_head_json":{"title":"Primer Congreso Nacional de 40 D\u00edas por la Vida - e-Cristians","robots":{"index":"noindex","follow":"nofollow"},"og_locale":"es_ES","og_type":"article","og_title":"Primer Congreso Nacional de 40 D\u00edas por la Vida - e-Cristians","og_description":"40 D\u00edas por la Vida ha desarrollado su primer Congreso Nacional en Espa\u00f1a.\u00a0La\u00a0iniciativa internacional\u00a0est\u00e1 de nuevo presente en diferentes ciudades con el objetivo de rezar para luchar contra el aborto y en favor de la\u00a0vida. Sus acciones regulares utilizan el\u00a0poder de la oraci\u00f3n\u00a0para salvar a los ni\u00f1os por nacer cuyas madres acuden a cl\u00ednicas de...","og_url":"https:\/\/e-cristians.cat\/es\/primer-congreso-nacional-de-40-dias-por-la-vida\/","og_site_name":"e-Cristians","article_published_time":"2022-09-21T13:28:30+00:00","article_modified_time":"2022-09-22T13:36:26+00:00","og_image":[{"width":600,"height":337,"url":"https:\/\/e-cristians.cat\/wp-content\/uploads\/2022\/09\/sadad-600x337-1.png","type":"image\/png"}],"author":"e-Cristians","twitter_card":"summary_large_image","twitter_misc":{"Escrito por":"e-Cristians","Tiempo de lectura":"4 minutos"},"schema":{"@context":"https:\/\/schema.org","@graph":[{"@type":"WebPage","@id":"https:\/\/e-cristians.cat\/es\/primer-congreso-nacional-de-40-dias-por-la-vida\/","url":"https:\/\/e-cristians.cat\/es\/primer-congreso-nacional-de-40-dias-por-la-vida\/","name":"Primer Congreso Nacional de 40 D\u00edas por la Vida - e-Cristians","isPartOf":{"@id":"https:\/\/e-cristians.cat\/#website"},"datePublished":"2022-09-21T13:28:30+00:00","dateModified":"2022-09-22T13:36:26+00:00","author":{"@id":"https:\/\/e-cristians.cat\/#\/schema\/person\/f0ec475338e49aaef9c9dc9d9f162861"},"breadcrumb":{"@id":"https:\/\/e-cristians.cat\/es\/primer-congreso-nacional-de-40-dias-por-la-vida\/#breadcrumb"},"inLanguage":"es","potentialAction":[{"@type":"ReadAction","target":["https:\/\/e-cristians.cat\/es\/primer-congreso-nacional-de-40-dias-por-la-vida\/"]}]},{"@type":"BreadcrumbList","@id":"https:\/\/e-cristians.cat\/es\/primer-congreso-nacional-de-40-dias-por-la-vida\/#breadcrumb","itemListElement":[{"@type":"ListItem","position":1,"name":"Inici","item":"https:\/\/e-cristians.cat\/es\/"},{"@type":"ListItem","position":2,"name":"Primer Congreso Nacional de 40 D\u00edas por la Vida"}]},{"@type":"WebSite","@id":"https:\/\/e-cristians.cat\/#website","url":"https:\/\/e-cristians.cat\/","name":"e-Cristians","description":"","potentialAction":[{"@type":"SearchAction","target":{"@type":"EntryPoint","urlTemplate":"https:\/\/e-cristians.cat\/?s={search_term_string}"},"query-input":"required name=search_term_string"}],"inLanguage":"es"},{"@type":"Person","@id":"https:\/\/e-cristians.cat\/#\/schema\/person\/f0ec475338e49aaef9c9dc9d9f162861","name":"e-Cristians","image":{"@type":"ImageObject","inLanguage":"es","@id":"https:\/\/e-cristians.cat\/#\/schema\/person\/image\/","url":"https:\/\/secure.gravatar.com\/avatar\/14bc9e5b0ca69070f1075ad3efcb33c4?s=96&d=mm&r=g","contentUrl":"https:\/\/secure.gravatar.com\/avatar\/14bc9e5b0ca69070f1075ad3efcb33c4?s=96&d=mm&r=g","caption":"e-Cristians"}}]}},"jetpack_sharing_enabled":true,"jetpack_featured_media_url":"https:\/\/e-cristians.cat\/wp-content\/uploads\/2022\/09\/sadad-600x337-1.png","_links":{"self":[{"href":"https:\/\/e-cristians.cat\/es\/wp-json\/wp\/v2\/posts\/52828"}],"collection":[{"href":"https:\/\/e-cristians.cat\/es\/wp-json\/wp\/v2\/posts"}],"about":[{"href":"https:\/\/e-cristians.cat\/es\/wp-json\/wp\/v2\/types\/post"}],"author":[{"embeddable":true,"href":"https:\/\/e-cristians.cat\/es\/wp-json\/wp\/v2\/users\/2"}],"replies":[{"embeddable":true,"href":"https:\/\/e-cristians.cat\/es\/wp-json\/wp\/v2\/comments?post=52828"}],"version-history":[{"count":2,"href":"https:\/\/e-cristians.cat\/es\/wp-json\/wp\/v2\/posts\/52828\/revisions"}],"predecessor-version":[{"id":52832,"href":"https:\/\/e-cristians.cat\/es\/wp-json\/wp\/v2\/posts\/52828\/revisions\/52832"}],"wp:featuredmedia":[{"embeddable":true,"href":"https:\/\/e-cristians.cat\/es\/wp-json\/wp\/v2\/media\/52829"}],"wp:attachment":[{"href":"https:\/\/e-cristians.cat\/es\/wp-json\/wp\/v2\/media?parent=52828"}],"wp:term":[{"taxonomy":"category","embeddable":true,"href":"https:\/\/e-cristians.cat\/es\/wp-json\/wp\/v2\/categories?post=52828"},{"taxonomy":"post_tag","embeddable":true,"href":"https:\/\/e-cristians.cat\/es\/wp-json\/wp\/v2\/tags?post=52828"}],"curies":[{"name":"wp","href":"https:\/\/api.w.org\/{rel}","templated":true}]}}