{"id":52851,"date":"2022-09-23T10:00:37","date_gmt":"2022-09-23T08:00:37","guid":{"rendered":"https:\/\/e-cristians.cat\/?p=52851"},"modified":"2022-09-29T17:37:33","modified_gmt":"2022-09-29T15:37:33","slug":"carta-semanal-de-josep-miro-tras-la-virtut-la-primera-sesion-del-club-de-lectura","status":"publish","type":"post","link":"https:\/\/e-cristians.cat\/es\/carta-semanal-de-josep-miro-tras-la-virtut-la-primera-sesion-del-club-de-lectura\/","title":{"rendered":"Tras la virtud, la primera sesi\u00f3n del Club de Lectura"},"content":{"rendered":"<p>Apreciados amigos\/Apreciadas amigas de e-Cristians:<\/p>\n<p>Ya os hemos informado ampliamente de la nueva iniciativa de e-Cristians, que es el <strong>Club de Lectura<\/strong>. Como sab\u00e9is, se trata de dedicar cada mes a un libro concreto, seleccionado por su inter\u00e9s explicativo de la realidad en la que vivimos y destinar una sesi\u00f3n mensual a debatirlo con un buen conocedor de la obra en cuesti\u00f3n.<\/p>\n<p><a href=\"https:\/\/e-cristians.cat\/es\/ya-te-has-apuntado-para-participar-en-el-club-de-lectura-de-la-alternativa-cristiana\/\" target=\"_blank\" rel=\"noopener\"><strong>Aqu\u00ed<\/strong><\/a> encontrar\u00e1s el listado libros, autores, fechas y ponentes, y tambi\u00e9n la forma de inscribirse para aquellos que todav\u00eda no lo hab\u00e9is hecho.<\/p>\n<p>La <strong>primera sesi\u00f3n<\/strong> ser\u00e1 el <strong>18 de Octubre a las 19h.<\/strong> (y hasta las 20:30h.), y <strong>presencialmente<\/strong> se hace en la Universidad Abat Oliba CEU, donde, por cierto, a esa hora es extraordinariamente f\u00e1cil aparcar por el entorno. Tambi\u00e9n se puede seguir la sesi\u00f3n <strong>virtualmente<\/strong> y en su momento os haremos llegar el enlace. Tengo que hacer observar que este camino es m\u00e1s c\u00f3modo, va bien para que puedan acceder personas que no viven en Barcelona, \u200b\u200bni en Catalunya, porque en este momento ya hay inscrito un buen n\u00famero de personas de Hispanoam\u00e9rica. Pero nada sustituye al encuentro directo, porque es el que permite el di\u00e1logo m\u00e1s f\u00e1cil con el ponente y entre los miembros presentes. Por tanto, a todos aquellos que por cuesti\u00f3n de distancia pod\u00e1is asistir, os recomiendo la presencia a todas las sesiones mensuales del Club de Lectura.<\/p>\n<p>En el caso de la obra en cuesti\u00f3n, <em><strong>\u00abTras la virtud\u00bb<\/strong><\/em> (1981), cabe decir que se ha convertido en un gran cl\u00e1sico de la filosof\u00eda moral de nuestro tiempo. \u00bfPor qu\u00e9 es un cl\u00e1sico? Pues por la raz\u00f3n com\u00fan a todos: porque le\u00eddo en la actualidad el libro mantiene vivo su texto. En ese momento el diagn\u00f3stico que hizo <strong>Alasdair MacIntyre<\/strong> es m\u00e1s real y descriptivo que nunca de los problemas que sufrimos.<\/p>\n<p>El t\u00edtulo del libro, <em>\u00abTras la virtud\u00bb,<\/em> no est\u00e1 formulado en el sentido de ir detr\u00e1s de esta a buscarla, sino en el de vivir en una \u00e9poca posterior a aquella en la que la virtud era una dimensi\u00f3n de nuestra sociedad.<\/p>\n<p>Leer el libro, participar en el debate del d\u00eda 18 de octubre significa aclararnos sobre cuestiones tan importantes como por qu\u00e9 el discurso de los valores que est\u00e1 a la orden del d\u00eda es tan vac\u00edo e in\u00fatil. Todos y todo el mundo habla de valores y estos est\u00e1n muy lejos de realizarse. En <em>\u00abTras la virtud\u00bb<\/em> podemos encontrar la respuesta. Tambi\u00e9n podemos entender bien en qu\u00e9 consiste este acto virtuoso, entenderlo y c\u00f3mo es posible constituir una comunidad que lo practique. O por qu\u00e9 la tradici\u00f3n no es un hecho f\u00f3sil, sino una realidad hist\u00f3rica llena de dinamismo que nos permite vivir mejor y afrontar el futuro con garant\u00edas. El libro de MacIntyre tiene un inter\u00e9s central en su obra, porque pertenece al inicio de una nueva fase cr\u00edtica con su anterior trayectoria filos\u00f3fica, ya que pas\u00f3 por el marxismo, despu\u00e9s de un per\u00edodo de reflexi\u00f3n fue canviando progresivamente hacia la concepci\u00f3n aristot\u00e9lica de ella, pas\u00f3 al tomismo y a trav\u00e9s de ese proceso intelectual se convirti\u00f3 ya en una edad avanzada al catolicismo. Este autor es una muestra de la belleza y el poder de la fe traducida en cultura que se manifiesta de una forma tan arrolladora en Tom\u00e1s de Aquino. Cuando escribi\u00f3 \u00ab<em>Tras la virtud\u00bb<\/em> esta conversi\u00f3n todav\u00eda no se hab\u00eda efectuado y esto hace m\u00e1s interesante el an\u00e1lisis del libro, que comienza con una descripci\u00f3n muy original que parece m\u00e1s el argumento de una pel\u00edcula o una serie dist\u00f3pica, como Mad Max, que la introducci\u00f3n a una obra filos\u00f3fica y con esta entrada nos aclara en pocas p\u00e1ginas la realidad en la que vivimos.<\/p>\n<p>No quiero dar m\u00e1s elementos sobre la obra y os invito a que particip\u00e9is en todo el ciclo y que disfrut\u00e9is de esta manera de la oportunidad de adquirir todos los libros a un precio muy m\u00f3dico, o bien si le interesa solo el de la sesi\u00f3n correspondiente.<\/p>\n<p><strong>Os espero el d\u00eda 18 de octubre para comentar y dialogar<\/strong> sobre una obra fundamental que debe ayudarnos en la <strong>transformaci\u00f3n<\/strong> de nuestra sociedad y de las instituciones.<\/p>\n","protected":false},"excerpt":{"rendered":"<p>Apreciados amigos\/Apreciadas amigas de e-Cristians: Ya os hemos informado ampliamente de la nueva iniciativa de e-Cristians, que es el Club de Lectura. Como sab\u00e9is, se trata de dedicar cada mes a un libro concreto, seleccionado por su inter\u00e9s explicativo de la realidad en la que vivimos y destinar una sesi\u00f3n mensual a debatirlo con un&#8230;<\/p>\n","protected":false},"author":2,"featured_media":52850,"comment_status":"closed","ping_status":"closed","sticky":false,"template":"","format":"standard","meta":{"_jetpack_memberships_contains_paid_content":false,"footnotes":""},"categories":[29],"tags":[308,314],"class_list":["post-52851","post","type-post","status-publish","format-standard","has-post-thumbnail","hentry","category-carta-setmanal-de-josep-miro-i-ardevol-es","tag-club-de-lectura","tag-tras-la-virtud-es"],"yoast_head":"<!-- This site is optimized with the Yoast SEO plugin v20.0 - https:\/\/yoast.com\/wordpress\/plugins\/seo\/ -->\n<title>Tras la virtud, la primera sesi\u00f3n del Club de Lectura - e-Cristians<\/title>\n<meta name=\"description\" content=\"Ya os hemos informado ampliamente de la nueva iniciativa de e-Cristians, que es el Club de Lectura. Como sab\u00e9is, se trata de dedicar\" \/>\n<meta name=\"robots\" content=\"index, follow, max-snippet:-1, max-image-preview:large, max-video-preview:-1\" \/>\n<link rel=\"canonical\" href=\"https:\/\/e-cristians.cat\/es\/carta-semanal-de-josep-miro-tras-la-virtut-la-primera-sesion-del-club-de-lectura\/\" \/>\n<meta property=\"og:locale\" content=\"es_ES\" \/>\n<meta property=\"og:type\" content=\"article\" \/>\n<meta property=\"og:title\" content=\"Tras la virtud, la primera sesi\u00f3n del Club de Lectura - e-Cristians\" \/>\n<meta property=\"og:description\" content=\"Ya os hemos informado ampliamente de la nueva iniciativa de e-Cristians, que es el Club de Lectura. Como sab\u00e9is, se trata de dedicar\" \/>\n<meta property=\"og:url\" content=\"https:\/\/e-cristians.cat\/es\/carta-semanal-de-josep-miro-tras-la-virtut-la-primera-sesion-del-club-de-lectura\/\" \/>\n<meta property=\"og:site_name\" content=\"e-Cristians\" \/>\n<meta property=\"article:published_time\" content=\"2022-09-23T08:00:37+00:00\" \/>\n<meta property=\"article:modified_time\" content=\"2022-09-29T15:37:33+00:00\" \/>\n<meta property=\"og:image\" content=\"https:\/\/e-cristians.cat\/wp-content\/uploads\/2022\/09\/Sense-titol-1.jpg\" \/>\n\t<meta property=\"og:image:width\" content=\"379\" \/>\n\t<meta property=\"og:image:height\" content=\"249\" \/>\n\t<meta property=\"og:image:type\" content=\"image\/jpeg\" \/>\n<meta name=\"author\" content=\"e-Cristians\" \/>\n<meta name=\"twitter:card\" content=\"summary_large_image\" \/>\n<meta name=\"twitter:label1\" content=\"Escrito por\" \/>\n\t<meta name=\"twitter:data1\" content=\"e-Cristians\" \/>\n\t<meta name=\"twitter:label2\" content=\"Tiempo de lectura\" \/>\n\t<meta name=\"twitter:data2\" content=\"4 minutos\" \/>\n<script type=\"application\/ld+json\" class=\"yoast-schema-graph\">{\"@context\":\"https:\/\/schema.org\",\"@graph\":[{\"@type\":\"WebPage\",\"@id\":\"https:\/\/e-cristians.cat\/es\/carta-semanal-de-josep-miro-tras-la-virtut-la-primera-sesion-del-club-de-lectura\/\",\"url\":\"https:\/\/e-cristians.cat\/es\/carta-semanal-de-josep-miro-tras-la-virtut-la-primera-sesion-del-club-de-lectura\/\",\"name\":\"Tras la virtud, la primera sesi\u00f3n del Club de Lectura - e-Cristians\",\"isPartOf\":{\"@id\":\"https:\/\/e-cristians.cat\/#website\"},\"datePublished\":\"2022-09-23T08:00:37+00:00\",\"dateModified\":\"2022-09-29T15:37:33+00:00\",\"author\":{\"@id\":\"https:\/\/e-cristians.cat\/#\/schema\/person\/f0ec475338e49aaef9c9dc9d9f162861\"},\"description\":\"Ya os hemos informado ampliamente de la nueva iniciativa de e-Cristians, que es el Club de Lectura. Como sab\u00e9is, se trata de dedicar\",\"breadcrumb\":{\"@id\":\"https:\/\/e-cristians.cat\/es\/carta-semanal-de-josep-miro-tras-la-virtut-la-primera-sesion-del-club-de-lectura\/#breadcrumb\"},\"inLanguage\":\"es\",\"potentialAction\":[{\"@type\":\"ReadAction\",\"target\":[\"https:\/\/e-cristians.cat\/es\/carta-semanal-de-josep-miro-tras-la-virtut-la-primera-sesion-del-club-de-lectura\/\"]}]},{\"@type\":\"BreadcrumbList\",\"@id\":\"https:\/\/e-cristians.cat\/es\/carta-semanal-de-josep-miro-tras-la-virtut-la-primera-sesion-del-club-de-lectura\/#breadcrumb\",\"itemListElement\":[{\"@type\":\"ListItem\",\"position\":1,\"name\":\"Inici\",\"item\":\"https:\/\/e-cristians.cat\/es\/\"},{\"@type\":\"ListItem\",\"position\":2,\"name\":\"Tras la virtud, la primera sesi\u00f3n del Club de Lectura\"}]},{\"@type\":\"WebSite\",\"@id\":\"https:\/\/e-cristians.cat\/#website\",\"url\":\"https:\/\/e-cristians.cat\/\",\"name\":\"e-Cristians\",\"description\":\"\",\"potentialAction\":[{\"@type\":\"SearchAction\",\"target\":{\"@type\":\"EntryPoint\",\"urlTemplate\":\"https:\/\/e-cristians.cat\/?s={search_term_string}\"},\"query-input\":\"required name=search_term_string\"}],\"inLanguage\":\"es\"},{\"@type\":\"Person\",\"@id\":\"https:\/\/e-cristians.cat\/#\/schema\/person\/f0ec475338e49aaef9c9dc9d9f162861\",\"name\":\"e-Cristians\",\"image\":{\"@type\":\"ImageObject\",\"inLanguage\":\"es\",\"@id\":\"https:\/\/e-cristians.cat\/#\/schema\/person\/image\/\",\"url\":\"https:\/\/secure.gravatar.com\/avatar\/14bc9e5b0ca69070f1075ad3efcb33c4?s=96&d=mm&r=g\",\"contentUrl\":\"https:\/\/secure.gravatar.com\/avatar\/14bc9e5b0ca69070f1075ad3efcb33c4?s=96&d=mm&r=g\",\"caption\":\"e-Cristians\"}}]}<\/script>\n<!-- \/ Yoast SEO plugin. -->","yoast_head_json":{"title":"Tras la virtud, la primera sesi\u00f3n del Club de Lectura - e-Cristians","description":"Ya os hemos informado ampliamente de la nueva iniciativa de e-Cristians, que es el Club de Lectura. Como sab\u00e9is, se trata de dedicar","robots":{"index":"index","follow":"follow","max-snippet":"max-snippet:-1","max-image-preview":"max-image-preview:large","max-video-preview":"max-video-preview:-1"},"canonical":"https:\/\/e-cristians.cat\/es\/carta-semanal-de-josep-miro-tras-la-virtut-la-primera-sesion-del-club-de-lectura\/","og_locale":"es_ES","og_type":"article","og_title":"Tras la virtud, la primera sesi\u00f3n del Club de Lectura - e-Cristians","og_description":"Ya os hemos informado ampliamente de la nueva iniciativa de e-Cristians, que es el Club de Lectura. Como sab\u00e9is, se trata de dedicar","og_url":"https:\/\/e-cristians.cat\/es\/carta-semanal-de-josep-miro-tras-la-virtut-la-primera-sesion-del-club-de-lectura\/","og_site_name":"e-Cristians","article_published_time":"2022-09-23T08:00:37+00:00","article_modified_time":"2022-09-29T15:37:33+00:00","og_image":[{"width":379,"height":249,"url":"https:\/\/e-cristians.cat\/wp-content\/uploads\/2022\/09\/Sense-titol-1.jpg","type":"image\/jpeg"}],"author":"e-Cristians","twitter_card":"summary_large_image","twitter_misc":{"Escrito por":"e-Cristians","Tiempo de lectura":"4 minutos"},"schema":{"@context":"https:\/\/schema.org","@graph":[{"@type":"WebPage","@id":"https:\/\/e-cristians.cat\/es\/carta-semanal-de-josep-miro-tras-la-virtut-la-primera-sesion-del-club-de-lectura\/","url":"https:\/\/e-cristians.cat\/es\/carta-semanal-de-josep-miro-tras-la-virtut-la-primera-sesion-del-club-de-lectura\/","name":"Tras la virtud, la primera sesi\u00f3n del Club de Lectura - e-Cristians","isPartOf":{"@id":"https:\/\/e-cristians.cat\/#website"},"datePublished":"2022-09-23T08:00:37+00:00","dateModified":"2022-09-29T15:37:33+00:00","author":{"@id":"https:\/\/e-cristians.cat\/#\/schema\/person\/f0ec475338e49aaef9c9dc9d9f162861"},"description":"Ya os hemos informado ampliamente de la nueva iniciativa de e-Cristians, que es el Club de Lectura. Como sab\u00e9is, se trata de dedicar","breadcrumb":{"@id":"https:\/\/e-cristians.cat\/es\/carta-semanal-de-josep-miro-tras-la-virtut-la-primera-sesion-del-club-de-lectura\/#breadcrumb"},"inLanguage":"es","potentialAction":[{"@type":"ReadAction","target":["https:\/\/e-cristians.cat\/es\/carta-semanal-de-josep-miro-tras-la-virtut-la-primera-sesion-del-club-de-lectura\/"]}]},{"@type":"BreadcrumbList","@id":"https:\/\/e-cristians.cat\/es\/carta-semanal-de-josep-miro-tras-la-virtut-la-primera-sesion-del-club-de-lectura\/#breadcrumb","itemListElement":[{"@type":"ListItem","position":1,"name":"Inici","item":"https:\/\/e-cristians.cat\/es\/"},{"@type":"ListItem","position":2,"name":"Tras la virtud, la primera sesi\u00f3n del Club de Lectura"}]},{"@type":"WebSite","@id":"https:\/\/e-cristians.cat\/#website","url":"https:\/\/e-cristians.cat\/","name":"e-Cristians","description":"","potentialAction":[{"@type":"SearchAction","target":{"@type":"EntryPoint","urlTemplate":"https:\/\/e-cristians.cat\/?s={search_term_string}"},"query-input":"required name=search_term_string"}],"inLanguage":"es"},{"@type":"Person","@id":"https:\/\/e-cristians.cat\/#\/schema\/person\/f0ec475338e49aaef9c9dc9d9f162861","name":"e-Cristians","image":{"@type":"ImageObject","inLanguage":"es","@id":"https:\/\/e-cristians.cat\/#\/schema\/person\/image\/","url":"https:\/\/secure.gravatar.com\/avatar\/14bc9e5b0ca69070f1075ad3efcb33c4?s=96&d=mm&r=g","contentUrl":"https:\/\/secure.gravatar.com\/avatar\/14bc9e5b0ca69070f1075ad3efcb33c4?s=96&d=mm&r=g","caption":"e-Cristians"}}]}},"jetpack_sharing_enabled":true,"jetpack_featured_media_url":"https:\/\/e-cristians.cat\/wp-content\/uploads\/2022\/09\/Sense-titol-1.jpg","_links":{"self":[{"href":"https:\/\/e-cristians.cat\/es\/wp-json\/wp\/v2\/posts\/52851"}],"collection":[{"href":"https:\/\/e-cristians.cat\/es\/wp-json\/wp\/v2\/posts"}],"about":[{"href":"https:\/\/e-cristians.cat\/es\/wp-json\/wp\/v2\/types\/post"}],"author":[{"embeddable":true,"href":"https:\/\/e-cristians.cat\/es\/wp-json\/wp\/v2\/users\/2"}],"replies":[{"embeddable":true,"href":"https:\/\/e-cristians.cat\/es\/wp-json\/wp\/v2\/comments?post=52851"}],"version-history":[{"count":3,"href":"https:\/\/e-cristians.cat\/es\/wp-json\/wp\/v2\/posts\/52851\/revisions"}],"predecessor-version":[{"id":53583,"href":"https:\/\/e-cristians.cat\/es\/wp-json\/wp\/v2\/posts\/52851\/revisions\/53583"}],"wp:featuredmedia":[{"embeddable":true,"href":"https:\/\/e-cristians.cat\/es\/wp-json\/wp\/v2\/media\/52850"}],"wp:attachment":[{"href":"https:\/\/e-cristians.cat\/es\/wp-json\/wp\/v2\/media?parent=52851"}],"wp:term":[{"taxonomy":"category","embeddable":true,"href":"https:\/\/e-cristians.cat\/es\/wp-json\/wp\/v2\/categories?post=52851"},{"taxonomy":"post_tag","embeddable":true,"href":"https:\/\/e-cristians.cat\/es\/wp-json\/wp\/v2\/tags?post=52851"}],"curies":[{"name":"wp","href":"https:\/\/api.w.org\/{rel}","templated":true}]}}