{"id":5509,"date":"2021-03-26T11:27:20","date_gmt":"2021-03-26T10:27:20","guid":{"rendered":"https:\/\/e-cristians.cat\/?p=5509"},"modified":"2021-03-26T11:34:25","modified_gmt":"2021-03-26T10:34:25","slug":"asociaciones-provida-se-preparan-para-una-gran-movilizacion-contra-la-ley-de-eutanasia","status":"publish","type":"post","link":"https:\/\/e-cristians.cat\/es\/asociaciones-provida-se-preparan-para-una-gran-movilizacion-contra-la-ley-de-eutanasia\/","title":{"rendered":"Asociaciones provida se preparan para \u201cuna gran movilizaci\u00f3n\u201d contra la ley de eutanasia"},"content":{"rendered":"<p>(Europa Press).- La\u00a0<a href=\"https:\/\/www.forumlibertas.com\/asamblea-por-la-vida-eutanasia-congreso-de-los-diputados\/\" target=\"_blank\" rel=\"noopener\">Asamblea por la Vida, la Libertad y la Dignidad<\/a>, que aglutina a 150 organizaciones,\u00a0<strong>considera que la publicaci\u00f3n este jueves 25 de marzo, D\u00eda Internacional de la Vida, de la Ley de eutanasia es \u201cla consumaci\u00f3n de una aberraci\u00f3n que puede tener consecuencias graves e irreversibles\u201d y se preparan para \u201cuna gran movilizaci\u00f3n\u201d.<\/strong><\/p>\n<p>\u201cLas organizaciones deben prepararse para una gran movilizaci\u00f3n. Todo este esfuerzo de unidad de la sociedad civil no parar\u00e1 hasta que se derogue la Ley\u201d, subraya el presidente de la Fundaci\u00f3n Valores y Sociedad, Jaime Mayor Oreja, en un comunicado al que ha tenido acceso Europa Press.<\/p>\n<p>Esta Fundaci\u00f3n es una de las organizaciones impulsoras de la Asamblea por la Vida, de la que tambi\u00e9n forman parte la Asociaci\u00f3n Cat\u00f3lica de Propagandistas (ACdP), Cristianos en Democracia, la Federaci\u00f3n Espa\u00f1ola de Asociaciones Provida, el Foro de la Familia, e-Cristians o la Fundaci\u00f3n Villacisneros, entre otras.<\/p>\n<p>Teniendo en cuenta que la ley entrar\u00e1 en vigor en tres meses, la Asamblea por la Vida, la Libertad y la Dignidad, como ya hizo hace una semana en el Congreso de los Diputados cuando se aprob\u00f3 la ley, vuelve a instar al PP y a VOX a que interpongan sendos recursos de inconstitucionalidad.<\/p>\n<p>Para la Asamblea, esta ley de eutanasia\u00a0<strong>\u201cotorga al Estado la facultad de decidir bajo qu\u00e9 condiciones se puede dar muerte a una persona, rechazando la aprobaci\u00f3n de una legislaci\u00f3n sobre cuidados paliativos\u201d.<\/strong><\/p>\n<p>Seg\u00fan recuerda, \u201csolo cinco Estados soberanos tienen leyes parecidas y, de ellos, cuatro la supeditan a un programa nacional de cuidados paliativos\u201d.<\/p>\n<p>Por ello, la Asamblea anuncia que trabajar\u00e1 \u201ccon urgencia\u201d para \u201calentar las iniciativas necesarias para lograr la inconstitucionalidad de la ley\u201d y que impulsar\u00e1 una Iniciativa Legislativa Popular por un Plan Integral de Cuidados Paliativos\u201d.<\/p>\n<p>Asimismo, se\u00f1ala que\u00a0<strong>exigir\u00e1n \u201cla existencia de un registro oficial de m\u00e9dicos dispuestos a practicar la eutanasia\u201d as\u00ed como \u201cla incorporaci\u00f3n de los Equipos de Salud Mental ante peticiones de eutanasia o suicidio asistido\u201d.<\/strong><\/p>\n<p>En definitiva, quieren \u201cpromover una amplia objeci\u00f3n ciudadana\u201d a la aplicaci\u00f3n de la ley y, para ello, anuncian que desarrollar\u00e1n \u201cgrandes eventos contra la ley y en favor de los cuidados paliativos\u201d.<\/p>\n","protected":false},"excerpt":{"rendered":"<p>(Europa Press).- La\u00a0Asamblea por la Vida, la Libertad y la Dignidad, que aglutina a 150 organizaciones,\u00a0considera que la publicaci\u00f3n este jueves 25 de marzo, D\u00eda Internacional de la Vida, de la Ley de eutanasia es \u201cla consumaci\u00f3n de una aberraci\u00f3n que puede tener consecuencias graves e irreversibles\u201d y se preparan para \u201cuna gran movilizaci\u00f3n\u201d. \u201cLas&#8230;<\/p>\n","protected":false},"author":2,"featured_media":5510,"comment_status":"closed","ping_status":"closed","sticky":false,"template":"","format":"standard","meta":{"_jetpack_memberships_contains_paid_content":false,"footnotes":""},"categories":[25,27],"tags":[44],"class_list":["post-5509","post","type-post","status-publish","format-standard","has-post-thumbnail","hentry","category-campanyes-es","category-eutanasia-es","tag-eutanasia-es"],"yoast_head":"<!-- This site is optimized with the Yoast SEO plugin v20.0 - https:\/\/yoast.com\/wordpress\/plugins\/seo\/ -->\n<title>Asociaciones provida se preparan para \u201cuna gran movilizaci\u00f3n\u201d contra la ley de eutanasia - e-Cristians<\/title>\n<meta name=\"robots\" content=\"noindex, nofollow\" \/>\n<meta property=\"og:locale\" content=\"es_ES\" \/>\n<meta property=\"og:type\" content=\"article\" \/>\n<meta property=\"og:title\" content=\"Asociaciones provida se preparan para \u201cuna gran movilizaci\u00f3n\u201d contra la ley de eutanasia - e-Cristians\" \/>\n<meta property=\"og:description\" content=\"(Europa Press).- La\u00a0Asamblea por la Vida, la Libertad y la Dignidad, que aglutina a 150 organizaciones,\u00a0considera que la publicaci\u00f3n este jueves 25 de marzo, D\u00eda Internacional de la Vida, de la Ley de eutanasia es \u201cla consumaci\u00f3n de una aberraci\u00f3n que puede tener consecuencias graves e irreversibles\u201d y se preparan para \u201cuna gran movilizaci\u00f3n\u201d. \u201cLas...\" \/>\n<meta property=\"og:url\" content=\"https:\/\/e-cristians.cat\/es\/asociaciones-provida-se-preparan-para-una-gran-movilizacion-contra-la-ley-de-eutanasia\/\" \/>\n<meta property=\"og:site_name\" content=\"e-Cristians\" \/>\n<meta property=\"article:published_time\" content=\"2021-03-26T10:27:20+00:00\" \/>\n<meta property=\"article:modified_time\" content=\"2021-03-26T10:34:25+00:00\" \/>\n<meta property=\"og:image\" content=\"https:\/\/e-cristians.cat\/wp-content\/uploads\/2021\/03\/manifestacion-ley-eutanasia-747x420-1.jpeg\" \/>\n\t<meta property=\"og:image:width\" content=\"747\" \/>\n\t<meta property=\"og:image:height\" content=\"420\" \/>\n\t<meta property=\"og:image:type\" content=\"image\/jpeg\" \/>\n<meta name=\"author\" content=\"e-Cristians\" \/>\n<meta name=\"twitter:card\" content=\"summary_large_image\" \/>\n<meta name=\"twitter:label1\" content=\"Escrito por\" \/>\n\t<meta name=\"twitter:data1\" content=\"e-Cristians\" \/>\n\t<meta name=\"twitter:label2\" content=\"Tiempo de lectura\" \/>\n\t<meta name=\"twitter:data2\" content=\"2 minutos\" \/>\n<script type=\"application\/ld+json\" class=\"yoast-schema-graph\">{\"@context\":\"https:\/\/schema.org\",\"@graph\":[{\"@type\":\"WebPage\",\"@id\":\"https:\/\/e-cristians.cat\/es\/asociaciones-provida-se-preparan-para-una-gran-movilizacion-contra-la-ley-de-eutanasia\/\",\"url\":\"https:\/\/e-cristians.cat\/es\/asociaciones-provida-se-preparan-para-una-gran-movilizacion-contra-la-ley-de-eutanasia\/\",\"name\":\"Asociaciones provida se preparan para \u201cuna gran movilizaci\u00f3n\u201d contra la ley de eutanasia - e-Cristians\",\"isPartOf\":{\"@id\":\"https:\/\/e-cristians.cat\/#website\"},\"datePublished\":\"2021-03-26T10:27:20+00:00\",\"dateModified\":\"2021-03-26T10:34:25+00:00\",\"author\":{\"@id\":\"https:\/\/e-cristians.cat\/#\/schema\/person\/f0ec475338e49aaef9c9dc9d9f162861\"},\"breadcrumb\":{\"@id\":\"https:\/\/e-cristians.cat\/es\/asociaciones-provida-se-preparan-para-una-gran-movilizacion-contra-la-ley-de-eutanasia\/#breadcrumb\"},\"inLanguage\":\"es\",\"potentialAction\":[{\"@type\":\"ReadAction\",\"target\":[\"https:\/\/e-cristians.cat\/es\/asociaciones-provida-se-preparan-para-una-gran-movilizacion-contra-la-ley-de-eutanasia\/\"]}]},{\"@type\":\"BreadcrumbList\",\"@id\":\"https:\/\/e-cristians.cat\/es\/asociaciones-provida-se-preparan-para-una-gran-movilizacion-contra-la-ley-de-eutanasia\/#breadcrumb\",\"itemListElement\":[{\"@type\":\"ListItem\",\"position\":1,\"name\":\"Inici\",\"item\":\"https:\/\/e-cristians.cat\/es\/\"},{\"@type\":\"ListItem\",\"position\":2,\"name\":\"Asociaciones provida se preparan para \u201cuna gran movilizaci\u00f3n\u201d contra la ley de eutanasia\"}]},{\"@type\":\"WebSite\",\"@id\":\"https:\/\/e-cristians.cat\/#website\",\"url\":\"https:\/\/e-cristians.cat\/\",\"name\":\"e-Cristians\",\"description\":\"\",\"potentialAction\":[{\"@type\":\"SearchAction\",\"target\":{\"@type\":\"EntryPoint\",\"urlTemplate\":\"https:\/\/e-cristians.cat\/?s={search_term_string}\"},\"query-input\":\"required name=search_term_string\"}],\"inLanguage\":\"es\"},{\"@type\":\"Person\",\"@id\":\"https:\/\/e-cristians.cat\/#\/schema\/person\/f0ec475338e49aaef9c9dc9d9f162861\",\"name\":\"e-Cristians\",\"image\":{\"@type\":\"ImageObject\",\"inLanguage\":\"es\",\"@id\":\"https:\/\/e-cristians.cat\/#\/schema\/person\/image\/\",\"url\":\"https:\/\/secure.gravatar.com\/avatar\/14bc9e5b0ca69070f1075ad3efcb33c4?s=96&d=mm&r=g\",\"contentUrl\":\"https:\/\/secure.gravatar.com\/avatar\/14bc9e5b0ca69070f1075ad3efcb33c4?s=96&d=mm&r=g\",\"caption\":\"e-Cristians\"}}]}<\/script>\n<!-- \/ Yoast SEO plugin. -->","yoast_head_json":{"title":"Asociaciones provida se preparan para \u201cuna gran movilizaci\u00f3n\u201d contra la ley de eutanasia - e-Cristians","robots":{"index":"noindex","follow":"nofollow"},"og_locale":"es_ES","og_type":"article","og_title":"Asociaciones provida se preparan para \u201cuna gran movilizaci\u00f3n\u201d contra la ley de eutanasia - e-Cristians","og_description":"(Europa Press).- La\u00a0Asamblea por la Vida, la Libertad y la Dignidad, que aglutina a 150 organizaciones,\u00a0considera que la publicaci\u00f3n este jueves 25 de marzo, D\u00eda Internacional de la Vida, de la Ley de eutanasia es \u201cla consumaci\u00f3n de una aberraci\u00f3n que puede tener consecuencias graves e irreversibles\u201d y se preparan para \u201cuna gran movilizaci\u00f3n\u201d. \u201cLas...","og_url":"https:\/\/e-cristians.cat\/es\/asociaciones-provida-se-preparan-para-una-gran-movilizacion-contra-la-ley-de-eutanasia\/","og_site_name":"e-Cristians","article_published_time":"2021-03-26T10:27:20+00:00","article_modified_time":"2021-03-26T10:34:25+00:00","og_image":[{"width":747,"height":420,"url":"https:\/\/e-cristians.cat\/wp-content\/uploads\/2021\/03\/manifestacion-ley-eutanasia-747x420-1.jpeg","type":"image\/jpeg"}],"author":"e-Cristians","twitter_card":"summary_large_image","twitter_misc":{"Escrito por":"e-Cristians","Tiempo de lectura":"2 minutos"},"schema":{"@context":"https:\/\/schema.org","@graph":[{"@type":"WebPage","@id":"https:\/\/e-cristians.cat\/es\/asociaciones-provida-se-preparan-para-una-gran-movilizacion-contra-la-ley-de-eutanasia\/","url":"https:\/\/e-cristians.cat\/es\/asociaciones-provida-se-preparan-para-una-gran-movilizacion-contra-la-ley-de-eutanasia\/","name":"Asociaciones provida se preparan para \u201cuna gran movilizaci\u00f3n\u201d contra la ley de eutanasia - e-Cristians","isPartOf":{"@id":"https:\/\/e-cristians.cat\/#website"},"datePublished":"2021-03-26T10:27:20+00:00","dateModified":"2021-03-26T10:34:25+00:00","author":{"@id":"https:\/\/e-cristians.cat\/#\/schema\/person\/f0ec475338e49aaef9c9dc9d9f162861"},"breadcrumb":{"@id":"https:\/\/e-cristians.cat\/es\/asociaciones-provida-se-preparan-para-una-gran-movilizacion-contra-la-ley-de-eutanasia\/#breadcrumb"},"inLanguage":"es","potentialAction":[{"@type":"ReadAction","target":["https:\/\/e-cristians.cat\/es\/asociaciones-provida-se-preparan-para-una-gran-movilizacion-contra-la-ley-de-eutanasia\/"]}]},{"@type":"BreadcrumbList","@id":"https:\/\/e-cristians.cat\/es\/asociaciones-provida-se-preparan-para-una-gran-movilizacion-contra-la-ley-de-eutanasia\/#breadcrumb","itemListElement":[{"@type":"ListItem","position":1,"name":"Inici","item":"https:\/\/e-cristians.cat\/es\/"},{"@type":"ListItem","position":2,"name":"Asociaciones provida se preparan para \u201cuna gran movilizaci\u00f3n\u201d contra la ley de eutanasia"}]},{"@type":"WebSite","@id":"https:\/\/e-cristians.cat\/#website","url":"https:\/\/e-cristians.cat\/","name":"e-Cristians","description":"","potentialAction":[{"@type":"SearchAction","target":{"@type":"EntryPoint","urlTemplate":"https:\/\/e-cristians.cat\/?s={search_term_string}"},"query-input":"required name=search_term_string"}],"inLanguage":"es"},{"@type":"Person","@id":"https:\/\/e-cristians.cat\/#\/schema\/person\/f0ec475338e49aaef9c9dc9d9f162861","name":"e-Cristians","image":{"@type":"ImageObject","inLanguage":"es","@id":"https:\/\/e-cristians.cat\/#\/schema\/person\/image\/","url":"https:\/\/secure.gravatar.com\/avatar\/14bc9e5b0ca69070f1075ad3efcb33c4?s=96&d=mm&r=g","contentUrl":"https:\/\/secure.gravatar.com\/avatar\/14bc9e5b0ca69070f1075ad3efcb33c4?s=96&d=mm&r=g","caption":"e-Cristians"}}]}},"jetpack_sharing_enabled":true,"jetpack_featured_media_url":"https:\/\/e-cristians.cat\/wp-content\/uploads\/2021\/03\/manifestacion-ley-eutanasia-747x420-1.jpeg","_links":{"self":[{"href":"https:\/\/e-cristians.cat\/es\/wp-json\/wp\/v2\/posts\/5509"}],"collection":[{"href":"https:\/\/e-cristians.cat\/es\/wp-json\/wp\/v2\/posts"}],"about":[{"href":"https:\/\/e-cristians.cat\/es\/wp-json\/wp\/v2\/types\/post"}],"author":[{"embeddable":true,"href":"https:\/\/e-cristians.cat\/es\/wp-json\/wp\/v2\/users\/2"}],"replies":[{"embeddable":true,"href":"https:\/\/e-cristians.cat\/es\/wp-json\/wp\/v2\/comments?post=5509"}],"version-history":[{"count":2,"href":"https:\/\/e-cristians.cat\/es\/wp-json\/wp\/v2\/posts\/5509\/revisions"}],"predecessor-version":[{"id":5515,"href":"https:\/\/e-cristians.cat\/es\/wp-json\/wp\/v2\/posts\/5509\/revisions\/5515"}],"wp:featuredmedia":[{"embeddable":true,"href":"https:\/\/e-cristians.cat\/es\/wp-json\/wp\/v2\/media\/5510"}],"wp:attachment":[{"href":"https:\/\/e-cristians.cat\/es\/wp-json\/wp\/v2\/media?parent=5509"}],"wp:term":[{"taxonomy":"category","embeddable":true,"href":"https:\/\/e-cristians.cat\/es\/wp-json\/wp\/v2\/categories?post=5509"},{"taxonomy":"post_tag","embeddable":true,"href":"https:\/\/e-cristians.cat\/es\/wp-json\/wp\/v2\/tags?post=5509"}],"curies":[{"name":"wp","href":"https:\/\/api.w.org\/{rel}","templated":true}]}}