{"id":5689,"date":"2021-03-31T13:00:19","date_gmt":"2021-03-31T11:00:19","guid":{"rendered":"https:\/\/e-cristians.cat\/?p=5689"},"modified":"2021-03-31T13:00:19","modified_gmt":"2021-03-31T11:00:19","slug":"la-cruz-no-es-un-simbolo-franquista","status":"publish","type":"post","link":"https:\/\/e-cristians.cat\/es\/la-cruz-no-es-un-simbolo-franquista\/","title":{"rendered":"La cruz no es un s\u00edmbolo franquista"},"content":{"rendered":"<p><em>ForumLibertas.com<\/em><\/p>\n<p>El revisionismo hist\u00f3rico conducido por un af\u00e1n de revancha y no de asentar la reconciliaci\u00f3n lograda en la transici\u00f3n, est\u00e1 llevando en nombre de la \u201cmemoria hist\u00f3rica\u201d a serios desmanes, como ha sucedido en el nomencl\u00e1tor de la capital de la Baleares, al liquidar nombres de marinos como los almirantes Churruca, Gravina y Cervera por \u201cfranquistas\u201d o la Calle de Toledo, o del obispo Planas por sus connotaciones franquistas (?). Es un reajuste con toda la historia ejecutado desde la pol\u00edtica de la cancelaci\u00f3n. <a href=\"https:\/\/www.forumlibertas.com\/la-cruz-no-es-un-simbolo-franquista\/\" target=\"_blank\" rel=\"noopener\">Leer m\u00e1s.<\/a><\/p>\n","protected":false},"excerpt":{"rendered":"<p>ForumLibertas.com El revisionismo hist\u00f3rico conducido por un af\u00e1n de revancha y no de asentar la reconciliaci\u00f3n lograda en la transici\u00f3n, est\u00e1 llevando en nombre de la \u201cmemoria hist\u00f3rica\u201d a serios desmanes, como ha sucedido en el nomencl\u00e1tor de la capital de la Baleares, al liquidar nombres de marinos como los almirantes Churruca, Gravina y Cervera&#8230;<\/p>\n","protected":false},"author":2,"featured_media":4450,"comment_status":"closed","ping_status":"closed","sticky":false,"template":"","format":"standard","meta":{"_jetpack_memberships_contains_paid_content":false,"footnotes":""},"categories":[34,39],"tags":[],"class_list":["post-5689","post","type-post","status-publish","format-standard","has-post-thumbnail","hentry","category-editorials-i-blogs-de-forumlibertas-es","category-portada_news-es"],"yoast_head":"<!-- This site is optimized with the Yoast SEO plugin v20.0 - https:\/\/yoast.com\/wordpress\/plugins\/seo\/ -->\n<title>La cruz no es un s\u00edmbolo franquista - e-Cristians<\/title>\n<meta name=\"robots\" content=\"noindex, nofollow\" \/>\n<meta property=\"og:locale\" content=\"es_ES\" \/>\n<meta property=\"og:type\" content=\"article\" \/>\n<meta property=\"og:title\" content=\"La cruz no es un s\u00edmbolo franquista - e-Cristians\" \/>\n<meta property=\"og:description\" content=\"ForumLibertas.com El revisionismo hist\u00f3rico conducido por un af\u00e1n de revancha y no de asentar la reconciliaci\u00f3n lograda en la transici\u00f3n, est\u00e1 llevando en nombre de la \u201cmemoria hist\u00f3rica\u201d a serios desmanes, como ha sucedido en el nomencl\u00e1tor de la capital de la Baleares, al liquidar nombres de marinos como los almirantes Churruca, Gravina y Cervera...\" \/>\n<meta property=\"og:url\" content=\"https:\/\/e-cristians.cat\/es\/la-cruz-no-es-un-simbolo-franquista\/\" \/>\n<meta property=\"og:site_name\" content=\"e-Cristians\" \/>\n<meta property=\"article:published_time\" content=\"2021-03-31T11:00:19+00:00\" \/>\n<meta property=\"og:image\" content=\"https:\/\/e-cristians.cat\/wp-content\/uploads\/2021\/03\/creu2.jpg\" \/>\n\t<meta property=\"og:image:width\" content=\"1246\" \/>\n\t<meta property=\"og:image:height\" content=\"747\" \/>\n\t<meta property=\"og:image:type\" content=\"image\/jpeg\" \/>\n<meta name=\"author\" content=\"e-Cristians\" \/>\n<meta name=\"twitter:card\" content=\"summary_large_image\" \/>\n<meta name=\"twitter:label1\" content=\"Escrito por\" \/>\n\t<meta name=\"twitter:data1\" content=\"e-Cristians\" \/>\n\t<meta name=\"twitter:label2\" content=\"Tiempo de lectura\" \/>\n\t<meta name=\"twitter:data2\" content=\"1 minuto\" \/>\n<script type=\"application\/ld+json\" class=\"yoast-schema-graph\">{\"@context\":\"https:\/\/schema.org\",\"@graph\":[{\"@type\":\"WebPage\",\"@id\":\"https:\/\/e-cristians.cat\/es\/la-cruz-no-es-un-simbolo-franquista\/\",\"url\":\"https:\/\/e-cristians.cat\/es\/la-cruz-no-es-un-simbolo-franquista\/\",\"name\":\"La cruz no es un s\u00edmbolo franquista - e-Cristians\",\"isPartOf\":{\"@id\":\"https:\/\/e-cristians.cat\/#website\"},\"datePublished\":\"2021-03-31T11:00:19+00:00\",\"dateModified\":\"2021-03-31T11:00:19+00:00\",\"author\":{\"@id\":\"https:\/\/e-cristians.cat\/#\/schema\/person\/f0ec475338e49aaef9c9dc9d9f162861\"},\"breadcrumb\":{\"@id\":\"https:\/\/e-cristians.cat\/es\/la-cruz-no-es-un-simbolo-franquista\/#breadcrumb\"},\"inLanguage\":\"es\",\"potentialAction\":[{\"@type\":\"ReadAction\",\"target\":[\"https:\/\/e-cristians.cat\/es\/la-cruz-no-es-un-simbolo-franquista\/\"]}]},{\"@type\":\"BreadcrumbList\",\"@id\":\"https:\/\/e-cristians.cat\/es\/la-cruz-no-es-un-simbolo-franquista\/#breadcrumb\",\"itemListElement\":[{\"@type\":\"ListItem\",\"position\":1,\"name\":\"Inici\",\"item\":\"https:\/\/e-cristians.cat\/es\/\"},{\"@type\":\"ListItem\",\"position\":2,\"name\":\"La cruz no es un s\u00edmbolo franquista\"}]},{\"@type\":\"WebSite\",\"@id\":\"https:\/\/e-cristians.cat\/#website\",\"url\":\"https:\/\/e-cristians.cat\/\",\"name\":\"e-Cristians\",\"description\":\"\",\"potentialAction\":[{\"@type\":\"SearchAction\",\"target\":{\"@type\":\"EntryPoint\",\"urlTemplate\":\"https:\/\/e-cristians.cat\/?s={search_term_string}\"},\"query-input\":\"required name=search_term_string\"}],\"inLanguage\":\"es\"},{\"@type\":\"Person\",\"@id\":\"https:\/\/e-cristians.cat\/#\/schema\/person\/f0ec475338e49aaef9c9dc9d9f162861\",\"name\":\"e-Cristians\",\"image\":{\"@type\":\"ImageObject\",\"inLanguage\":\"es\",\"@id\":\"https:\/\/e-cristians.cat\/#\/schema\/person\/image\/\",\"url\":\"https:\/\/secure.gravatar.com\/avatar\/14bc9e5b0ca69070f1075ad3efcb33c4?s=96&d=mm&r=g\",\"contentUrl\":\"https:\/\/secure.gravatar.com\/avatar\/14bc9e5b0ca69070f1075ad3efcb33c4?s=96&d=mm&r=g\",\"caption\":\"e-Cristians\"}}]}<\/script>\n<!-- \/ Yoast SEO plugin. -->","yoast_head_json":{"title":"La cruz no es un s\u00edmbolo franquista - e-Cristians","robots":{"index":"noindex","follow":"nofollow"},"og_locale":"es_ES","og_type":"article","og_title":"La cruz no es un s\u00edmbolo franquista - e-Cristians","og_description":"ForumLibertas.com El revisionismo hist\u00f3rico conducido por un af\u00e1n de revancha y no de asentar la reconciliaci\u00f3n lograda en la transici\u00f3n, est\u00e1 llevando en nombre de la \u201cmemoria hist\u00f3rica\u201d a serios desmanes, como ha sucedido en el nomencl\u00e1tor de la capital de la Baleares, al liquidar nombres de marinos como los almirantes Churruca, Gravina y Cervera...","og_url":"https:\/\/e-cristians.cat\/es\/la-cruz-no-es-un-simbolo-franquista\/","og_site_name":"e-Cristians","article_published_time":"2021-03-31T11:00:19+00:00","og_image":[{"width":1246,"height":747,"url":"https:\/\/e-cristians.cat\/wp-content\/uploads\/2021\/03\/creu2.jpg","type":"image\/jpeg"}],"author":"e-Cristians","twitter_card":"summary_large_image","twitter_misc":{"Escrito por":"e-Cristians","Tiempo de lectura":"1 minuto"},"schema":{"@context":"https:\/\/schema.org","@graph":[{"@type":"WebPage","@id":"https:\/\/e-cristians.cat\/es\/la-cruz-no-es-un-simbolo-franquista\/","url":"https:\/\/e-cristians.cat\/es\/la-cruz-no-es-un-simbolo-franquista\/","name":"La cruz no es un s\u00edmbolo franquista - e-Cristians","isPartOf":{"@id":"https:\/\/e-cristians.cat\/#website"},"datePublished":"2021-03-31T11:00:19+00:00","dateModified":"2021-03-31T11:00:19+00:00","author":{"@id":"https:\/\/e-cristians.cat\/#\/schema\/person\/f0ec475338e49aaef9c9dc9d9f162861"},"breadcrumb":{"@id":"https:\/\/e-cristians.cat\/es\/la-cruz-no-es-un-simbolo-franquista\/#breadcrumb"},"inLanguage":"es","potentialAction":[{"@type":"ReadAction","target":["https:\/\/e-cristians.cat\/es\/la-cruz-no-es-un-simbolo-franquista\/"]}]},{"@type":"BreadcrumbList","@id":"https:\/\/e-cristians.cat\/es\/la-cruz-no-es-un-simbolo-franquista\/#breadcrumb","itemListElement":[{"@type":"ListItem","position":1,"name":"Inici","item":"https:\/\/e-cristians.cat\/es\/"},{"@type":"ListItem","position":2,"name":"La cruz no es un s\u00edmbolo franquista"}]},{"@type":"WebSite","@id":"https:\/\/e-cristians.cat\/#website","url":"https:\/\/e-cristians.cat\/","name":"e-Cristians","description":"","potentialAction":[{"@type":"SearchAction","target":{"@type":"EntryPoint","urlTemplate":"https:\/\/e-cristians.cat\/?s={search_term_string}"},"query-input":"required name=search_term_string"}],"inLanguage":"es"},{"@type":"Person","@id":"https:\/\/e-cristians.cat\/#\/schema\/person\/f0ec475338e49aaef9c9dc9d9f162861","name":"e-Cristians","image":{"@type":"ImageObject","inLanguage":"es","@id":"https:\/\/e-cristians.cat\/#\/schema\/person\/image\/","url":"https:\/\/secure.gravatar.com\/avatar\/14bc9e5b0ca69070f1075ad3efcb33c4?s=96&d=mm&r=g","contentUrl":"https:\/\/secure.gravatar.com\/avatar\/14bc9e5b0ca69070f1075ad3efcb33c4?s=96&d=mm&r=g","caption":"e-Cristians"}}]}},"jetpack_sharing_enabled":true,"jetpack_featured_media_url":"https:\/\/e-cristians.cat\/wp-content\/uploads\/2021\/03\/creu2.jpg","_links":{"self":[{"href":"https:\/\/e-cristians.cat\/es\/wp-json\/wp\/v2\/posts\/5689"}],"collection":[{"href":"https:\/\/e-cristians.cat\/es\/wp-json\/wp\/v2\/posts"}],"about":[{"href":"https:\/\/e-cristians.cat\/es\/wp-json\/wp\/v2\/types\/post"}],"author":[{"embeddable":true,"href":"https:\/\/e-cristians.cat\/es\/wp-json\/wp\/v2\/users\/2"}],"replies":[{"embeddable":true,"href":"https:\/\/e-cristians.cat\/es\/wp-json\/wp\/v2\/comments?post=5689"}],"version-history":[{"count":1,"href":"https:\/\/e-cristians.cat\/es\/wp-json\/wp\/v2\/posts\/5689\/revisions"}],"predecessor-version":[{"id":5690,"href":"https:\/\/e-cristians.cat\/es\/wp-json\/wp\/v2\/posts\/5689\/revisions\/5690"}],"wp:featuredmedia":[{"embeddable":true,"href":"https:\/\/e-cristians.cat\/es\/wp-json\/wp\/v2\/media\/4450"}],"wp:attachment":[{"href":"https:\/\/e-cristians.cat\/es\/wp-json\/wp\/v2\/media?parent=5689"}],"wp:term":[{"taxonomy":"category","embeddable":true,"href":"https:\/\/e-cristians.cat\/es\/wp-json\/wp\/v2\/categories?post=5689"},{"taxonomy":"post_tag","embeddable":true,"href":"https:\/\/e-cristians.cat\/es\/wp-json\/wp\/v2\/tags?post=5689"}],"curies":[{"name":"wp","href":"https:\/\/api.w.org\/{rel}","templated":true}]}}