{"id":58571,"date":"2022-10-27T17:06:52","date_gmt":"2022-10-27T15:06:52","guid":{"rendered":"https:\/\/e-cristians.cat\/?p=58571"},"modified":"2022-10-27T17:06:52","modified_gmt":"2022-10-27T15:06:52","slug":"nunez-feijoo-entre-el-interes-general-y-las-batallas-ideologicas-a-ver-si-nos-aclaramos","status":"publish","type":"post","link":"https:\/\/e-cristians.cat\/es\/nunez-feijoo-entre-el-interes-general-y-las-batallas-ideologicas-a-ver-si-nos-aclaramos\/","title":{"rendered":"N\u00fa\u00f1ez Feij\u00f3o entre el inter\u00e9s general y las \u201cbatallas ideol\u00f3gicas\u00bb: a ver si nos aclaramos"},"content":{"rendered":"<p><em>Josep Mir\u00f3 i Ard\u00e8vol<\/em><\/p>\n<p>N\u00fa\u00f1ez Feij\u00f3o, ha sido\u00a0<a href=\"https:\/\/www.esquire.com\/es\/actualidad\/a41676565\/alberto-nunez-feijoo-entrevista-portada-esquire\/\" target=\"_blank\" rel=\"noopener\">entrevistado<\/a>\u00a0por la revista Esquire y a dibujado con claridad lo que podemos esperar de \u00e9l, y no es nada bueno:<\/p>\n<p>\u201c<em>Lo que tiene que haber en pol\u00edtica es m\u00e1s gente dedicada a identificar y defender los intereses generales y menos a supuestas batallas ideol\u00f3gicas<\/em>\u201d. <a href=\"https:\/\/www.forumlibertas.com\/nunez-feijoo-y-el-aborto-entrevista\/\" target=\"_blank\" rel=\"noopener\">Leer m\u00e1s.<\/a><\/p>\n","protected":false},"excerpt":{"rendered":"<p>Josep Mir\u00f3 i Ard\u00e8vol N\u00fa\u00f1ez Feij\u00f3o, ha sido\u00a0entrevistado\u00a0por la revista Esquire y a dibujado con claridad lo que podemos esperar de \u00e9l, y no es nada bueno: \u201cLo que tiene que haber en pol\u00edtica es m\u00e1s gente dedicada a identificar y defender los intereses generales y menos a supuestas batallas ideol\u00f3gicas\u201d. Leer m\u00e1s.<\/p>\n","protected":false},"author":2,"featured_media":58572,"comment_status":"closed","ping_status":"closed","sticky":false,"template":"","format":"standard","meta":{"_jetpack_memberships_contains_paid_content":false,"footnotes":""},"categories":[34,39],"tags":[62],"class_list":["post-58571","post","type-post","status-publish","format-standard","has-post-thumbnail","hentry","category-editorials-i-blogs-de-forumlibertas-es","category-portada_news-es","tag-aborto"],"yoast_head":"<!-- This site is optimized with the Yoast SEO plugin v20.0 - https:\/\/yoast.com\/wordpress\/plugins\/seo\/ -->\n<title>N\u00fa\u00f1ez Feij\u00f3o entre el inter\u00e9s general y las \u201cbatallas ideol\u00f3gicas\u00bb: a ver si nos aclaramos - e-Cristians<\/title>\n<meta name=\"robots\" content=\"noindex, nofollow\" \/>\n<meta property=\"og:locale\" content=\"es_ES\" \/>\n<meta property=\"og:type\" content=\"article\" \/>\n<meta property=\"og:title\" content=\"N\u00fa\u00f1ez Feij\u00f3o entre el inter\u00e9s general y las \u201cbatallas ideol\u00f3gicas\u00bb: a ver si nos aclaramos - e-Cristians\" \/>\n<meta property=\"og:description\" content=\"Josep Mir\u00f3 i Ard\u00e8vol N\u00fa\u00f1ez Feij\u00f3o, ha sido\u00a0entrevistado\u00a0por la revista Esquire y a dibujado con claridad lo que podemos esperar de \u00e9l, y no es nada bueno: \u201cLo que tiene que haber en pol\u00edtica es m\u00e1s gente dedicada a identificar y defender los intereses generales y menos a supuestas batallas ideol\u00f3gicas\u201d. Leer m\u00e1s.\" \/>\n<meta property=\"og:url\" content=\"https:\/\/e-cristians.cat\/es\/nunez-feijoo-entre-el-interes-general-y-las-batallas-ideologicas-a-ver-si-nos-aclaramos\/\" \/>\n<meta property=\"og:site_name\" content=\"e-Cristians\" \/>\n<meta property=\"article:published_time\" content=\"2022-10-27T15:06:52+00:00\" \/>\n<meta property=\"og:image\" content=\"https:\/\/e-cristians.cat\/wp-content\/uploads\/2022\/10\/feijoo-y-aborto-600x337-1.jpg\" \/>\n\t<meta property=\"og:image:width\" content=\"600\" \/>\n\t<meta property=\"og:image:height\" content=\"337\" \/>\n\t<meta property=\"og:image:type\" content=\"image\/jpeg\" \/>\n<meta name=\"author\" content=\"e-Cristians\" \/>\n<meta name=\"twitter:card\" content=\"summary_large_image\" \/>\n<meta name=\"twitter:label1\" content=\"Escrito por\" \/>\n\t<meta name=\"twitter:data1\" content=\"e-Cristians\" \/>\n\t<meta name=\"twitter:label2\" content=\"Tiempo de lectura\" \/>\n\t<meta name=\"twitter:data2\" content=\"1 minuto\" \/>\n<script type=\"application\/ld+json\" class=\"yoast-schema-graph\">{\"@context\":\"https:\/\/schema.org\",\"@graph\":[{\"@type\":\"WebPage\",\"@id\":\"https:\/\/e-cristians.cat\/es\/nunez-feijoo-entre-el-interes-general-y-las-batallas-ideologicas-a-ver-si-nos-aclaramos\/\",\"url\":\"https:\/\/e-cristians.cat\/es\/nunez-feijoo-entre-el-interes-general-y-las-batallas-ideologicas-a-ver-si-nos-aclaramos\/\",\"name\":\"N\u00fa\u00f1ez Feij\u00f3o entre el inter\u00e9s general y las \u201cbatallas ideol\u00f3gicas\u00bb: a ver si nos aclaramos - e-Cristians\",\"isPartOf\":{\"@id\":\"https:\/\/e-cristians.cat\/#website\"},\"datePublished\":\"2022-10-27T15:06:52+00:00\",\"dateModified\":\"2022-10-27T15:06:52+00:00\",\"author\":{\"@id\":\"https:\/\/e-cristians.cat\/#\/schema\/person\/f0ec475338e49aaef9c9dc9d9f162861\"},\"breadcrumb\":{\"@id\":\"https:\/\/e-cristians.cat\/es\/nunez-feijoo-entre-el-interes-general-y-las-batallas-ideologicas-a-ver-si-nos-aclaramos\/#breadcrumb\"},\"inLanguage\":\"es\",\"potentialAction\":[{\"@type\":\"ReadAction\",\"target\":[\"https:\/\/e-cristians.cat\/es\/nunez-feijoo-entre-el-interes-general-y-las-batallas-ideologicas-a-ver-si-nos-aclaramos\/\"]}]},{\"@type\":\"BreadcrumbList\",\"@id\":\"https:\/\/e-cristians.cat\/es\/nunez-feijoo-entre-el-interes-general-y-las-batallas-ideologicas-a-ver-si-nos-aclaramos\/#breadcrumb\",\"itemListElement\":[{\"@type\":\"ListItem\",\"position\":1,\"name\":\"Inici\",\"item\":\"https:\/\/e-cristians.cat\/es\/\"},{\"@type\":\"ListItem\",\"position\":2,\"name\":\"N\u00fa\u00f1ez Feij\u00f3o entre el inter\u00e9s general y las \u201cbatallas ideol\u00f3gicas\u00bb: a ver si nos aclaramos\"}]},{\"@type\":\"WebSite\",\"@id\":\"https:\/\/e-cristians.cat\/#website\",\"url\":\"https:\/\/e-cristians.cat\/\",\"name\":\"e-Cristians\",\"description\":\"\",\"potentialAction\":[{\"@type\":\"SearchAction\",\"target\":{\"@type\":\"EntryPoint\",\"urlTemplate\":\"https:\/\/e-cristians.cat\/?s={search_term_string}\"},\"query-input\":\"required name=search_term_string\"}],\"inLanguage\":\"es\"},{\"@type\":\"Person\",\"@id\":\"https:\/\/e-cristians.cat\/#\/schema\/person\/f0ec475338e49aaef9c9dc9d9f162861\",\"name\":\"e-Cristians\",\"image\":{\"@type\":\"ImageObject\",\"inLanguage\":\"es\",\"@id\":\"https:\/\/e-cristians.cat\/#\/schema\/person\/image\/\",\"url\":\"https:\/\/secure.gravatar.com\/avatar\/14bc9e5b0ca69070f1075ad3efcb33c4?s=96&d=mm&r=g\",\"contentUrl\":\"https:\/\/secure.gravatar.com\/avatar\/14bc9e5b0ca69070f1075ad3efcb33c4?s=96&d=mm&r=g\",\"caption\":\"e-Cristians\"}}]}<\/script>\n<!-- \/ Yoast SEO plugin. -->","yoast_head_json":{"title":"N\u00fa\u00f1ez Feij\u00f3o entre el inter\u00e9s general y las \u201cbatallas ideol\u00f3gicas\u00bb: a ver si nos aclaramos - e-Cristians","robots":{"index":"noindex","follow":"nofollow"},"og_locale":"es_ES","og_type":"article","og_title":"N\u00fa\u00f1ez Feij\u00f3o entre el inter\u00e9s general y las \u201cbatallas ideol\u00f3gicas\u00bb: a ver si nos aclaramos - e-Cristians","og_description":"Josep Mir\u00f3 i Ard\u00e8vol N\u00fa\u00f1ez Feij\u00f3o, ha sido\u00a0entrevistado\u00a0por la revista Esquire y a dibujado con claridad lo que podemos esperar de \u00e9l, y no es nada bueno: \u201cLo que tiene que haber en pol\u00edtica es m\u00e1s gente dedicada a identificar y defender los intereses generales y menos a supuestas batallas ideol\u00f3gicas\u201d. Leer m\u00e1s.","og_url":"https:\/\/e-cristians.cat\/es\/nunez-feijoo-entre-el-interes-general-y-las-batallas-ideologicas-a-ver-si-nos-aclaramos\/","og_site_name":"e-Cristians","article_published_time":"2022-10-27T15:06:52+00:00","og_image":[{"width":600,"height":337,"url":"https:\/\/e-cristians.cat\/wp-content\/uploads\/2022\/10\/feijoo-y-aborto-600x337-1.jpg","type":"image\/jpeg"}],"author":"e-Cristians","twitter_card":"summary_large_image","twitter_misc":{"Escrito por":"e-Cristians","Tiempo de lectura":"1 minuto"},"schema":{"@context":"https:\/\/schema.org","@graph":[{"@type":"WebPage","@id":"https:\/\/e-cristians.cat\/es\/nunez-feijoo-entre-el-interes-general-y-las-batallas-ideologicas-a-ver-si-nos-aclaramos\/","url":"https:\/\/e-cristians.cat\/es\/nunez-feijoo-entre-el-interes-general-y-las-batallas-ideologicas-a-ver-si-nos-aclaramos\/","name":"N\u00fa\u00f1ez Feij\u00f3o entre el inter\u00e9s general y las \u201cbatallas ideol\u00f3gicas\u00bb: a ver si nos aclaramos - e-Cristians","isPartOf":{"@id":"https:\/\/e-cristians.cat\/#website"},"datePublished":"2022-10-27T15:06:52+00:00","dateModified":"2022-10-27T15:06:52+00:00","author":{"@id":"https:\/\/e-cristians.cat\/#\/schema\/person\/f0ec475338e49aaef9c9dc9d9f162861"},"breadcrumb":{"@id":"https:\/\/e-cristians.cat\/es\/nunez-feijoo-entre-el-interes-general-y-las-batallas-ideologicas-a-ver-si-nos-aclaramos\/#breadcrumb"},"inLanguage":"es","potentialAction":[{"@type":"ReadAction","target":["https:\/\/e-cristians.cat\/es\/nunez-feijoo-entre-el-interes-general-y-las-batallas-ideologicas-a-ver-si-nos-aclaramos\/"]}]},{"@type":"BreadcrumbList","@id":"https:\/\/e-cristians.cat\/es\/nunez-feijoo-entre-el-interes-general-y-las-batallas-ideologicas-a-ver-si-nos-aclaramos\/#breadcrumb","itemListElement":[{"@type":"ListItem","position":1,"name":"Inici","item":"https:\/\/e-cristians.cat\/es\/"},{"@type":"ListItem","position":2,"name":"N\u00fa\u00f1ez Feij\u00f3o entre el inter\u00e9s general y las \u201cbatallas ideol\u00f3gicas\u00bb: a ver si nos aclaramos"}]},{"@type":"WebSite","@id":"https:\/\/e-cristians.cat\/#website","url":"https:\/\/e-cristians.cat\/","name":"e-Cristians","description":"","potentialAction":[{"@type":"SearchAction","target":{"@type":"EntryPoint","urlTemplate":"https:\/\/e-cristians.cat\/?s={search_term_string}"},"query-input":"required name=search_term_string"}],"inLanguage":"es"},{"@type":"Person","@id":"https:\/\/e-cristians.cat\/#\/schema\/person\/f0ec475338e49aaef9c9dc9d9f162861","name":"e-Cristians","image":{"@type":"ImageObject","inLanguage":"es","@id":"https:\/\/e-cristians.cat\/#\/schema\/person\/image\/","url":"https:\/\/secure.gravatar.com\/avatar\/14bc9e5b0ca69070f1075ad3efcb33c4?s=96&d=mm&r=g","contentUrl":"https:\/\/secure.gravatar.com\/avatar\/14bc9e5b0ca69070f1075ad3efcb33c4?s=96&d=mm&r=g","caption":"e-Cristians"}}]}},"jetpack_sharing_enabled":true,"jetpack_featured_media_url":"https:\/\/e-cristians.cat\/wp-content\/uploads\/2022\/10\/feijoo-y-aborto-600x337-1.jpg","_links":{"self":[{"href":"https:\/\/e-cristians.cat\/es\/wp-json\/wp\/v2\/posts\/58571"}],"collection":[{"href":"https:\/\/e-cristians.cat\/es\/wp-json\/wp\/v2\/posts"}],"about":[{"href":"https:\/\/e-cristians.cat\/es\/wp-json\/wp\/v2\/types\/post"}],"author":[{"embeddable":true,"href":"https:\/\/e-cristians.cat\/es\/wp-json\/wp\/v2\/users\/2"}],"replies":[{"embeddable":true,"href":"https:\/\/e-cristians.cat\/es\/wp-json\/wp\/v2\/comments?post=58571"}],"version-history":[{"count":1,"href":"https:\/\/e-cristians.cat\/es\/wp-json\/wp\/v2\/posts\/58571\/revisions"}],"predecessor-version":[{"id":58575,"href":"https:\/\/e-cristians.cat\/es\/wp-json\/wp\/v2\/posts\/58571\/revisions\/58575"}],"wp:featuredmedia":[{"embeddable":true,"href":"https:\/\/e-cristians.cat\/es\/wp-json\/wp\/v2\/media\/58572"}],"wp:attachment":[{"href":"https:\/\/e-cristians.cat\/es\/wp-json\/wp\/v2\/media?parent=58571"}],"wp:term":[{"taxonomy":"category","embeddable":true,"href":"https:\/\/e-cristians.cat\/es\/wp-json\/wp\/v2\/categories?post=58571"},{"taxonomy":"post_tag","embeddable":true,"href":"https:\/\/e-cristians.cat\/es\/wp-json\/wp\/v2\/tags?post=58571"}],"curies":[{"name":"wp","href":"https:\/\/api.w.org\/{rel}","templated":true}]}}