{"id":609,"date":"2020-06-03T12:44:29","date_gmt":"2020-06-03T10:44:29","guid":{"rendered":"https:\/\/e-cristians.cat\/new\/?p=609"},"modified":"2020-06-18T12:46:37","modified_gmt":"2020-06-18T10:46:37","slug":"cristianos","status":"publish","type":"post","link":"https:\/\/e-cristians.cat\/es\/cristianos\/","title":{"rendered":"Cristianos"},"content":{"rendered":"<p><em>Blog de Josep Mir\u00f3 i Ard\u00e8vol (publicado en La Vanguardia)<\/em><\/p>\n<p>La pandemia ha trastornado en una medida muy incierta el funcionamiento de la sociedad, de sus instituciones, de su econom\u00eda y pol\u00edtica. \u00bfEn qu\u00e9 grado ha perturbado el hecho cristiano, y su formulaci\u00f3n m\u00e1s importante, la Iglesia Cat\u00f3lica?, \u00bfa los propios cat\u00f3licos? Hemos visto cambios oficiales s\u00fabitos en deberes profundamente enraizados y c\u00f3mo la comunidad presencial se ha esfumado. No en todas partes ha sido igual, hay diferencias, no ya entre pa\u00edses, sino de di\u00f3cesis a di\u00f3cesis; entre parroquias, pero sumado y restado la impresi\u00f3n resultante es aquella: lo que parec\u00eda inmutable, como la vida sacramental, combinaci\u00f3n inescrutable de la materia y el Esp\u00edritu, puede ser modificado. El signo ha\u00a0<strong>sido sacrificarlo todo por solidaridad<\/strong> con el resto de la sociedad para evitar el m\u00e1s m\u00ednimo gesto de contagio, pero no todos, ni todo, ha sido percibido en estos t\u00e9rminos. Tambi\u00e9n ha podido ser interpretado como una retirada. <a href=\"https:\/\/www.forumlibertas.com\/cristianos\/\" target=\"_blank\" rel=\"noopener noreferrer\">Leer m\u00e1s.<\/a><\/p>\n","protected":false},"excerpt":{"rendered":"<p>Blog de Josep Mir\u00f3 i Ard\u00e8vol (publicado en La Vanguardia) La pandemia ha trastornado en una medida muy incierta el funcionamiento de la sociedad, de sus instituciones, de su econom\u00eda y pol\u00edtica. \u00bfEn qu\u00e9 grado ha perturbado el hecho cristiano, y su formulaci\u00f3n m\u00e1s importante, la Iglesia Cat\u00f3lica?, \u00bfa los propios cat\u00f3licos? Hemos visto cambios&#8230;<\/p>\n","protected":false},"author":2,"featured_media":606,"comment_status":"open","ping_status":"open","sticky":false,"template":"","format":"standard","meta":{"_jetpack_memberships_contains_paid_content":false,"footnotes":""},"categories":[34],"tags":[],"class_list":["post-609","post","type-post","status-publish","format-standard","has-post-thumbnail","hentry","category-editorials-i-blogs-de-forumlibertas-es"],"yoast_head":"<!-- This site is optimized with the Yoast SEO plugin v20.0 - https:\/\/yoast.com\/wordpress\/plugins\/seo\/ -->\n<title>Cristianos - e-Cristians<\/title>\n<meta name=\"robots\" content=\"index, follow, max-snippet:-1, max-image-preview:large, max-video-preview:-1\" \/>\n<link rel=\"canonical\" href=\"https:\/\/e-cristians.cat\/es\/cristianos\/\" \/>\n<meta property=\"og:locale\" content=\"es_ES\" \/>\n<meta property=\"og:type\" content=\"article\" \/>\n<meta property=\"og:title\" content=\"Cristianos - e-Cristians\" \/>\n<meta property=\"og:description\" content=\"Blog de Josep Mir\u00f3 i Ard\u00e8vol (publicado en La Vanguardia) La pandemia ha trastornado en una medida muy incierta el funcionamiento de la sociedad, de sus instituciones, de su econom\u00eda y pol\u00edtica. \u00bfEn qu\u00e9 grado ha perturbado el hecho cristiano, y su formulaci\u00f3n m\u00e1s importante, la Iglesia Cat\u00f3lica?, \u00bfa los propios cat\u00f3licos? Hemos visto cambios...\" \/>\n<meta property=\"og:url\" content=\"https:\/\/e-cristians.cat\/es\/cristianos\/\" \/>\n<meta property=\"og:site_name\" content=\"e-Cristians\" \/>\n<meta property=\"article:published_time\" content=\"2020-06-03T10:44:29+00:00\" \/>\n<meta property=\"article:modified_time\" content=\"2020-06-18T10:46:37+00:00\" \/>\n<meta property=\"og:image\" content=\"https:\/\/e-cristians.cat\/wp-content\/uploads\/2020\/06\/cristianos-1-600x337-1.jpg\" \/>\n\t<meta property=\"og:image:width\" content=\"600\" \/>\n\t<meta property=\"og:image:height\" content=\"337\" \/>\n\t<meta property=\"og:image:type\" content=\"image\/jpeg\" \/>\n<meta name=\"author\" content=\"e-Cristians\" \/>\n<meta name=\"twitter:card\" content=\"summary_large_image\" \/>\n<meta name=\"twitter:label1\" content=\"Escrito por\" \/>\n\t<meta name=\"twitter:data1\" content=\"e-Cristians\" \/>\n\t<meta name=\"twitter:label2\" content=\"Tiempo de lectura\" \/>\n\t<meta name=\"twitter:data2\" content=\"1 minuto\" \/>\n<script type=\"application\/ld+json\" class=\"yoast-schema-graph\">{\"@context\":\"https:\/\/schema.org\",\"@graph\":[{\"@type\":\"WebPage\",\"@id\":\"https:\/\/e-cristians.cat\/es\/cristianos\/\",\"url\":\"https:\/\/e-cristians.cat\/es\/cristianos\/\",\"name\":\"Cristianos - e-Cristians\",\"isPartOf\":{\"@id\":\"https:\/\/e-cristians.cat\/#website\"},\"datePublished\":\"2020-06-03T10:44:29+00:00\",\"dateModified\":\"2020-06-18T10:46:37+00:00\",\"author\":{\"@id\":\"https:\/\/e-cristians.cat\/#\/schema\/person\/f0ec475338e49aaef9c9dc9d9f162861\"},\"breadcrumb\":{\"@id\":\"https:\/\/e-cristians.cat\/es\/cristianos\/#breadcrumb\"},\"inLanguage\":\"es\",\"potentialAction\":[{\"@type\":\"ReadAction\",\"target\":[\"https:\/\/e-cristians.cat\/es\/cristianos\/\"]}]},{\"@type\":\"BreadcrumbList\",\"@id\":\"https:\/\/e-cristians.cat\/es\/cristianos\/#breadcrumb\",\"itemListElement\":[{\"@type\":\"ListItem\",\"position\":1,\"name\":\"Inici\",\"item\":\"https:\/\/e-cristians.cat\/es\/\"},{\"@type\":\"ListItem\",\"position\":2,\"name\":\"Cristianos\"}]},{\"@type\":\"WebSite\",\"@id\":\"https:\/\/e-cristians.cat\/#website\",\"url\":\"https:\/\/e-cristians.cat\/\",\"name\":\"e-Cristians\",\"description\":\"\",\"potentialAction\":[{\"@type\":\"SearchAction\",\"target\":{\"@type\":\"EntryPoint\",\"urlTemplate\":\"https:\/\/e-cristians.cat\/?s={search_term_string}\"},\"query-input\":\"required name=search_term_string\"}],\"inLanguage\":\"es\"},{\"@type\":\"Person\",\"@id\":\"https:\/\/e-cristians.cat\/#\/schema\/person\/f0ec475338e49aaef9c9dc9d9f162861\",\"name\":\"e-Cristians\",\"image\":{\"@type\":\"ImageObject\",\"inLanguage\":\"es\",\"@id\":\"https:\/\/e-cristians.cat\/#\/schema\/person\/image\/\",\"url\":\"https:\/\/secure.gravatar.com\/avatar\/14bc9e5b0ca69070f1075ad3efcb33c4?s=96&d=mm&r=g\",\"contentUrl\":\"https:\/\/secure.gravatar.com\/avatar\/14bc9e5b0ca69070f1075ad3efcb33c4?s=96&d=mm&r=g\",\"caption\":\"e-Cristians\"}}]}<\/script>\n<!-- \/ Yoast SEO plugin. -->","yoast_head_json":{"title":"Cristianos - e-Cristians","robots":{"index":"index","follow":"follow","max-snippet":"max-snippet:-1","max-image-preview":"max-image-preview:large","max-video-preview":"max-video-preview:-1"},"canonical":"https:\/\/e-cristians.cat\/es\/cristianos\/","og_locale":"es_ES","og_type":"article","og_title":"Cristianos - e-Cristians","og_description":"Blog de Josep Mir\u00f3 i Ard\u00e8vol (publicado en La Vanguardia) La pandemia ha trastornado en una medida muy incierta el funcionamiento de la sociedad, de sus instituciones, de su econom\u00eda y pol\u00edtica. \u00bfEn qu\u00e9 grado ha perturbado el hecho cristiano, y su formulaci\u00f3n m\u00e1s importante, la Iglesia Cat\u00f3lica?, \u00bfa los propios cat\u00f3licos? Hemos visto cambios...","og_url":"https:\/\/e-cristians.cat\/es\/cristianos\/","og_site_name":"e-Cristians","article_published_time":"2020-06-03T10:44:29+00:00","article_modified_time":"2020-06-18T10:46:37+00:00","og_image":[{"width":600,"height":337,"url":"https:\/\/e-cristians.cat\/wp-content\/uploads\/2020\/06\/cristianos-1-600x337-1.jpg","type":"image\/jpeg"}],"author":"e-Cristians","twitter_card":"summary_large_image","twitter_misc":{"Escrito por":"e-Cristians","Tiempo de lectura":"1 minuto"},"schema":{"@context":"https:\/\/schema.org","@graph":[{"@type":"WebPage","@id":"https:\/\/e-cristians.cat\/es\/cristianos\/","url":"https:\/\/e-cristians.cat\/es\/cristianos\/","name":"Cristianos - e-Cristians","isPartOf":{"@id":"https:\/\/e-cristians.cat\/#website"},"datePublished":"2020-06-03T10:44:29+00:00","dateModified":"2020-06-18T10:46:37+00:00","author":{"@id":"https:\/\/e-cristians.cat\/#\/schema\/person\/f0ec475338e49aaef9c9dc9d9f162861"},"breadcrumb":{"@id":"https:\/\/e-cristians.cat\/es\/cristianos\/#breadcrumb"},"inLanguage":"es","potentialAction":[{"@type":"ReadAction","target":["https:\/\/e-cristians.cat\/es\/cristianos\/"]}]},{"@type":"BreadcrumbList","@id":"https:\/\/e-cristians.cat\/es\/cristianos\/#breadcrumb","itemListElement":[{"@type":"ListItem","position":1,"name":"Inici","item":"https:\/\/e-cristians.cat\/es\/"},{"@type":"ListItem","position":2,"name":"Cristianos"}]},{"@type":"WebSite","@id":"https:\/\/e-cristians.cat\/#website","url":"https:\/\/e-cristians.cat\/","name":"e-Cristians","description":"","potentialAction":[{"@type":"SearchAction","target":{"@type":"EntryPoint","urlTemplate":"https:\/\/e-cristians.cat\/?s={search_term_string}"},"query-input":"required name=search_term_string"}],"inLanguage":"es"},{"@type":"Person","@id":"https:\/\/e-cristians.cat\/#\/schema\/person\/f0ec475338e49aaef9c9dc9d9f162861","name":"e-Cristians","image":{"@type":"ImageObject","inLanguage":"es","@id":"https:\/\/e-cristians.cat\/#\/schema\/person\/image\/","url":"https:\/\/secure.gravatar.com\/avatar\/14bc9e5b0ca69070f1075ad3efcb33c4?s=96&d=mm&r=g","contentUrl":"https:\/\/secure.gravatar.com\/avatar\/14bc9e5b0ca69070f1075ad3efcb33c4?s=96&d=mm&r=g","caption":"e-Cristians"}}]}},"jetpack_sharing_enabled":true,"jetpack_featured_media_url":"https:\/\/e-cristians.cat\/wp-content\/uploads\/2020\/06\/cristianos-1-600x337-1.jpg","_links":{"self":[{"href":"https:\/\/e-cristians.cat\/es\/wp-json\/wp\/v2\/posts\/609"}],"collection":[{"href":"https:\/\/e-cristians.cat\/es\/wp-json\/wp\/v2\/posts"}],"about":[{"href":"https:\/\/e-cristians.cat\/es\/wp-json\/wp\/v2\/types\/post"}],"author":[{"embeddable":true,"href":"https:\/\/e-cristians.cat\/es\/wp-json\/wp\/v2\/users\/2"}],"replies":[{"embeddable":true,"href":"https:\/\/e-cristians.cat\/es\/wp-json\/wp\/v2\/comments?post=609"}],"version-history":[{"count":1,"href":"https:\/\/e-cristians.cat\/es\/wp-json\/wp\/v2\/posts\/609\/revisions"}],"predecessor-version":[{"id":610,"href":"https:\/\/e-cristians.cat\/es\/wp-json\/wp\/v2\/posts\/609\/revisions\/610"}],"wp:featuredmedia":[{"embeddable":true,"href":"https:\/\/e-cristians.cat\/es\/wp-json\/wp\/v2\/media\/606"}],"wp:attachment":[{"href":"https:\/\/e-cristians.cat\/es\/wp-json\/wp\/v2\/media?parent=609"}],"wp:term":[{"taxonomy":"category","embeddable":true,"href":"https:\/\/e-cristians.cat\/es\/wp-json\/wp\/v2\/categories?post=609"},{"taxonomy":"post_tag","embeddable":true,"href":"https:\/\/e-cristians.cat\/es\/wp-json\/wp\/v2\/tags?post=609"}],"curies":[{"name":"wp","href":"https:\/\/api.w.org\/{rel}","templated":true}]}}