{"id":6421,"date":"2021-04-09T11:43:35","date_gmt":"2021-04-09T09:43:35","guid":{"rendered":"https:\/\/e-cristians.cat\/?p=6421"},"modified":"2021-04-09T11:48:32","modified_gmt":"2021-04-09T09:48:32","slug":"si-no-lo-presentamos-los-cristianos-quien-lo-hara","status":"publish","type":"post","link":"https:\/\/e-cristians.cat\/es\/si-no-lo-presentamos-los-cristianos-quien-lo-hara\/","title":{"rendered":"Si no lo presentamos los cristianos \u00bfqui\u00e9n lo har\u00e1?"},"content":{"rendered":"<p><em>ForumLibertas.com<\/em><\/p>\n<p>\u00bfC\u00f3mo puede existir una necesaria mirada cristiana en la vida p\u00fablica si los propios cristianos la evitan y la esconden en nombre de una falsa y fracasada eficacia?<\/p>\n<p>\u00bfCu\u00e1ntas veces hemos escuchado la explicaci\u00f3n de \u201cno hay que decir que es cristiano, hay que plantearlo como una cuesti\u00f3n de humanismo\u201d, o cualquier otra variaci\u00f3n en torno al mismo tema, justificada por el criterio de que as\u00ed el planteamiento ser\u00e1 mejor aceptado? Pero \u00bfqu\u00e9 es lo que debe ser aceptado? \u00bfCu\u00e1l es la raz\u00f3n de ser del cristiano? Pues no es otra que dar raz\u00f3n inteligente y oportuna, eso tambi\u00e9n, de su fe, y no la de convertirnos en predicadores de uno de los tantos humanismos desmochados. <a href=\"https:\/\/www.forumlibertas.com\/cristianos-2\/\" target=\"_blank\" rel=\"noopener\">Llegir m\u00e9s.<\/a><\/p>\n","protected":false},"excerpt":{"rendered":"<p>ForumLibertas.com \u00bfC\u00f3mo puede existir una necesaria mirada cristiana en la vida p\u00fablica si los propios cristianos la evitan y la esconden en nombre de una falsa y fracasada eficacia? \u00bfCu\u00e1ntas veces hemos escuchado la explicaci\u00f3n de \u201cno hay que decir que es cristiano, hay que plantearlo como una cuesti\u00f3n de humanismo\u201d, o cualquier otra variaci\u00f3n&#8230;<\/p>\n","protected":false},"author":2,"featured_media":6425,"comment_status":"closed","ping_status":"closed","sticky":false,"template":"","format":"standard","meta":{"_jetpack_memberships_contains_paid_content":false,"footnotes":""},"categories":[34],"tags":[],"class_list":["post-6421","post","type-post","status-publish","format-standard","has-post-thumbnail","hentry","category-editorials-i-blogs-de-forumlibertas-es"],"yoast_head":"<!-- This site is optimized with the Yoast SEO plugin v20.0 - https:\/\/yoast.com\/wordpress\/plugins\/seo\/ -->\n<title>Si no lo presentamos los cristianos \u00bfqui\u00e9n lo har\u00e1? - e-Cristians<\/title>\n<meta name=\"robots\" content=\"noindex, nofollow\" \/>\n<meta property=\"og:locale\" content=\"es_ES\" \/>\n<meta property=\"og:type\" content=\"article\" \/>\n<meta property=\"og:title\" content=\"Si no lo presentamos los cristianos \u00bfqui\u00e9n lo har\u00e1? - e-Cristians\" \/>\n<meta property=\"og:description\" content=\"ForumLibertas.com \u00bfC\u00f3mo puede existir una necesaria mirada cristiana en la vida p\u00fablica si los propios cristianos la evitan y la esconden en nombre de una falsa y fracasada eficacia? \u00bfCu\u00e1ntas veces hemos escuchado la explicaci\u00f3n de \u201cno hay que decir que es cristiano, hay que plantearlo como una cuesti\u00f3n de humanismo\u201d, o cualquier otra variaci\u00f3n...\" \/>\n<meta property=\"og:url\" content=\"https:\/\/e-cristians.cat\/es\/si-no-lo-presentamos-los-cristianos-quien-lo-hara\/\" \/>\n<meta property=\"og:site_name\" content=\"e-Cristians\" \/>\n<meta property=\"article:published_time\" content=\"2021-04-09T09:43:35+00:00\" \/>\n<meta property=\"article:modified_time\" content=\"2021-04-09T09:48:32+00:00\" \/>\n<meta property=\"og:image\" content=\"https:\/\/e-cristians.cat\/wp-content\/uploads\/2021\/04\/cristianismo-2-600x337-1.jpg\" \/>\n\t<meta property=\"og:image:width\" content=\"600\" \/>\n\t<meta property=\"og:image:height\" content=\"337\" \/>\n\t<meta property=\"og:image:type\" content=\"image\/jpeg\" \/>\n<meta name=\"author\" content=\"e-Cristians\" \/>\n<meta name=\"twitter:card\" content=\"summary_large_image\" \/>\n<meta name=\"twitter:label1\" content=\"Escrito por\" \/>\n\t<meta name=\"twitter:data1\" content=\"e-Cristians\" \/>\n\t<meta name=\"twitter:label2\" content=\"Tiempo de lectura\" \/>\n\t<meta name=\"twitter:data2\" content=\"1 minuto\" \/>\n<script type=\"application\/ld+json\" class=\"yoast-schema-graph\">{\"@context\":\"https:\/\/schema.org\",\"@graph\":[{\"@type\":\"WebPage\",\"@id\":\"https:\/\/e-cristians.cat\/es\/si-no-lo-presentamos-los-cristianos-quien-lo-hara\/\",\"url\":\"https:\/\/e-cristians.cat\/es\/si-no-lo-presentamos-los-cristianos-quien-lo-hara\/\",\"name\":\"Si no lo presentamos los cristianos \u00bfqui\u00e9n lo har\u00e1? - e-Cristians\",\"isPartOf\":{\"@id\":\"https:\/\/e-cristians.cat\/#website\"},\"datePublished\":\"2021-04-09T09:43:35+00:00\",\"dateModified\":\"2021-04-09T09:48:32+00:00\",\"author\":{\"@id\":\"https:\/\/e-cristians.cat\/#\/schema\/person\/f0ec475338e49aaef9c9dc9d9f162861\"},\"breadcrumb\":{\"@id\":\"https:\/\/e-cristians.cat\/es\/si-no-lo-presentamos-los-cristianos-quien-lo-hara\/#breadcrumb\"},\"inLanguage\":\"es\",\"potentialAction\":[{\"@type\":\"ReadAction\",\"target\":[\"https:\/\/e-cristians.cat\/es\/si-no-lo-presentamos-los-cristianos-quien-lo-hara\/\"]}]},{\"@type\":\"BreadcrumbList\",\"@id\":\"https:\/\/e-cristians.cat\/es\/si-no-lo-presentamos-los-cristianos-quien-lo-hara\/#breadcrumb\",\"itemListElement\":[{\"@type\":\"ListItem\",\"position\":1,\"name\":\"Inici\",\"item\":\"https:\/\/e-cristians.cat\/es\/\"},{\"@type\":\"ListItem\",\"position\":2,\"name\":\"Si no lo presentamos los cristianos \u00bfqui\u00e9n lo har\u00e1?\"}]},{\"@type\":\"WebSite\",\"@id\":\"https:\/\/e-cristians.cat\/#website\",\"url\":\"https:\/\/e-cristians.cat\/\",\"name\":\"e-Cristians\",\"description\":\"\",\"potentialAction\":[{\"@type\":\"SearchAction\",\"target\":{\"@type\":\"EntryPoint\",\"urlTemplate\":\"https:\/\/e-cristians.cat\/?s={search_term_string}\"},\"query-input\":\"required name=search_term_string\"}],\"inLanguage\":\"es\"},{\"@type\":\"Person\",\"@id\":\"https:\/\/e-cristians.cat\/#\/schema\/person\/f0ec475338e49aaef9c9dc9d9f162861\",\"name\":\"e-Cristians\",\"image\":{\"@type\":\"ImageObject\",\"inLanguage\":\"es\",\"@id\":\"https:\/\/e-cristians.cat\/#\/schema\/person\/image\/\",\"url\":\"https:\/\/secure.gravatar.com\/avatar\/14bc9e5b0ca69070f1075ad3efcb33c4?s=96&d=mm&r=g\",\"contentUrl\":\"https:\/\/secure.gravatar.com\/avatar\/14bc9e5b0ca69070f1075ad3efcb33c4?s=96&d=mm&r=g\",\"caption\":\"e-Cristians\"}}]}<\/script>\n<!-- \/ Yoast SEO plugin. -->","yoast_head_json":{"title":"Si no lo presentamos los cristianos \u00bfqui\u00e9n lo har\u00e1? - e-Cristians","robots":{"index":"noindex","follow":"nofollow"},"og_locale":"es_ES","og_type":"article","og_title":"Si no lo presentamos los cristianos \u00bfqui\u00e9n lo har\u00e1? - e-Cristians","og_description":"ForumLibertas.com \u00bfC\u00f3mo puede existir una necesaria mirada cristiana en la vida p\u00fablica si los propios cristianos la evitan y la esconden en nombre de una falsa y fracasada eficacia? \u00bfCu\u00e1ntas veces hemos escuchado la explicaci\u00f3n de \u201cno hay que decir que es cristiano, hay que plantearlo como una cuesti\u00f3n de humanismo\u201d, o cualquier otra variaci\u00f3n...","og_url":"https:\/\/e-cristians.cat\/es\/si-no-lo-presentamos-los-cristianos-quien-lo-hara\/","og_site_name":"e-Cristians","article_published_time":"2021-04-09T09:43:35+00:00","article_modified_time":"2021-04-09T09:48:32+00:00","og_image":[{"width":600,"height":337,"url":"https:\/\/e-cristians.cat\/wp-content\/uploads\/2021\/04\/cristianismo-2-600x337-1.jpg","type":"image\/jpeg"}],"author":"e-Cristians","twitter_card":"summary_large_image","twitter_misc":{"Escrito por":"e-Cristians","Tiempo de lectura":"1 minuto"},"schema":{"@context":"https:\/\/schema.org","@graph":[{"@type":"WebPage","@id":"https:\/\/e-cristians.cat\/es\/si-no-lo-presentamos-los-cristianos-quien-lo-hara\/","url":"https:\/\/e-cristians.cat\/es\/si-no-lo-presentamos-los-cristianos-quien-lo-hara\/","name":"Si no lo presentamos los cristianos \u00bfqui\u00e9n lo har\u00e1? - e-Cristians","isPartOf":{"@id":"https:\/\/e-cristians.cat\/#website"},"datePublished":"2021-04-09T09:43:35+00:00","dateModified":"2021-04-09T09:48:32+00:00","author":{"@id":"https:\/\/e-cristians.cat\/#\/schema\/person\/f0ec475338e49aaef9c9dc9d9f162861"},"breadcrumb":{"@id":"https:\/\/e-cristians.cat\/es\/si-no-lo-presentamos-los-cristianos-quien-lo-hara\/#breadcrumb"},"inLanguage":"es","potentialAction":[{"@type":"ReadAction","target":["https:\/\/e-cristians.cat\/es\/si-no-lo-presentamos-los-cristianos-quien-lo-hara\/"]}]},{"@type":"BreadcrumbList","@id":"https:\/\/e-cristians.cat\/es\/si-no-lo-presentamos-los-cristianos-quien-lo-hara\/#breadcrumb","itemListElement":[{"@type":"ListItem","position":1,"name":"Inici","item":"https:\/\/e-cristians.cat\/es\/"},{"@type":"ListItem","position":2,"name":"Si no lo presentamos los cristianos \u00bfqui\u00e9n lo har\u00e1?"}]},{"@type":"WebSite","@id":"https:\/\/e-cristians.cat\/#website","url":"https:\/\/e-cristians.cat\/","name":"e-Cristians","description":"","potentialAction":[{"@type":"SearchAction","target":{"@type":"EntryPoint","urlTemplate":"https:\/\/e-cristians.cat\/?s={search_term_string}"},"query-input":"required name=search_term_string"}],"inLanguage":"es"},{"@type":"Person","@id":"https:\/\/e-cristians.cat\/#\/schema\/person\/f0ec475338e49aaef9c9dc9d9f162861","name":"e-Cristians","image":{"@type":"ImageObject","inLanguage":"es","@id":"https:\/\/e-cristians.cat\/#\/schema\/person\/image\/","url":"https:\/\/secure.gravatar.com\/avatar\/14bc9e5b0ca69070f1075ad3efcb33c4?s=96&d=mm&r=g","contentUrl":"https:\/\/secure.gravatar.com\/avatar\/14bc9e5b0ca69070f1075ad3efcb33c4?s=96&d=mm&r=g","caption":"e-Cristians"}}]}},"jetpack_sharing_enabled":true,"jetpack_featured_media_url":"https:\/\/e-cristians.cat\/wp-content\/uploads\/2021\/04\/cristianismo-2-600x337-1.jpg","_links":{"self":[{"href":"https:\/\/e-cristians.cat\/es\/wp-json\/wp\/v2\/posts\/6421"}],"collection":[{"href":"https:\/\/e-cristians.cat\/es\/wp-json\/wp\/v2\/posts"}],"about":[{"href":"https:\/\/e-cristians.cat\/es\/wp-json\/wp\/v2\/types\/post"}],"author":[{"embeddable":true,"href":"https:\/\/e-cristians.cat\/es\/wp-json\/wp\/v2\/users\/2"}],"replies":[{"embeddable":true,"href":"https:\/\/e-cristians.cat\/es\/wp-json\/wp\/v2\/comments?post=6421"}],"version-history":[{"count":1,"href":"https:\/\/e-cristians.cat\/es\/wp-json\/wp\/v2\/posts\/6421\/revisions"}],"predecessor-version":[{"id":6422,"href":"https:\/\/e-cristians.cat\/es\/wp-json\/wp\/v2\/posts\/6421\/revisions\/6422"}],"wp:featuredmedia":[{"embeddable":true,"href":"https:\/\/e-cristians.cat\/es\/wp-json\/wp\/v2\/media\/6425"}],"wp:attachment":[{"href":"https:\/\/e-cristians.cat\/es\/wp-json\/wp\/v2\/media?parent=6421"}],"wp:term":[{"taxonomy":"category","embeddable":true,"href":"https:\/\/e-cristians.cat\/es\/wp-json\/wp\/v2\/categories?post=6421"},{"taxonomy":"post_tag","embeddable":true,"href":"https:\/\/e-cristians.cat\/es\/wp-json\/wp\/v2\/tags?post=6421"}],"curies":[{"name":"wp","href":"https:\/\/api.w.org\/{rel}","templated":true}]}}