{"id":72299,"date":"2022-12-12T12:30:32","date_gmt":"2022-12-12T11:30:32","guid":{"rendered":"https:\/\/e-cristians.cat\/?p=72299"},"modified":"2022-12-13T12:41:33","modified_gmt":"2022-12-13T11:41:33","slug":"presentacion-de-la-campana-enciende-tu-luz-por-siria","status":"publish","type":"post","link":"https:\/\/e-cristians.cat\/es\/presentacion-de-la-campana-enciende-tu-luz-por-siria\/","title":{"rendered":"Testimonio y presentaci\u00f3n de la campa\u00f1a #GUERRAOLVIDADA \u00abEnciende tu luz por Siria\u00bb"},"content":{"rendered":"<p>Se trata del testimonio de un sacerdote de Alepo (Siria), p. Fadi Jaddar, donde viven una situaci\u00f3n desesperada. La actividad est\u00e1 enmarcada en la campa\u00f1a de Navidad del ACN: <em>Una guerra olvidada.<\/em> 11 a\u00f1os de guerra (civil, pero en gran medida empeorada por intervenciones internacionales: sun\u00edes contra ciudades, EE.UU. contra Rusia, Turqu\u00eda contra los kurdos, con el ali\u00f1o de los terroristas de ISIS) han dejado el pa\u00eds destruido con la econom\u00eda por tierra . El 90% de la poblaci\u00f3n vive por debajo del umbral de la pobreza, su sueldo medio es de 30\u20ac al mes, hay 6,5 millones de personas que han abandonado el pa\u00eds, tienen una inflaci\u00f3n peor que en Europa.<\/p>\n<p>D\u00eda: jueves, <strong>15 de diciembre<\/strong> de 2022<\/p>\n<p>Hora: <strong>21h.<\/strong><\/p>\n<p>Lugar: <strong>Sta. Joaquina de Vedruna<\/strong> (c\/ de la Gleva, 29, Barcelona)<\/p>\n","protected":false},"excerpt":{"rendered":"<p>Se trata del testimonio de un sacerdote de Alepo (Siria), p. Fadi Jaddar, donde viven una situaci\u00f3n desesperada. La actividad est\u00e1 enmarcada en la campa\u00f1a de Navidad del ACN: Una guerra olvidada. 11 a\u00f1os de guerra (civil, pero en gran medida empeorada por intervenciones internacionales: sun\u00edes contra ciudades, EE.UU. contra Rusia, Turqu\u00eda contra los kurdos,&#8230;<\/p>\n","protected":false},"author":2,"featured_media":72301,"comment_status":"closed","ping_status":"closed","sticky":false,"template":"","format":"standard","meta":{"_jetpack_memberships_contains_paid_content":false,"footnotes":""},"categories":[33,39],"tags":[],"class_list":["post-72299","post","type-post","status-publish","format-standard","has-post-thumbnail","hentry","category-altres-entitats-informacions-agenda-i-documents-es","category-portada_news-es"],"yoast_head":"<!-- This site is optimized with the Yoast SEO plugin v20.0 - https:\/\/yoast.com\/wordpress\/plugins\/seo\/ -->\n<title>Testimonio y presentaci\u00f3n de la campa\u00f1a #GUERRAOLVIDADA &quot;Enciende tu luz por Siria&quot; - e-Cristians<\/title>\n<meta name=\"robots\" content=\"noindex, nofollow\" \/>\n<meta property=\"og:locale\" content=\"es_ES\" \/>\n<meta property=\"og:type\" content=\"article\" \/>\n<meta property=\"og:title\" content=\"Testimonio y presentaci\u00f3n de la campa\u00f1a #GUERRAOLVIDADA &quot;Enciende tu luz por Siria&quot; - e-Cristians\" \/>\n<meta property=\"og:description\" content=\"Se trata del testimonio de un sacerdote de Alepo (Siria), p. Fadi Jaddar, donde viven una situaci\u00f3n desesperada. La actividad est\u00e1 enmarcada en la campa\u00f1a de Navidad del ACN: Una guerra olvidada. 11 a\u00f1os de guerra (civil, pero en gran medida empeorada por intervenciones internacionales: sun\u00edes contra ciudades, EE.UU. contra Rusia, Turqu\u00eda contra los kurdos,...\" \/>\n<meta property=\"og:url\" content=\"https:\/\/e-cristians.cat\/es\/presentacion-de-la-campana-enciende-tu-luz-por-siria\/\" \/>\n<meta property=\"og:site_name\" content=\"e-Cristians\" \/>\n<meta property=\"article:published_time\" content=\"2022-12-12T11:30:32+00:00\" \/>\n<meta property=\"article:modified_time\" content=\"2022-12-13T11:41:33+00:00\" \/>\n<meta property=\"og:image\" content=\"https:\/\/e-cristians.cat\/wp-content\/uploads\/2022\/12\/Barcelona-Siria-Cast.jpg\" \/>\n\t<meta property=\"og:image:width\" content=\"1587\" \/>\n\t<meta property=\"og:image:height\" content=\"2245\" \/>\n\t<meta property=\"og:image:type\" content=\"image\/jpeg\" \/>\n<meta name=\"author\" content=\"e-Cristians\" \/>\n<meta name=\"twitter:card\" content=\"summary_large_image\" \/>\n<meta name=\"twitter:label1\" content=\"Escrito por\" \/>\n\t<meta name=\"twitter:data1\" content=\"e-Cristians\" \/>\n\t<meta name=\"twitter:label2\" content=\"Tiempo de lectura\" \/>\n\t<meta name=\"twitter:data2\" content=\"1 minuto\" \/>\n<script type=\"application\/ld+json\" class=\"yoast-schema-graph\">{\"@context\":\"https:\/\/schema.org\",\"@graph\":[{\"@type\":\"WebPage\",\"@id\":\"https:\/\/e-cristians.cat\/es\/presentacion-de-la-campana-enciende-tu-luz-por-siria\/\",\"url\":\"https:\/\/e-cristians.cat\/es\/presentacion-de-la-campana-enciende-tu-luz-por-siria\/\",\"name\":\"Testimonio y presentaci\u00f3n de la campa\u00f1a #GUERRAOLVIDADA \\\"Enciende tu luz por Siria\\\" - e-Cristians\",\"isPartOf\":{\"@id\":\"https:\/\/e-cristians.cat\/#website\"},\"datePublished\":\"2022-12-12T11:30:32+00:00\",\"dateModified\":\"2022-12-13T11:41:33+00:00\",\"author\":{\"@id\":\"https:\/\/e-cristians.cat\/#\/schema\/person\/f0ec475338e49aaef9c9dc9d9f162861\"},\"breadcrumb\":{\"@id\":\"https:\/\/e-cristians.cat\/es\/presentacion-de-la-campana-enciende-tu-luz-por-siria\/#breadcrumb\"},\"inLanguage\":\"es\",\"potentialAction\":[{\"@type\":\"ReadAction\",\"target\":[\"https:\/\/e-cristians.cat\/es\/presentacion-de-la-campana-enciende-tu-luz-por-siria\/\"]}]},{\"@type\":\"BreadcrumbList\",\"@id\":\"https:\/\/e-cristians.cat\/es\/presentacion-de-la-campana-enciende-tu-luz-por-siria\/#breadcrumb\",\"itemListElement\":[{\"@type\":\"ListItem\",\"position\":1,\"name\":\"Inici\",\"item\":\"https:\/\/e-cristians.cat\/es\/\"},{\"@type\":\"ListItem\",\"position\":2,\"name\":\"Testimonio y presentaci\u00f3n de la campa\u00f1a #GUERRAOLVIDADA &#8220;Enciende tu luz por Siria&#8221;\"}]},{\"@type\":\"WebSite\",\"@id\":\"https:\/\/e-cristians.cat\/#website\",\"url\":\"https:\/\/e-cristians.cat\/\",\"name\":\"e-Cristians\",\"description\":\"\",\"potentialAction\":[{\"@type\":\"SearchAction\",\"target\":{\"@type\":\"EntryPoint\",\"urlTemplate\":\"https:\/\/e-cristians.cat\/?s={search_term_string}\"},\"query-input\":\"required name=search_term_string\"}],\"inLanguage\":\"es\"},{\"@type\":\"Person\",\"@id\":\"https:\/\/e-cristians.cat\/#\/schema\/person\/f0ec475338e49aaef9c9dc9d9f162861\",\"name\":\"e-Cristians\",\"image\":{\"@type\":\"ImageObject\",\"inLanguage\":\"es\",\"@id\":\"https:\/\/e-cristians.cat\/#\/schema\/person\/image\/\",\"url\":\"https:\/\/secure.gravatar.com\/avatar\/14bc9e5b0ca69070f1075ad3efcb33c4?s=96&d=mm&r=g\",\"contentUrl\":\"https:\/\/secure.gravatar.com\/avatar\/14bc9e5b0ca69070f1075ad3efcb33c4?s=96&d=mm&r=g\",\"caption\":\"e-Cristians\"}}]}<\/script>\n<!-- \/ Yoast SEO plugin. -->","yoast_head_json":{"title":"Testimonio y presentaci\u00f3n de la campa\u00f1a #GUERRAOLVIDADA \"Enciende tu luz por Siria\" - e-Cristians","robots":{"index":"noindex","follow":"nofollow"},"og_locale":"es_ES","og_type":"article","og_title":"Testimonio y presentaci\u00f3n de la campa\u00f1a #GUERRAOLVIDADA \"Enciende tu luz por Siria\" - e-Cristians","og_description":"Se trata del testimonio de un sacerdote de Alepo (Siria), p. Fadi Jaddar, donde viven una situaci\u00f3n desesperada. La actividad est\u00e1 enmarcada en la campa\u00f1a de Navidad del ACN: Una guerra olvidada. 11 a\u00f1os de guerra (civil, pero en gran medida empeorada por intervenciones internacionales: sun\u00edes contra ciudades, EE.UU. contra Rusia, Turqu\u00eda contra los kurdos,...","og_url":"https:\/\/e-cristians.cat\/es\/presentacion-de-la-campana-enciende-tu-luz-por-siria\/","og_site_name":"e-Cristians","article_published_time":"2022-12-12T11:30:32+00:00","article_modified_time":"2022-12-13T11:41:33+00:00","og_image":[{"width":1587,"height":2245,"url":"https:\/\/e-cristians.cat\/wp-content\/uploads\/2022\/12\/Barcelona-Siria-Cast.jpg","type":"image\/jpeg"}],"author":"e-Cristians","twitter_card":"summary_large_image","twitter_misc":{"Escrito por":"e-Cristians","Tiempo de lectura":"1 minuto"},"schema":{"@context":"https:\/\/schema.org","@graph":[{"@type":"WebPage","@id":"https:\/\/e-cristians.cat\/es\/presentacion-de-la-campana-enciende-tu-luz-por-siria\/","url":"https:\/\/e-cristians.cat\/es\/presentacion-de-la-campana-enciende-tu-luz-por-siria\/","name":"Testimonio y presentaci\u00f3n de la campa\u00f1a #GUERRAOLVIDADA \"Enciende tu luz por Siria\" - e-Cristians","isPartOf":{"@id":"https:\/\/e-cristians.cat\/#website"},"datePublished":"2022-12-12T11:30:32+00:00","dateModified":"2022-12-13T11:41:33+00:00","author":{"@id":"https:\/\/e-cristians.cat\/#\/schema\/person\/f0ec475338e49aaef9c9dc9d9f162861"},"breadcrumb":{"@id":"https:\/\/e-cristians.cat\/es\/presentacion-de-la-campana-enciende-tu-luz-por-siria\/#breadcrumb"},"inLanguage":"es","potentialAction":[{"@type":"ReadAction","target":["https:\/\/e-cristians.cat\/es\/presentacion-de-la-campana-enciende-tu-luz-por-siria\/"]}]},{"@type":"BreadcrumbList","@id":"https:\/\/e-cristians.cat\/es\/presentacion-de-la-campana-enciende-tu-luz-por-siria\/#breadcrumb","itemListElement":[{"@type":"ListItem","position":1,"name":"Inici","item":"https:\/\/e-cristians.cat\/es\/"},{"@type":"ListItem","position":2,"name":"Testimonio y presentaci\u00f3n de la campa\u00f1a #GUERRAOLVIDADA &#8220;Enciende tu luz por Siria&#8221;"}]},{"@type":"WebSite","@id":"https:\/\/e-cristians.cat\/#website","url":"https:\/\/e-cristians.cat\/","name":"e-Cristians","description":"","potentialAction":[{"@type":"SearchAction","target":{"@type":"EntryPoint","urlTemplate":"https:\/\/e-cristians.cat\/?s={search_term_string}"},"query-input":"required name=search_term_string"}],"inLanguage":"es"},{"@type":"Person","@id":"https:\/\/e-cristians.cat\/#\/schema\/person\/f0ec475338e49aaef9c9dc9d9f162861","name":"e-Cristians","image":{"@type":"ImageObject","inLanguage":"es","@id":"https:\/\/e-cristians.cat\/#\/schema\/person\/image\/","url":"https:\/\/secure.gravatar.com\/avatar\/14bc9e5b0ca69070f1075ad3efcb33c4?s=96&d=mm&r=g","contentUrl":"https:\/\/secure.gravatar.com\/avatar\/14bc9e5b0ca69070f1075ad3efcb33c4?s=96&d=mm&r=g","caption":"e-Cristians"}}]}},"jetpack_sharing_enabled":true,"jetpack_featured_media_url":"https:\/\/e-cristians.cat\/wp-content\/uploads\/2022\/12\/Barcelona-Siria-Cast.jpg","_links":{"self":[{"href":"https:\/\/e-cristians.cat\/es\/wp-json\/wp\/v2\/posts\/72299"}],"collection":[{"href":"https:\/\/e-cristians.cat\/es\/wp-json\/wp\/v2\/posts"}],"about":[{"href":"https:\/\/e-cristians.cat\/es\/wp-json\/wp\/v2\/types\/post"}],"author":[{"embeddable":true,"href":"https:\/\/e-cristians.cat\/es\/wp-json\/wp\/v2\/users\/2"}],"replies":[{"embeddable":true,"href":"https:\/\/e-cristians.cat\/es\/wp-json\/wp\/v2\/comments?post=72299"}],"version-history":[{"count":3,"href":"https:\/\/e-cristians.cat\/es\/wp-json\/wp\/v2\/posts\/72299\/revisions"}],"predecessor-version":[{"id":76833,"href":"https:\/\/e-cristians.cat\/es\/wp-json\/wp\/v2\/posts\/72299\/revisions\/76833"}],"wp:featuredmedia":[{"embeddable":true,"href":"https:\/\/e-cristians.cat\/es\/wp-json\/wp\/v2\/media\/72301"}],"wp:attachment":[{"href":"https:\/\/e-cristians.cat\/es\/wp-json\/wp\/v2\/media?parent=72299"}],"wp:term":[{"taxonomy":"category","embeddable":true,"href":"https:\/\/e-cristians.cat\/es\/wp-json\/wp\/v2\/categories?post=72299"},{"taxonomy":"post_tag","embeddable":true,"href":"https:\/\/e-cristians.cat\/es\/wp-json\/wp\/v2\/tags?post=72299"}],"curies":[{"name":"wp","href":"https:\/\/api.w.org\/{rel}","templated":true}]}}