{"id":729,"date":"2020-06-10T17:34:16","date_gmt":"2020-06-10T15:34:16","guid":{"rendered":"https:\/\/e-cristians.cat\/new\/?p=729"},"modified":"2020-06-11T11:28:36","modified_gmt":"2020-06-11T09:28:36","slug":"pide-al-pp-que-se-persone-en-el-tc-para-reclamar-que-se-resuelva-su-recurso-contra-la-ley-del-aborto-que-lleva-10-anos-congelado","status":"publish","type":"post","link":"https:\/\/e-cristians.cat\/es\/pide-al-pp-que-se-persone-en-el-tc-para-reclamar-que-se-resuelva-su-recurso-contra-la-ley-del-aborto-que-lleva-10-anos-congelado\/","title":{"rendered":"Pide al PP que se persone en el TC para reclamar que se resuelva su recurso contra la ley del aborto que lleva 10 a\u00f1os \u00abcongelado\u00bb"},"content":{"rendered":"<p>Es escandaloso, pero es as\u00ed: hace 10 a\u00f1os que el Tribunal Constitucional tiene <em>congelado<\/em> el recurso presentado por el Partido Popular contra la ley del aborto aprobada durante el gobierno del presidente Zapatero.<\/p>\n<p><strong>Escribe a Pablo Casado<\/strong>, presidente del PP, para pedirle que se persone ante el TC pidiendo que \u00a0ponga fin a esta anomal\u00eda de la que deber\u00eda ser el primer interesado en que se resolviera. <strong>\u00a1Y colabora con e-Cristians difundiendo esta alerta!<\/strong><\/p>\n\n<div class=\"wpcf7 no-js\" id=\"wpcf7-f731-o1\" lang=\"ca\" dir=\"ltr\">\n<div class=\"screen-reader-response\"><p role=\"status\" aria-live=\"polite\" aria-atomic=\"true\"><\/p> <ul><\/ul><\/div>\n<form action=\"\/es\/wp-json\/wp\/v2\/posts\/729#wpcf7-f731-o1\" method=\"post\" class=\"wpcf7-form init wpcf7-acceptance-as-validation\" aria-label=\"Formulari de contacte\" novalidate=\"novalidate\" data-status=\"init\">\n<div style=\"display: none;\">\n<input type=\"hidden\" name=\"_wpcf7\" value=\"731\" \/>\n<input type=\"hidden\" name=\"_wpcf7_version\" value=\"5.7.3\" \/>\n<input type=\"hidden\" name=\"_wpcf7_locale\" value=\"ca\" \/>\n<input type=\"hidden\" name=\"_wpcf7_unit_tag\" value=\"wpcf7-f731-o1\" \/>\n<input type=\"hidden\" name=\"_wpcf7_container_post\" value=\"0\" \/>\n<input type=\"hidden\" name=\"_wpcf7_posted_data_hash\" value=\"\" \/>\n<input type=\"hidden\" name=\"_wpcf7_recaptcha_response\" value=\"\" \/>\n<\/div>\n<p><span class=\"wpcf7-form-control-wrap\" data-name=\"nombre\"><input size=\"40\" class=\"wpcf7-form-control wpcf7-text wpcf7-validates-as-required\" aria-required=\"true\" aria-invalid=\"false\" placeholder=\"Nombre*\" value=\"\" type=\"text\" name=\"nombre\" \/><\/span><br \/>\n<span class=\"wpcf7-form-control-wrap\" data-name=\"apellidos\"><input size=\"40\" class=\"wpcf7-form-control wpcf7-text wpcf7-validates-as-required\" aria-required=\"true\" aria-invalid=\"false\" placeholder=\"Apellidos*\" value=\"\" type=\"text\" name=\"apellidos\" \/><\/span><br \/>\n<span class=\"wpcf7-form-control-wrap\" data-name=\"email\"><input size=\"40\" class=\"wpcf7-form-control wpcf7-text wpcf7-email wpcf7-validates-as-required wpcf7-validates-as-email\" aria-required=\"true\" aria-invalid=\"false\" placeholder=\"Email*\" value=\"\" type=\"email\" name=\"email\" \/><\/span><br \/>\n<span class=\"wpcf7-form-control-wrap\" data-name=\"cp\"><input size=\"40\" class=\"wpcf7-form-control wpcf7-text wpcf7-validates-as-required\" aria-required=\"true\" aria-invalid=\"false\" placeholder=\"C\u00f3digo postal*\" value=\"\" type=\"text\" name=\"cp\" \/><\/span>\n<\/p>\n<p><span class=\"wpcf7-form-control-wrap\" data-name=\"mensaje\"><textarea cols=\"40\" rows=\"10\" class=\"wpcf7-form-control wpcf7-textarea\" aria-invalid=\"false\" name=\"mensaje\">Apreciado se\u00f1or Casado:\\n\\n\n\nSe cumplen 10 a\u00f1os del recurso que el Partido Popular present\u00f3 ante el Tribunal Constitucional contra la ley del aborto que sustitu\u00eda a la preexistente. En esta nueva legislaci\u00f3n desaparec\u00eda por completo toda consideraci\u00f3n sobre el no nacido, entre otras muchas modificaciones sobre el texto precedente.  Con raz\u00f3n su partido aleg\u00f3 motivos de anticonstitucionalidad en este planteamiento, y por ello present\u00f3 un bien fundamentado recurso. A pesar de ello, nos encontramos con la anomal\u00eda grave de que se encuentra congelado en el TC. Se trata de un hecho an\u00f3malo que degrada nuestras garant\u00edas constitucionales.\\n\\n\n\nConsidero que su partido debe ser el primer interesado en interesarse cerca del Tribunal para resolver de una vez por todas esta cuesti\u00f3n.\\n\\n\n\nPor este motivo le escribo para pedirle que intervenga en los t\u00e9rminos se\u00f1alados y que ponga as\u00ed fin a una situaci\u00f3n que carece de justificaci\u00f3n alguna.\\n\\n\n\nCordialmente.<\/textarea><\/span>\n<\/p>\n<input class=\"wpcf7-form-control wpcf7-hidden\" value=\"ES\" type=\"hidden\" name=\"idioma\" \/>\n<input class=\"wpcf7-form-control wpcf7-hidden\" value=\"Alertas\" type=\"hidden\" name=\"tipo\" \/>\n<p><span class=\"wpcf7-form-control-wrap\" data-name=\"rgpd-acepto\"><span class=\"wpcf7-form-control wpcf7-acceptance\"><span class=\"wpcf7-list-item\"><label><input type=\"checkbox\" name=\"rgpd-acepto\" value=\"1\" aria-invalid=\"false\" \/><span class=\"wpcf7-list-item-label\">Acepto la <a href=\"https:\/\/e-cristians.cat\/es\/politica-de-privacidad\/\" target=\"_blank\" rel=\"nofollow\">pol\u00edtica de privacidad<\/a><\/span><\/label><\/span><\/span><\/span>\n<\/p>\n<p><input class=\"wpcf7-form-control has-spinner wpcf7-submit\" type=\"submit\" value=\"Env\u00eda\" \/>\n<\/p><p style=\"display: none !important;\" class=\"akismet-fields-container\" data-prefix=\"_wpcf7_ak_\"><label>&#916;<textarea name=\"_wpcf7_ak_hp_textarea\" cols=\"45\" rows=\"8\" maxlength=\"100\"><\/textarea><\/label><input type=\"hidden\" id=\"ak_js_1\" name=\"_wpcf7_ak_js\" value=\"209\"\/><script>document.getElementById( \"ak_js_1\" ).setAttribute( \"value\", ( new Date() ).getTime() );<\/script><\/p><input type='hidden' class='wpcf7-pum' value='{\"closepopup\":false,\"closedelay\":0,\"openpopup\":false,\"openpopup_id\":0}' \/><div class=\"wpcf7-response-output\" aria-hidden=\"true\"><\/div>\n<\/form>\n<\/div>\n\n","protected":false},"excerpt":{"rendered":"<p>Es escandaloso, pero es as\u00ed: hace 10 a\u00f1os que el Tribunal Constitucional tiene congelado el recurso presentado por el Partido Popular contra la ley del aborto aprobada durante el gobierno del presidente Zapatero. Escribe a Pablo Casado, presidente del PP, para pedirle que se persone ante el TC pidiendo que \u00a0ponga fin a esta anomal\u00eda&#8230;<\/p>\n","protected":false},"author":2,"featured_media":733,"comment_status":"open","ping_status":"open","sticky":false,"template":"","format":"standard","meta":{"_jetpack_memberships_contains_paid_content":false,"footnotes":""},"categories":[24],"tags":[],"class_list":["post-729","post","type-post","status-publish","format-standard","has-post-thumbnail","hentry","category-alertes-es"],"yoast_head":"<!-- This site is optimized with the Yoast SEO plugin v20.0 - https:\/\/yoast.com\/wordpress\/plugins\/seo\/ -->\n<title>Pide al PP que se persone en el TC para reclamar que se resuelva su recurso contra la ley del aborto que lleva 10 a\u00f1os &quot;congelado&quot; - e-Cristians<\/title>\n<meta name=\"robots\" content=\"index, follow, max-snippet:-1, max-image-preview:large, max-video-preview:-1\" \/>\n<link rel=\"canonical\" href=\"https:\/\/e-cristians.cat\/es\/pide-al-pp-que-se-persone-en-el-tc-para-reclamar-que-se-resuelva-su-recurso-contra-la-ley-del-aborto-que-lleva-10-anos-congelado\/\" \/>\n<meta property=\"og:locale\" content=\"es_ES\" \/>\n<meta property=\"og:type\" content=\"article\" \/>\n<meta property=\"og:title\" content=\"Pide al PP que se persone en el TC para reclamar que se resuelva su recurso contra la ley del aborto que lleva 10 a\u00f1os &quot;congelado&quot; - e-Cristians\" \/>\n<meta property=\"og:description\" content=\"Es escandaloso, pero es as\u00ed: hace 10 a\u00f1os que el Tribunal Constitucional tiene congelado el recurso presentado por el Partido Popular contra la ley del aborto aprobada durante el gobierno del presidente Zapatero. Escribe a Pablo Casado, presidente del PP, para pedirle que se persone ante el TC pidiendo que \u00a0ponga fin a esta anomal\u00eda...\" \/>\n<meta property=\"og:url\" content=\"https:\/\/e-cristians.cat\/es\/pide-al-pp-que-se-persone-en-el-tc-para-reclamar-que-se-resuelva-su-recurso-contra-la-ley-del-aborto-que-lleva-10-anos-congelado\/\" \/>\n<meta property=\"og:site_name\" content=\"e-Cristians\" \/>\n<meta property=\"article:published_time\" content=\"2020-06-10T15:34:16+00:00\" \/>\n<meta property=\"article:modified_time\" content=\"2020-06-11T09:28:36+00:00\" \/>\n<meta property=\"og:image\" content=\"https:\/\/e-cristians.cat\/wp-content\/uploads\/2020\/06\/zentauroepp53345662-graf2331-madrid-2020-presidente-del-partido-pop200509113417-1589017057704.jpg\" \/>\n\t<meta property=\"og:image:width\" content=\"1200\" \/>\n\t<meta property=\"og:image:height\" content=\"674\" \/>\n\t<meta property=\"og:image:type\" content=\"image\/jpeg\" \/>\n<meta name=\"author\" content=\"e-Cristians\" \/>\n<meta name=\"twitter:card\" content=\"summary_large_image\" \/>\n<meta name=\"twitter:label1\" content=\"Escrito por\" \/>\n\t<meta name=\"twitter:data1\" content=\"e-Cristians\" \/>\n\t<meta name=\"twitter:label2\" content=\"Tiempo de lectura\" \/>\n\t<meta name=\"twitter:data2\" content=\"1 minuto\" \/>\n<script type=\"application\/ld+json\" class=\"yoast-schema-graph\">{\"@context\":\"https:\/\/schema.org\",\"@graph\":[{\"@type\":\"WebPage\",\"@id\":\"https:\/\/e-cristians.cat\/es\/pide-al-pp-que-se-persone-en-el-tc-para-reclamar-que-se-resuelva-su-recurso-contra-la-ley-del-aborto-que-lleva-10-anos-congelado\/\",\"url\":\"https:\/\/e-cristians.cat\/es\/pide-al-pp-que-se-persone-en-el-tc-para-reclamar-que-se-resuelva-su-recurso-contra-la-ley-del-aborto-que-lleva-10-anos-congelado\/\",\"name\":\"Pide al PP que se persone en el TC para reclamar que se resuelva su recurso contra la ley del aborto que lleva 10 a\u00f1os \\\"congelado\\\" - e-Cristians\",\"isPartOf\":{\"@id\":\"https:\/\/e-cristians.cat\/#website\"},\"datePublished\":\"2020-06-10T15:34:16+00:00\",\"dateModified\":\"2020-06-11T09:28:36+00:00\",\"author\":{\"@id\":\"https:\/\/e-cristians.cat\/#\/schema\/person\/f0ec475338e49aaef9c9dc9d9f162861\"},\"breadcrumb\":{\"@id\":\"https:\/\/e-cristians.cat\/es\/pide-al-pp-que-se-persone-en-el-tc-para-reclamar-que-se-resuelva-su-recurso-contra-la-ley-del-aborto-que-lleva-10-anos-congelado\/#breadcrumb\"},\"inLanguage\":\"es\",\"potentialAction\":[{\"@type\":\"ReadAction\",\"target\":[\"https:\/\/e-cristians.cat\/es\/pide-al-pp-que-se-persone-en-el-tc-para-reclamar-que-se-resuelva-su-recurso-contra-la-ley-del-aborto-que-lleva-10-anos-congelado\/\"]}]},{\"@type\":\"BreadcrumbList\",\"@id\":\"https:\/\/e-cristians.cat\/es\/pide-al-pp-que-se-persone-en-el-tc-para-reclamar-que-se-resuelva-su-recurso-contra-la-ley-del-aborto-que-lleva-10-anos-congelado\/#breadcrumb\",\"itemListElement\":[{\"@type\":\"ListItem\",\"position\":1,\"name\":\"Inici\",\"item\":\"https:\/\/e-cristians.cat\/es\/\"},{\"@type\":\"ListItem\",\"position\":2,\"name\":\"Pide al PP que se persone en el TC para reclamar que se resuelva su recurso contra la ley del aborto que lleva 10 a\u00f1os &#8220;congelado&#8221;\"}]},{\"@type\":\"WebSite\",\"@id\":\"https:\/\/e-cristians.cat\/#website\",\"url\":\"https:\/\/e-cristians.cat\/\",\"name\":\"e-Cristians\",\"description\":\"\",\"potentialAction\":[{\"@type\":\"SearchAction\",\"target\":{\"@type\":\"EntryPoint\",\"urlTemplate\":\"https:\/\/e-cristians.cat\/?s={search_term_string}\"},\"query-input\":\"required name=search_term_string\"}],\"inLanguage\":\"es\"},{\"@type\":\"Person\",\"@id\":\"https:\/\/e-cristians.cat\/#\/schema\/person\/f0ec475338e49aaef9c9dc9d9f162861\",\"name\":\"e-Cristians\",\"image\":{\"@type\":\"ImageObject\",\"inLanguage\":\"es\",\"@id\":\"https:\/\/e-cristians.cat\/#\/schema\/person\/image\/\",\"url\":\"https:\/\/secure.gravatar.com\/avatar\/14bc9e5b0ca69070f1075ad3efcb33c4?s=96&d=mm&r=g\",\"contentUrl\":\"https:\/\/secure.gravatar.com\/avatar\/14bc9e5b0ca69070f1075ad3efcb33c4?s=96&d=mm&r=g\",\"caption\":\"e-Cristians\"}}]}<\/script>\n<!-- \/ Yoast SEO plugin. -->","yoast_head_json":{"title":"Pide al PP que se persone en el TC para reclamar que se resuelva su recurso contra la ley del aborto que lleva 10 a\u00f1os \"congelado\" - e-Cristians","robots":{"index":"index","follow":"follow","max-snippet":"max-snippet:-1","max-image-preview":"max-image-preview:large","max-video-preview":"max-video-preview:-1"},"canonical":"https:\/\/e-cristians.cat\/es\/pide-al-pp-que-se-persone-en-el-tc-para-reclamar-que-se-resuelva-su-recurso-contra-la-ley-del-aborto-que-lleva-10-anos-congelado\/","og_locale":"es_ES","og_type":"article","og_title":"Pide al PP que se persone en el TC para reclamar que se resuelva su recurso contra la ley del aborto que lleva 10 a\u00f1os \"congelado\" - e-Cristians","og_description":"Es escandaloso, pero es as\u00ed: hace 10 a\u00f1os que el Tribunal Constitucional tiene congelado el recurso presentado por el Partido Popular contra la ley del aborto aprobada durante el gobierno del presidente Zapatero. Escribe a Pablo Casado, presidente del PP, para pedirle que se persone ante el TC pidiendo que \u00a0ponga fin a esta anomal\u00eda...","og_url":"https:\/\/e-cristians.cat\/es\/pide-al-pp-que-se-persone-en-el-tc-para-reclamar-que-se-resuelva-su-recurso-contra-la-ley-del-aborto-que-lleva-10-anos-congelado\/","og_site_name":"e-Cristians","article_published_time":"2020-06-10T15:34:16+00:00","article_modified_time":"2020-06-11T09:28:36+00:00","og_image":[{"width":1200,"height":674,"url":"https:\/\/e-cristians.cat\/wp-content\/uploads\/2020\/06\/zentauroepp53345662-graf2331-madrid-2020-presidente-del-partido-pop200509113417-1589017057704.jpg","type":"image\/jpeg"}],"author":"e-Cristians","twitter_card":"summary_large_image","twitter_misc":{"Escrito por":"e-Cristians","Tiempo de lectura":"1 minuto"},"schema":{"@context":"https:\/\/schema.org","@graph":[{"@type":"WebPage","@id":"https:\/\/e-cristians.cat\/es\/pide-al-pp-que-se-persone-en-el-tc-para-reclamar-que-se-resuelva-su-recurso-contra-la-ley-del-aborto-que-lleva-10-anos-congelado\/","url":"https:\/\/e-cristians.cat\/es\/pide-al-pp-que-se-persone-en-el-tc-para-reclamar-que-se-resuelva-su-recurso-contra-la-ley-del-aborto-que-lleva-10-anos-congelado\/","name":"Pide al PP que se persone en el TC para reclamar que se resuelva su recurso contra la ley del aborto que lleva 10 a\u00f1os \"congelado\" - e-Cristians","isPartOf":{"@id":"https:\/\/e-cristians.cat\/#website"},"datePublished":"2020-06-10T15:34:16+00:00","dateModified":"2020-06-11T09:28:36+00:00","author":{"@id":"https:\/\/e-cristians.cat\/#\/schema\/person\/f0ec475338e49aaef9c9dc9d9f162861"},"breadcrumb":{"@id":"https:\/\/e-cristians.cat\/es\/pide-al-pp-que-se-persone-en-el-tc-para-reclamar-que-se-resuelva-su-recurso-contra-la-ley-del-aborto-que-lleva-10-anos-congelado\/#breadcrumb"},"inLanguage":"es","potentialAction":[{"@type":"ReadAction","target":["https:\/\/e-cristians.cat\/es\/pide-al-pp-que-se-persone-en-el-tc-para-reclamar-que-se-resuelva-su-recurso-contra-la-ley-del-aborto-que-lleva-10-anos-congelado\/"]}]},{"@type":"BreadcrumbList","@id":"https:\/\/e-cristians.cat\/es\/pide-al-pp-que-se-persone-en-el-tc-para-reclamar-que-se-resuelva-su-recurso-contra-la-ley-del-aborto-que-lleva-10-anos-congelado\/#breadcrumb","itemListElement":[{"@type":"ListItem","position":1,"name":"Inici","item":"https:\/\/e-cristians.cat\/es\/"},{"@type":"ListItem","position":2,"name":"Pide al PP que se persone en el TC para reclamar que se resuelva su recurso contra la ley del aborto que lleva 10 a\u00f1os &#8220;congelado&#8221;"}]},{"@type":"WebSite","@id":"https:\/\/e-cristians.cat\/#website","url":"https:\/\/e-cristians.cat\/","name":"e-Cristians","description":"","potentialAction":[{"@type":"SearchAction","target":{"@type":"EntryPoint","urlTemplate":"https:\/\/e-cristians.cat\/?s={search_term_string}"},"query-input":"required name=search_term_string"}],"inLanguage":"es"},{"@type":"Person","@id":"https:\/\/e-cristians.cat\/#\/schema\/person\/f0ec475338e49aaef9c9dc9d9f162861","name":"e-Cristians","image":{"@type":"ImageObject","inLanguage":"es","@id":"https:\/\/e-cristians.cat\/#\/schema\/person\/image\/","url":"https:\/\/secure.gravatar.com\/avatar\/14bc9e5b0ca69070f1075ad3efcb33c4?s=96&d=mm&r=g","contentUrl":"https:\/\/secure.gravatar.com\/avatar\/14bc9e5b0ca69070f1075ad3efcb33c4?s=96&d=mm&r=g","caption":"e-Cristians"}}]}},"jetpack_sharing_enabled":true,"jetpack_featured_media_url":"https:\/\/e-cristians.cat\/wp-content\/uploads\/2020\/06\/zentauroepp53345662-graf2331-madrid-2020-presidente-del-partido-pop200509113417-1589017057704.jpg","_links":{"self":[{"href":"https:\/\/e-cristians.cat\/es\/wp-json\/wp\/v2\/posts\/729"}],"collection":[{"href":"https:\/\/e-cristians.cat\/es\/wp-json\/wp\/v2\/posts"}],"about":[{"href":"https:\/\/e-cristians.cat\/es\/wp-json\/wp\/v2\/types\/post"}],"author":[{"embeddable":true,"href":"https:\/\/e-cristians.cat\/es\/wp-json\/wp\/v2\/users\/2"}],"replies":[{"embeddable":true,"href":"https:\/\/e-cristians.cat\/es\/wp-json\/wp\/v2\/comments?post=729"}],"version-history":[{"count":5,"href":"https:\/\/e-cristians.cat\/es\/wp-json\/wp\/v2\/posts\/729\/revisions"}],"predecessor-version":[{"id":738,"href":"https:\/\/e-cristians.cat\/es\/wp-json\/wp\/v2\/posts\/729\/revisions\/738"}],"wp:featuredmedia":[{"embeddable":true,"href":"https:\/\/e-cristians.cat\/es\/wp-json\/wp\/v2\/media\/733"}],"wp:attachment":[{"href":"https:\/\/e-cristians.cat\/es\/wp-json\/wp\/v2\/media?parent=729"}],"wp:term":[{"taxonomy":"category","embeddable":true,"href":"https:\/\/e-cristians.cat\/es\/wp-json\/wp\/v2\/categories?post=729"},{"taxonomy":"post_tag","embeddable":true,"href":"https:\/\/e-cristians.cat\/es\/wp-json\/wp\/v2\/tags?post=729"}],"curies":[{"name":"wp","href":"https:\/\/api.w.org\/{rel}","templated":true}]}}