{"id":7352,"date":"2021-04-21T13:02:16","date_gmt":"2021-04-21T11:02:16","guid":{"rendered":"https:\/\/e-cristians.cat\/?p=7352"},"modified":"2021-04-21T13:04:43","modified_gmt":"2021-04-21T11:04:43","slug":"documental-decalogo-para-morir-bien","status":"publish","type":"post","link":"https:\/\/e-cristians.cat\/es\/documental-decalogo-para-morir-bien\/","title":{"rendered":"Documental \u00abDec\u00e1logo para morir bien\u00bb"},"content":{"rendered":"<p>Uno de los aspectos destacados de la primera ola de la pandemia de COVID-19 fue la dificultad para humanizar convenientemente el proceso de final de vida y los cuidados paliativos, debido a las restricciones sanitarias establecidas para minimizar el riesgo de contagio entre familiares y profesionales.<\/p>\n<p>Conscientes de que, en gran medida, estas circunstancias pudieron erosionar la calidad de la atenci\u00f3n paliativa durante aquellos meses, hace ahora casi un a\u00f1o, y en el marco de las celebraciones del d\u00eda de san Juan de Dios, 8 de marzo, el director de documentales, <strong>Jon Escuder<\/strong>, y el director del <strong>Instituto para Cuidar Mejor del Hospital San Juan de Dios de Santurtzi, el doctor Jacinto B\u00e1tiz<\/strong>, han unido sus fuerzas en un nuevo documental que se acaba de estrenar, titulado \u2018<strong>Dec\u00e1logo para morir bien<\/strong>\u2019.<\/p>\n<p>Con la grabaci\u00f3n, realizaci\u00f3n y direcci\u00f3n art\u00edstica de Jon Escuder y el guion del Dr. B\u00e1tiz, <em>\u00abel mensaje final sorprende por su vigor y esp\u00edritu, y es que, a fin de cuentas, esta pel\u00edcula se convierte en un canto sagrado, amoroso, humano, al d\u00eda del \u00faltimo viaje\u00bb<\/em>, declara Escuder.<\/p>\n<p>La obra recoge diez puntos <em>\u00abpara morir bien\u00bb<\/em> que el Dr. B\u00e1tiz ha elaborado, \u00ab<em>como una f\u00e1cil y sencilla gu\u00eda que puede ayudar a todos \u2014pacientes, familiares y profesionales\u2014 a reflexionar sobre el proceso de final de vida, dando una serie de pautas para que este se lleve a cabo de la mejor manera posible, atendiendo a las distintas facetas que se presentan en esas circunstancias y que ata\u00f1en tanto a los aspectos biol\u00f3gicos, como los emocionales, sociales y espirituales. Las circunstancias de la pandemia son dif\u00edciles, pero siempre se puede humanizar el proceso de final de vida\u00bb<\/em>, destaca el experto paliativista vasco.<\/p>\n<p>El audiovisual tiene como banda sonora un conocido <em>lied<\/em> para voz solista y piano de Franz Schubert, interpretado por la famosa soprano alemana Elisabeth Schwarzkopf, en un registro de 1961 de la BBC.<\/p>\n<p><iframe title=\"Dec\u00e1logo para morir bien | Jon Escuder y Jacinto B\u00e1tiz\" width=\"640\" height=\"360\" data-src=\"https:\/\/www.youtube.com\/embed\/Sg865ZxQdRM?feature=oembed\" frameborder=\"0\" allow=\"accelerometer; autoplay; clipboard-write; encrypted-media; gyroscope; picture-in-picture\" allowfullscreen src=\"data:image\/svg+xml;base64,PHN2ZyB3aWR0aD0iMSIgaGVpZ2h0PSIxIiB4bWxucz0iaHR0cDovL3d3dy53My5vcmcvMjAwMC9zdmciPjwvc3ZnPg==\" class=\"lazyload\" data-load-mode=\"1\"><\/iframe><\/p>\n","protected":false},"excerpt":{"rendered":"<p>Uno de los aspectos destacados de la primera ola de la pandemia de COVID-19 fue la dificultad para humanizar convenientemente el proceso de final de vida y los cuidados paliativos, debido a las restricciones sanitarias establecidas para minimizar el riesgo de contagio entre familiares y profesionales. Conscientes de que, en gran medida, estas circunstancias pudieron&#8230;<\/p>\n","protected":false},"author":2,"featured_media":7345,"comment_status":"closed","ping_status":"closed","sticky":false,"template":"","format":"standard","meta":{"_jetpack_memberships_contains_paid_content":false,"footnotes":""},"categories":[33,39],"tags":[44],"class_list":["post-7352","post","type-post","status-publish","format-standard","has-post-thumbnail","hentry","category-altres-entitats-informacions-agenda-i-documents-es","category-portada_news-es","tag-eutanasia-es"],"yoast_head":"<!-- This site is optimized with the Yoast SEO plugin v20.0 - https:\/\/yoast.com\/wordpress\/plugins\/seo\/ -->\n<title>Documental &quot;Dec\u00e1logo para morir bien&quot; - e-Cristians<\/title>\n<meta name=\"robots\" content=\"noindex, nofollow\" \/>\n<meta property=\"og:locale\" content=\"es_ES\" \/>\n<meta property=\"og:type\" content=\"article\" \/>\n<meta property=\"og:title\" content=\"Documental &quot;Dec\u00e1logo para morir bien&quot; - e-Cristians\" \/>\n<meta property=\"og:description\" content=\"Uno de los aspectos destacados de la primera ola de la pandemia de COVID-19 fue la dificultad para humanizar convenientemente el proceso de final de vida y los cuidados paliativos, debido a las restricciones sanitarias establecidas para minimizar el riesgo de contagio entre familiares y profesionales. Conscientes de que, en gran medida, estas circunstancias pudieron...\" \/>\n<meta property=\"og:url\" content=\"https:\/\/e-cristians.cat\/es\/documental-decalogo-para-morir-bien\/\" \/>\n<meta property=\"og:site_name\" content=\"e-Cristians\" \/>\n<meta property=\"article:published_time\" content=\"2021-04-21T11:02:16+00:00\" \/>\n<meta property=\"article:modified_time\" content=\"2021-04-21T11:04:43+00:00\" \/>\n<meta property=\"og:image\" content=\"https:\/\/e-cristians.cat\/wp-content\/uploads\/2021\/04\/EwB7BI2XYAIxiDy.jpg\" \/>\n\t<meta property=\"og:image:width\" content=\"1200\" \/>\n\t<meta property=\"og:image:height\" content=\"592\" \/>\n\t<meta property=\"og:image:type\" content=\"image\/jpeg\" \/>\n<meta name=\"author\" content=\"e-Cristians\" \/>\n<meta name=\"twitter:card\" content=\"summary_large_image\" \/>\n<meta name=\"twitter:label1\" content=\"Escrito por\" \/>\n\t<meta name=\"twitter:data1\" content=\"e-Cristians\" \/>\n\t<meta name=\"twitter:label2\" content=\"Tiempo de lectura\" \/>\n\t<meta name=\"twitter:data2\" content=\"2 minutos\" \/>\n<script type=\"application\/ld+json\" class=\"yoast-schema-graph\">{\"@context\":\"https:\/\/schema.org\",\"@graph\":[{\"@type\":\"WebPage\",\"@id\":\"https:\/\/e-cristians.cat\/es\/documental-decalogo-para-morir-bien\/\",\"url\":\"https:\/\/e-cristians.cat\/es\/documental-decalogo-para-morir-bien\/\",\"name\":\"Documental \\\"Dec\u00e1logo para morir bien\\\" - e-Cristians\",\"isPartOf\":{\"@id\":\"https:\/\/e-cristians.cat\/#website\"},\"datePublished\":\"2021-04-21T11:02:16+00:00\",\"dateModified\":\"2021-04-21T11:04:43+00:00\",\"author\":{\"@id\":\"https:\/\/e-cristians.cat\/#\/schema\/person\/f0ec475338e49aaef9c9dc9d9f162861\"},\"breadcrumb\":{\"@id\":\"https:\/\/e-cristians.cat\/es\/documental-decalogo-para-morir-bien\/#breadcrumb\"},\"inLanguage\":\"es\",\"potentialAction\":[{\"@type\":\"ReadAction\",\"target\":[\"https:\/\/e-cristians.cat\/es\/documental-decalogo-para-morir-bien\/\"]}]},{\"@type\":\"BreadcrumbList\",\"@id\":\"https:\/\/e-cristians.cat\/es\/documental-decalogo-para-morir-bien\/#breadcrumb\",\"itemListElement\":[{\"@type\":\"ListItem\",\"position\":1,\"name\":\"Inici\",\"item\":\"https:\/\/e-cristians.cat\/es\/\"},{\"@type\":\"ListItem\",\"position\":2,\"name\":\"Documental \u00abDec\u00e1logo para morir bien\u00bb\"}]},{\"@type\":\"WebSite\",\"@id\":\"https:\/\/e-cristians.cat\/#website\",\"url\":\"https:\/\/e-cristians.cat\/\",\"name\":\"e-Cristians\",\"description\":\"\",\"potentialAction\":[{\"@type\":\"SearchAction\",\"target\":{\"@type\":\"EntryPoint\",\"urlTemplate\":\"https:\/\/e-cristians.cat\/?s={search_term_string}\"},\"query-input\":\"required name=search_term_string\"}],\"inLanguage\":\"es\"},{\"@type\":\"Person\",\"@id\":\"https:\/\/e-cristians.cat\/#\/schema\/person\/f0ec475338e49aaef9c9dc9d9f162861\",\"name\":\"e-Cristians\",\"image\":{\"@type\":\"ImageObject\",\"inLanguage\":\"es\",\"@id\":\"https:\/\/e-cristians.cat\/#\/schema\/person\/image\/\",\"url\":\"https:\/\/secure.gravatar.com\/avatar\/14bc9e5b0ca69070f1075ad3efcb33c4?s=96&d=mm&r=g\",\"contentUrl\":\"https:\/\/secure.gravatar.com\/avatar\/14bc9e5b0ca69070f1075ad3efcb33c4?s=96&d=mm&r=g\",\"caption\":\"e-Cristians\"}}]}<\/script>\n<!-- \/ Yoast SEO plugin. -->","yoast_head_json":{"title":"Documental \"Dec\u00e1logo para morir bien\" - e-Cristians","robots":{"index":"noindex","follow":"nofollow"},"og_locale":"es_ES","og_type":"article","og_title":"Documental \"Dec\u00e1logo para morir bien\" - e-Cristians","og_description":"Uno de los aspectos destacados de la primera ola de la pandemia de COVID-19 fue la dificultad para humanizar convenientemente el proceso de final de vida y los cuidados paliativos, debido a las restricciones sanitarias establecidas para minimizar el riesgo de contagio entre familiares y profesionales. Conscientes de que, en gran medida, estas circunstancias pudieron...","og_url":"https:\/\/e-cristians.cat\/es\/documental-decalogo-para-morir-bien\/","og_site_name":"e-Cristians","article_published_time":"2021-04-21T11:02:16+00:00","article_modified_time":"2021-04-21T11:04:43+00:00","og_image":[{"width":1200,"height":592,"url":"https:\/\/e-cristians.cat\/wp-content\/uploads\/2021\/04\/EwB7BI2XYAIxiDy.jpg","type":"image\/jpeg"}],"author":"e-Cristians","twitter_card":"summary_large_image","twitter_misc":{"Escrito por":"e-Cristians","Tiempo de lectura":"2 minutos"},"schema":{"@context":"https:\/\/schema.org","@graph":[{"@type":"WebPage","@id":"https:\/\/e-cristians.cat\/es\/documental-decalogo-para-morir-bien\/","url":"https:\/\/e-cristians.cat\/es\/documental-decalogo-para-morir-bien\/","name":"Documental \"Dec\u00e1logo para morir bien\" - e-Cristians","isPartOf":{"@id":"https:\/\/e-cristians.cat\/#website"},"datePublished":"2021-04-21T11:02:16+00:00","dateModified":"2021-04-21T11:04:43+00:00","author":{"@id":"https:\/\/e-cristians.cat\/#\/schema\/person\/f0ec475338e49aaef9c9dc9d9f162861"},"breadcrumb":{"@id":"https:\/\/e-cristians.cat\/es\/documental-decalogo-para-morir-bien\/#breadcrumb"},"inLanguage":"es","potentialAction":[{"@type":"ReadAction","target":["https:\/\/e-cristians.cat\/es\/documental-decalogo-para-morir-bien\/"]}]},{"@type":"BreadcrumbList","@id":"https:\/\/e-cristians.cat\/es\/documental-decalogo-para-morir-bien\/#breadcrumb","itemListElement":[{"@type":"ListItem","position":1,"name":"Inici","item":"https:\/\/e-cristians.cat\/es\/"},{"@type":"ListItem","position":2,"name":"Documental \u00abDec\u00e1logo para morir bien\u00bb"}]},{"@type":"WebSite","@id":"https:\/\/e-cristians.cat\/#website","url":"https:\/\/e-cristians.cat\/","name":"e-Cristians","description":"","potentialAction":[{"@type":"SearchAction","target":{"@type":"EntryPoint","urlTemplate":"https:\/\/e-cristians.cat\/?s={search_term_string}"},"query-input":"required name=search_term_string"}],"inLanguage":"es"},{"@type":"Person","@id":"https:\/\/e-cristians.cat\/#\/schema\/person\/f0ec475338e49aaef9c9dc9d9f162861","name":"e-Cristians","image":{"@type":"ImageObject","inLanguage":"es","@id":"https:\/\/e-cristians.cat\/#\/schema\/person\/image\/","url":"https:\/\/secure.gravatar.com\/avatar\/14bc9e5b0ca69070f1075ad3efcb33c4?s=96&d=mm&r=g","contentUrl":"https:\/\/secure.gravatar.com\/avatar\/14bc9e5b0ca69070f1075ad3efcb33c4?s=96&d=mm&r=g","caption":"e-Cristians"}}]}},"jetpack_sharing_enabled":true,"jetpack_featured_media_url":"https:\/\/e-cristians.cat\/wp-content\/uploads\/2021\/04\/EwB7BI2XYAIxiDy.jpg","_links":{"self":[{"href":"https:\/\/e-cristians.cat\/es\/wp-json\/wp\/v2\/posts\/7352"}],"collection":[{"href":"https:\/\/e-cristians.cat\/es\/wp-json\/wp\/v2\/posts"}],"about":[{"href":"https:\/\/e-cristians.cat\/es\/wp-json\/wp\/v2\/types\/post"}],"author":[{"embeddable":true,"href":"https:\/\/e-cristians.cat\/es\/wp-json\/wp\/v2\/users\/2"}],"replies":[{"embeddable":true,"href":"https:\/\/e-cristians.cat\/es\/wp-json\/wp\/v2\/comments?post=7352"}],"version-history":[{"count":2,"href":"https:\/\/e-cristians.cat\/es\/wp-json\/wp\/v2\/posts\/7352\/revisions"}],"predecessor-version":[{"id":7354,"href":"https:\/\/e-cristians.cat\/es\/wp-json\/wp\/v2\/posts\/7352\/revisions\/7354"}],"wp:featuredmedia":[{"embeddable":true,"href":"https:\/\/e-cristians.cat\/es\/wp-json\/wp\/v2\/media\/7345"}],"wp:attachment":[{"href":"https:\/\/e-cristians.cat\/es\/wp-json\/wp\/v2\/media?parent=7352"}],"wp:term":[{"taxonomy":"category","embeddable":true,"href":"https:\/\/e-cristians.cat\/es\/wp-json\/wp\/v2\/categories?post=7352"},{"taxonomy":"post_tag","embeddable":true,"href":"https:\/\/e-cristians.cat\/es\/wp-json\/wp\/v2\/tags?post=7352"}],"curies":[{"name":"wp","href":"https:\/\/api.w.org\/{rel}","templated":true}]}}