{"id":7355,"date":"2021-04-21T13:12:44","date_gmt":"2021-04-21T11:12:44","guid":{"rendered":"https:\/\/e-cristians.cat\/?p=7355"},"modified":"2021-04-21T13:12:44","modified_gmt":"2021-04-21T11:12:44","slug":"firma-para-que-el-corpus-vuelva-a-la-fiesta-mayor-de-cornella-de-llobregat-bcn","status":"publish","type":"post","link":"https:\/\/e-cristians.cat\/es\/firma-para-que-el-corpus-vuelva-a-la-fiesta-mayor-de-cornella-de-llobregat-bcn\/","title":{"rendered":"Firma para que el Corpus vuelva a la Fiesta Mayor de Cornell\u00e0 de Llobregat (Bcn)"},"content":{"rendered":"<p>Hace\u00a0<strong>m\u00e1s de 100 a\u00f1os<\/strong>\u00a0que la <strong>Fiesta Mayor de\u00a0Cornell\u00e0 de Llobregat<\/strong>\u00a0(Barcelona) est\u00e1 ligada a la\u00a0<strong>fiesta del \u201cCorpus\u201d<\/strong>.<\/p>\n<p>Sorprendentemente, en los carteles de la <strong>Fiesta Mayor de 2020<\/strong> <strong>desapareci\u00f3<\/strong> toda referencia al \u201cCorpus Christi\u201d.<\/p>\n<p><a href=\"https:\/\/tufirma.org\/tufirma\/campaign-view\/207\/Que_el_%22Corpus%22_vuelva_a_la_Fiesta_Mayor_de_2021\" target=\"_blank\" rel=\"noopener\"><strong>Firma y promueve esta petici\u00f3n<\/strong><\/a> para pedirle al alcalde de Cornell\u00e0 de Llobregat, Sr. Antonio Balm\u00f3n, que para la celebraci\u00f3n de la Fiesta Mayor de 2021 se <strong>recupere la referencia al \u201cCorpus\u201d en el cartel oficial y las banderolas.<\/strong><\/p>\n","protected":false},"excerpt":{"rendered":"<p>Hace\u00a0m\u00e1s de 100 a\u00f1os\u00a0que la Fiesta Mayor de\u00a0Cornell\u00e0 de Llobregat\u00a0(Barcelona) est\u00e1 ligada a la\u00a0fiesta del \u201cCorpus\u201d. Sorprendentemente, en los carteles de la Fiesta Mayor de 2020 desapareci\u00f3 toda referencia al \u201cCorpus Christi\u201d. Firma y promueve esta petici\u00f3n para pedirle al alcalde de Cornell\u00e0 de Llobregat, Sr. Antonio Balm\u00f3n, que para la celebraci\u00f3n de la Fiesta&#8230;<\/p>\n","protected":false},"author":2,"featured_media":7356,"comment_status":"closed","ping_status":"closed","sticky":false,"template":"","format":"standard","meta":{"_jetpack_memberships_contains_paid_content":false,"footnotes":""},"categories":[24],"tags":[],"class_list":["post-7355","post","type-post","status-publish","format-standard","has-post-thumbnail","hentry","category-alertes-es"],"yoast_head":"<!-- This site is optimized with the Yoast SEO plugin v20.0 - https:\/\/yoast.com\/wordpress\/plugins\/seo\/ -->\n<title>Firma para que el Corpus vuelva a la Fiesta Mayor de Cornell\u00e0 de Llobregat (Bcn) - e-Cristians<\/title>\n<meta name=\"robots\" content=\"noindex, nofollow\" \/>\n<meta property=\"og:locale\" content=\"es_ES\" \/>\n<meta property=\"og:type\" content=\"article\" \/>\n<meta property=\"og:title\" content=\"Firma para que el Corpus vuelva a la Fiesta Mayor de Cornell\u00e0 de Llobregat (Bcn) - e-Cristians\" \/>\n<meta property=\"og:description\" content=\"Hace\u00a0m\u00e1s de 100 a\u00f1os\u00a0que la Fiesta Mayor de\u00a0Cornell\u00e0 de Llobregat\u00a0(Barcelona) est\u00e1 ligada a la\u00a0fiesta del \u201cCorpus\u201d. Sorprendentemente, en los carteles de la Fiesta Mayor de 2020 desapareci\u00f3 toda referencia al \u201cCorpus Christi\u201d. Firma y promueve esta petici\u00f3n para pedirle al alcalde de Cornell\u00e0 de Llobregat, Sr. Antonio Balm\u00f3n, que para la celebraci\u00f3n de la Fiesta...\" \/>\n<meta property=\"og:url\" content=\"https:\/\/e-cristians.cat\/es\/firma-para-que-el-corpus-vuelva-a-la-fiesta-mayor-de-cornella-de-llobregat-bcn\/\" \/>\n<meta property=\"og:site_name\" content=\"e-Cristians\" \/>\n<meta property=\"article:published_time\" content=\"2021-04-21T11:12:44+00:00\" \/>\n<meta property=\"og:image\" content=\"https:\/\/e-cristians.cat\/wp-content\/uploads\/2021\/04\/161839023816116e09acd.jpeg\" \/>\n\t<meta property=\"og:image:width\" content=\"768\" \/>\n\t<meta property=\"og:image:height\" content=\"432\" \/>\n\t<meta property=\"og:image:type\" content=\"image\/jpeg\" \/>\n<meta name=\"author\" content=\"e-Cristians\" \/>\n<meta name=\"twitter:card\" content=\"summary_large_image\" \/>\n<meta name=\"twitter:label1\" content=\"Escrito por\" \/>\n\t<meta name=\"twitter:data1\" content=\"e-Cristians\" \/>\n\t<meta name=\"twitter:label2\" content=\"Tiempo de lectura\" \/>\n\t<meta name=\"twitter:data2\" content=\"1 minuto\" \/>\n<script type=\"application\/ld+json\" class=\"yoast-schema-graph\">{\"@context\":\"https:\/\/schema.org\",\"@graph\":[{\"@type\":\"WebPage\",\"@id\":\"https:\/\/e-cristians.cat\/es\/firma-para-que-el-corpus-vuelva-a-la-fiesta-mayor-de-cornella-de-llobregat-bcn\/\",\"url\":\"https:\/\/e-cristians.cat\/es\/firma-para-que-el-corpus-vuelva-a-la-fiesta-mayor-de-cornella-de-llobregat-bcn\/\",\"name\":\"Firma para que el Corpus vuelva a la Fiesta Mayor de Cornell\u00e0 de Llobregat (Bcn) - e-Cristians\",\"isPartOf\":{\"@id\":\"https:\/\/e-cristians.cat\/#website\"},\"datePublished\":\"2021-04-21T11:12:44+00:00\",\"dateModified\":\"2021-04-21T11:12:44+00:00\",\"author\":{\"@id\":\"https:\/\/e-cristians.cat\/#\/schema\/person\/f0ec475338e49aaef9c9dc9d9f162861\"},\"breadcrumb\":{\"@id\":\"https:\/\/e-cristians.cat\/es\/firma-para-que-el-corpus-vuelva-a-la-fiesta-mayor-de-cornella-de-llobregat-bcn\/#breadcrumb\"},\"inLanguage\":\"es\",\"potentialAction\":[{\"@type\":\"ReadAction\",\"target\":[\"https:\/\/e-cristians.cat\/es\/firma-para-que-el-corpus-vuelva-a-la-fiesta-mayor-de-cornella-de-llobregat-bcn\/\"]}]},{\"@type\":\"BreadcrumbList\",\"@id\":\"https:\/\/e-cristians.cat\/es\/firma-para-que-el-corpus-vuelva-a-la-fiesta-mayor-de-cornella-de-llobregat-bcn\/#breadcrumb\",\"itemListElement\":[{\"@type\":\"ListItem\",\"position\":1,\"name\":\"Inici\",\"item\":\"https:\/\/e-cristians.cat\/es\/\"},{\"@type\":\"ListItem\",\"position\":2,\"name\":\"Firma para que el Corpus vuelva a la Fiesta Mayor de Cornell\u00e0 de Llobregat (Bcn)\"}]},{\"@type\":\"WebSite\",\"@id\":\"https:\/\/e-cristians.cat\/#website\",\"url\":\"https:\/\/e-cristians.cat\/\",\"name\":\"e-Cristians\",\"description\":\"\",\"potentialAction\":[{\"@type\":\"SearchAction\",\"target\":{\"@type\":\"EntryPoint\",\"urlTemplate\":\"https:\/\/e-cristians.cat\/?s={search_term_string}\"},\"query-input\":\"required name=search_term_string\"}],\"inLanguage\":\"es\"},{\"@type\":\"Person\",\"@id\":\"https:\/\/e-cristians.cat\/#\/schema\/person\/f0ec475338e49aaef9c9dc9d9f162861\",\"name\":\"e-Cristians\",\"image\":{\"@type\":\"ImageObject\",\"inLanguage\":\"es\",\"@id\":\"https:\/\/e-cristians.cat\/#\/schema\/person\/image\/\",\"url\":\"https:\/\/secure.gravatar.com\/avatar\/14bc9e5b0ca69070f1075ad3efcb33c4?s=96&d=mm&r=g\",\"contentUrl\":\"https:\/\/secure.gravatar.com\/avatar\/14bc9e5b0ca69070f1075ad3efcb33c4?s=96&d=mm&r=g\",\"caption\":\"e-Cristians\"}}]}<\/script>\n<!-- \/ Yoast SEO plugin. -->","yoast_head_json":{"title":"Firma para que el Corpus vuelva a la Fiesta Mayor de Cornell\u00e0 de Llobregat (Bcn) - e-Cristians","robots":{"index":"noindex","follow":"nofollow"},"og_locale":"es_ES","og_type":"article","og_title":"Firma para que el Corpus vuelva a la Fiesta Mayor de Cornell\u00e0 de Llobregat (Bcn) - e-Cristians","og_description":"Hace\u00a0m\u00e1s de 100 a\u00f1os\u00a0que la Fiesta Mayor de\u00a0Cornell\u00e0 de Llobregat\u00a0(Barcelona) est\u00e1 ligada a la\u00a0fiesta del \u201cCorpus\u201d. Sorprendentemente, en los carteles de la Fiesta Mayor de 2020 desapareci\u00f3 toda referencia al \u201cCorpus Christi\u201d. Firma y promueve esta petici\u00f3n para pedirle al alcalde de Cornell\u00e0 de Llobregat, Sr. Antonio Balm\u00f3n, que para la celebraci\u00f3n de la Fiesta...","og_url":"https:\/\/e-cristians.cat\/es\/firma-para-que-el-corpus-vuelva-a-la-fiesta-mayor-de-cornella-de-llobregat-bcn\/","og_site_name":"e-Cristians","article_published_time":"2021-04-21T11:12:44+00:00","og_image":[{"width":768,"height":432,"url":"https:\/\/e-cristians.cat\/wp-content\/uploads\/2021\/04\/161839023816116e09acd.jpeg","type":"image\/jpeg"}],"author":"e-Cristians","twitter_card":"summary_large_image","twitter_misc":{"Escrito por":"e-Cristians","Tiempo de lectura":"1 minuto"},"schema":{"@context":"https:\/\/schema.org","@graph":[{"@type":"WebPage","@id":"https:\/\/e-cristians.cat\/es\/firma-para-que-el-corpus-vuelva-a-la-fiesta-mayor-de-cornella-de-llobregat-bcn\/","url":"https:\/\/e-cristians.cat\/es\/firma-para-que-el-corpus-vuelva-a-la-fiesta-mayor-de-cornella-de-llobregat-bcn\/","name":"Firma para que el Corpus vuelva a la Fiesta Mayor de Cornell\u00e0 de Llobregat (Bcn) - e-Cristians","isPartOf":{"@id":"https:\/\/e-cristians.cat\/#website"},"datePublished":"2021-04-21T11:12:44+00:00","dateModified":"2021-04-21T11:12:44+00:00","author":{"@id":"https:\/\/e-cristians.cat\/#\/schema\/person\/f0ec475338e49aaef9c9dc9d9f162861"},"breadcrumb":{"@id":"https:\/\/e-cristians.cat\/es\/firma-para-que-el-corpus-vuelva-a-la-fiesta-mayor-de-cornella-de-llobregat-bcn\/#breadcrumb"},"inLanguage":"es","potentialAction":[{"@type":"ReadAction","target":["https:\/\/e-cristians.cat\/es\/firma-para-que-el-corpus-vuelva-a-la-fiesta-mayor-de-cornella-de-llobregat-bcn\/"]}]},{"@type":"BreadcrumbList","@id":"https:\/\/e-cristians.cat\/es\/firma-para-que-el-corpus-vuelva-a-la-fiesta-mayor-de-cornella-de-llobregat-bcn\/#breadcrumb","itemListElement":[{"@type":"ListItem","position":1,"name":"Inici","item":"https:\/\/e-cristians.cat\/es\/"},{"@type":"ListItem","position":2,"name":"Firma para que el Corpus vuelva a la Fiesta Mayor de Cornell\u00e0 de Llobregat (Bcn)"}]},{"@type":"WebSite","@id":"https:\/\/e-cristians.cat\/#website","url":"https:\/\/e-cristians.cat\/","name":"e-Cristians","description":"","potentialAction":[{"@type":"SearchAction","target":{"@type":"EntryPoint","urlTemplate":"https:\/\/e-cristians.cat\/?s={search_term_string}"},"query-input":"required name=search_term_string"}],"inLanguage":"es"},{"@type":"Person","@id":"https:\/\/e-cristians.cat\/#\/schema\/person\/f0ec475338e49aaef9c9dc9d9f162861","name":"e-Cristians","image":{"@type":"ImageObject","inLanguage":"es","@id":"https:\/\/e-cristians.cat\/#\/schema\/person\/image\/","url":"https:\/\/secure.gravatar.com\/avatar\/14bc9e5b0ca69070f1075ad3efcb33c4?s=96&d=mm&r=g","contentUrl":"https:\/\/secure.gravatar.com\/avatar\/14bc9e5b0ca69070f1075ad3efcb33c4?s=96&d=mm&r=g","caption":"e-Cristians"}}]}},"jetpack_sharing_enabled":true,"jetpack_featured_media_url":"https:\/\/e-cristians.cat\/wp-content\/uploads\/2021\/04\/161839023816116e09acd.jpeg","_links":{"self":[{"href":"https:\/\/e-cristians.cat\/es\/wp-json\/wp\/v2\/posts\/7355"}],"collection":[{"href":"https:\/\/e-cristians.cat\/es\/wp-json\/wp\/v2\/posts"}],"about":[{"href":"https:\/\/e-cristians.cat\/es\/wp-json\/wp\/v2\/types\/post"}],"author":[{"embeddable":true,"href":"https:\/\/e-cristians.cat\/es\/wp-json\/wp\/v2\/users\/2"}],"replies":[{"embeddable":true,"href":"https:\/\/e-cristians.cat\/es\/wp-json\/wp\/v2\/comments?post=7355"}],"version-history":[{"count":1,"href":"https:\/\/e-cristians.cat\/es\/wp-json\/wp\/v2\/posts\/7355\/revisions"}],"predecessor-version":[{"id":7358,"href":"https:\/\/e-cristians.cat\/es\/wp-json\/wp\/v2\/posts\/7355\/revisions\/7358"}],"wp:featuredmedia":[{"embeddable":true,"href":"https:\/\/e-cristians.cat\/es\/wp-json\/wp\/v2\/media\/7356"}],"wp:attachment":[{"href":"https:\/\/e-cristians.cat\/es\/wp-json\/wp\/v2\/media?parent=7355"}],"wp:term":[{"taxonomy":"category","embeddable":true,"href":"https:\/\/e-cristians.cat\/es\/wp-json\/wp\/v2\/categories?post=7355"},{"taxonomy":"post_tag","embeddable":true,"href":"https:\/\/e-cristians.cat\/es\/wp-json\/wp\/v2\/tags?post=7355"}],"curies":[{"name":"wp","href":"https:\/\/api.w.org\/{rel}","templated":true}]}}