{"id":7391,"date":"2021-04-16T17:40:15","date_gmt":"2021-04-16T15:40:15","guid":{"rendered":"https:\/\/e-cristians.cat\/?p=7391"},"modified":"2021-04-21T17:42:19","modified_gmt":"2021-04-21T15:42:19","slug":"los-cristianos-o-somos-la-alternativa-o-no-somos-nada","status":"publish","type":"post","link":"https:\/\/e-cristians.cat\/es\/los-cristianos-o-somos-la-alternativa-o-no-somos-nada\/","title":{"rendered":"Los cristianos o somos la alternativa, o no somos nada"},"content":{"rendered":"<p><em>De Josep Mir\u00f3 i Ard\u00e8vol<\/em><\/p>\n<p>Nuestra sociedad, este pa\u00eds, muchos otros viven un conjunto de crisis acumuladas, que ni gobiernos ni partidos son capaces no ya de resolver sino de aportar esperanzas cre\u00edbles. Ante esta situaci\u00f3n hay que decir que la aportaci\u00f3n cristiana es la alternativa a este fracaso. <a href=\"https:\/\/www.forumlibertas.com\/los-cristianos-o-somos-la-alternativa-o-no-somos-nada\/\" target=\"_blank\" rel=\"noopener\">Leer m\u00e1s.<\/a><\/p>\n","protected":false},"excerpt":{"rendered":"<p>De Josep Mir\u00f3 i Ard\u00e8vol Nuestra sociedad, este pa\u00eds, muchos otros viven un conjunto de crisis acumuladas, que ni gobiernos ni partidos son capaces no ya de resolver sino de aportar esperanzas cre\u00edbles. Ante esta situaci\u00f3n hay que decir que la aportaci\u00f3n cristiana es la alternativa a este fracaso. Leer m\u00e1s.<\/p>\n","protected":false},"author":2,"featured_media":7392,"comment_status":"closed","ping_status":"closed","sticky":false,"template":"","format":"standard","meta":{"_jetpack_memberships_contains_paid_content":false,"footnotes":""},"categories":[34,39],"tags":[],"class_list":["post-7391","post","type-post","status-publish","format-standard","has-post-thumbnail","hentry","category-editorials-i-blogs-de-forumlibertas-es","category-portada_news-es"],"yoast_head":"<!-- This site is optimized with the Yoast SEO plugin v20.0 - https:\/\/yoast.com\/wordpress\/plugins\/seo\/ -->\n<title>Los cristianos o somos la alternativa, o no somos nada - e-Cristians<\/title>\n<meta name=\"robots\" content=\"noindex, nofollow\" \/>\n<meta property=\"og:locale\" content=\"es_ES\" \/>\n<meta property=\"og:type\" content=\"article\" \/>\n<meta property=\"og:title\" content=\"Los cristianos o somos la alternativa, o no somos nada - e-Cristians\" \/>\n<meta property=\"og:description\" content=\"De Josep Mir\u00f3 i Ard\u00e8vol Nuestra sociedad, este pa\u00eds, muchos otros viven un conjunto de crisis acumuladas, que ni gobiernos ni partidos son capaces no ya de resolver sino de aportar esperanzas cre\u00edbles. Ante esta situaci\u00f3n hay que decir que la aportaci\u00f3n cristiana es la alternativa a este fracaso. Leer m\u00e1s.\" \/>\n<meta property=\"og:url\" content=\"https:\/\/e-cristians.cat\/es\/los-cristianos-o-somos-la-alternativa-o-no-somos-nada\/\" \/>\n<meta property=\"og:site_name\" content=\"e-Cristians\" \/>\n<meta property=\"article:published_time\" content=\"2021-04-16T15:40:15+00:00\" \/>\n<meta property=\"article:modified_time\" content=\"2021-04-21T15:42:19+00:00\" \/>\n<meta property=\"og:image\" content=\"https:\/\/e-cristians.cat\/wp-content\/uploads\/2021\/04\/descarga.jpg\" \/>\n\t<meta property=\"og:image:width\" content=\"275\" \/>\n\t<meta property=\"og:image:height\" content=\"183\" \/>\n\t<meta property=\"og:image:type\" content=\"image\/jpeg\" \/>\n<meta name=\"author\" content=\"e-Cristians\" \/>\n<meta name=\"twitter:card\" content=\"summary_large_image\" \/>\n<meta name=\"twitter:label1\" content=\"Escrito por\" \/>\n\t<meta name=\"twitter:data1\" content=\"e-Cristians\" \/>\n\t<meta name=\"twitter:label2\" content=\"Tiempo de lectura\" \/>\n\t<meta name=\"twitter:data2\" content=\"1 minuto\" \/>\n<script type=\"application\/ld+json\" class=\"yoast-schema-graph\">{\"@context\":\"https:\/\/schema.org\",\"@graph\":[{\"@type\":\"WebPage\",\"@id\":\"https:\/\/e-cristians.cat\/es\/los-cristianos-o-somos-la-alternativa-o-no-somos-nada\/\",\"url\":\"https:\/\/e-cristians.cat\/es\/los-cristianos-o-somos-la-alternativa-o-no-somos-nada\/\",\"name\":\"Los cristianos o somos la alternativa, o no somos nada - e-Cristians\",\"isPartOf\":{\"@id\":\"https:\/\/e-cristians.cat\/#website\"},\"datePublished\":\"2021-04-16T15:40:15+00:00\",\"dateModified\":\"2021-04-21T15:42:19+00:00\",\"author\":{\"@id\":\"https:\/\/e-cristians.cat\/#\/schema\/person\/f0ec475338e49aaef9c9dc9d9f162861\"},\"breadcrumb\":{\"@id\":\"https:\/\/e-cristians.cat\/es\/los-cristianos-o-somos-la-alternativa-o-no-somos-nada\/#breadcrumb\"},\"inLanguage\":\"es\",\"potentialAction\":[{\"@type\":\"ReadAction\",\"target\":[\"https:\/\/e-cristians.cat\/es\/los-cristianos-o-somos-la-alternativa-o-no-somos-nada\/\"]}]},{\"@type\":\"BreadcrumbList\",\"@id\":\"https:\/\/e-cristians.cat\/es\/los-cristianos-o-somos-la-alternativa-o-no-somos-nada\/#breadcrumb\",\"itemListElement\":[{\"@type\":\"ListItem\",\"position\":1,\"name\":\"Inici\",\"item\":\"https:\/\/e-cristians.cat\/es\/\"},{\"@type\":\"ListItem\",\"position\":2,\"name\":\"Los cristianos o somos la alternativa, o no somos nada\"}]},{\"@type\":\"WebSite\",\"@id\":\"https:\/\/e-cristians.cat\/#website\",\"url\":\"https:\/\/e-cristians.cat\/\",\"name\":\"e-Cristians\",\"description\":\"\",\"potentialAction\":[{\"@type\":\"SearchAction\",\"target\":{\"@type\":\"EntryPoint\",\"urlTemplate\":\"https:\/\/e-cristians.cat\/?s={search_term_string}\"},\"query-input\":\"required name=search_term_string\"}],\"inLanguage\":\"es\"},{\"@type\":\"Person\",\"@id\":\"https:\/\/e-cristians.cat\/#\/schema\/person\/f0ec475338e49aaef9c9dc9d9f162861\",\"name\":\"e-Cristians\",\"image\":{\"@type\":\"ImageObject\",\"inLanguage\":\"es\",\"@id\":\"https:\/\/e-cristians.cat\/#\/schema\/person\/image\/\",\"url\":\"https:\/\/secure.gravatar.com\/avatar\/14bc9e5b0ca69070f1075ad3efcb33c4?s=96&d=mm&r=g\",\"contentUrl\":\"https:\/\/secure.gravatar.com\/avatar\/14bc9e5b0ca69070f1075ad3efcb33c4?s=96&d=mm&r=g\",\"caption\":\"e-Cristians\"}}]}<\/script>\n<!-- \/ Yoast SEO plugin. -->","yoast_head_json":{"title":"Los cristianos o somos la alternativa, o no somos nada - e-Cristians","robots":{"index":"noindex","follow":"nofollow"},"og_locale":"es_ES","og_type":"article","og_title":"Los cristianos o somos la alternativa, o no somos nada - e-Cristians","og_description":"De Josep Mir\u00f3 i Ard\u00e8vol Nuestra sociedad, este pa\u00eds, muchos otros viven un conjunto de crisis acumuladas, que ni gobiernos ni partidos son capaces no ya de resolver sino de aportar esperanzas cre\u00edbles. Ante esta situaci\u00f3n hay que decir que la aportaci\u00f3n cristiana es la alternativa a este fracaso. Leer m\u00e1s.","og_url":"https:\/\/e-cristians.cat\/es\/los-cristianos-o-somos-la-alternativa-o-no-somos-nada\/","og_site_name":"e-Cristians","article_published_time":"2021-04-16T15:40:15+00:00","article_modified_time":"2021-04-21T15:42:19+00:00","og_image":[{"width":275,"height":183,"url":"https:\/\/e-cristians.cat\/wp-content\/uploads\/2021\/04\/descarga.jpg","type":"image\/jpeg"}],"author":"e-Cristians","twitter_card":"summary_large_image","twitter_misc":{"Escrito por":"e-Cristians","Tiempo de lectura":"1 minuto"},"schema":{"@context":"https:\/\/schema.org","@graph":[{"@type":"WebPage","@id":"https:\/\/e-cristians.cat\/es\/los-cristianos-o-somos-la-alternativa-o-no-somos-nada\/","url":"https:\/\/e-cristians.cat\/es\/los-cristianos-o-somos-la-alternativa-o-no-somos-nada\/","name":"Los cristianos o somos la alternativa, o no somos nada - e-Cristians","isPartOf":{"@id":"https:\/\/e-cristians.cat\/#website"},"datePublished":"2021-04-16T15:40:15+00:00","dateModified":"2021-04-21T15:42:19+00:00","author":{"@id":"https:\/\/e-cristians.cat\/#\/schema\/person\/f0ec475338e49aaef9c9dc9d9f162861"},"breadcrumb":{"@id":"https:\/\/e-cristians.cat\/es\/los-cristianos-o-somos-la-alternativa-o-no-somos-nada\/#breadcrumb"},"inLanguage":"es","potentialAction":[{"@type":"ReadAction","target":["https:\/\/e-cristians.cat\/es\/los-cristianos-o-somos-la-alternativa-o-no-somos-nada\/"]}]},{"@type":"BreadcrumbList","@id":"https:\/\/e-cristians.cat\/es\/los-cristianos-o-somos-la-alternativa-o-no-somos-nada\/#breadcrumb","itemListElement":[{"@type":"ListItem","position":1,"name":"Inici","item":"https:\/\/e-cristians.cat\/es\/"},{"@type":"ListItem","position":2,"name":"Los cristianos o somos la alternativa, o no somos nada"}]},{"@type":"WebSite","@id":"https:\/\/e-cristians.cat\/#website","url":"https:\/\/e-cristians.cat\/","name":"e-Cristians","description":"","potentialAction":[{"@type":"SearchAction","target":{"@type":"EntryPoint","urlTemplate":"https:\/\/e-cristians.cat\/?s={search_term_string}"},"query-input":"required name=search_term_string"}],"inLanguage":"es"},{"@type":"Person","@id":"https:\/\/e-cristians.cat\/#\/schema\/person\/f0ec475338e49aaef9c9dc9d9f162861","name":"e-Cristians","image":{"@type":"ImageObject","inLanguage":"es","@id":"https:\/\/e-cristians.cat\/#\/schema\/person\/image\/","url":"https:\/\/secure.gravatar.com\/avatar\/14bc9e5b0ca69070f1075ad3efcb33c4?s=96&d=mm&r=g","contentUrl":"https:\/\/secure.gravatar.com\/avatar\/14bc9e5b0ca69070f1075ad3efcb33c4?s=96&d=mm&r=g","caption":"e-Cristians"}}]}},"jetpack_sharing_enabled":true,"jetpack_featured_media_url":"https:\/\/e-cristians.cat\/wp-content\/uploads\/2021\/04\/descarga.jpg","_links":{"self":[{"href":"https:\/\/e-cristians.cat\/es\/wp-json\/wp\/v2\/posts\/7391"}],"collection":[{"href":"https:\/\/e-cristians.cat\/es\/wp-json\/wp\/v2\/posts"}],"about":[{"href":"https:\/\/e-cristians.cat\/es\/wp-json\/wp\/v2\/types\/post"}],"author":[{"embeddable":true,"href":"https:\/\/e-cristians.cat\/es\/wp-json\/wp\/v2\/users\/2"}],"replies":[{"embeddable":true,"href":"https:\/\/e-cristians.cat\/es\/wp-json\/wp\/v2\/comments?post=7391"}],"version-history":[{"count":1,"href":"https:\/\/e-cristians.cat\/es\/wp-json\/wp\/v2\/posts\/7391\/revisions"}],"predecessor-version":[{"id":7394,"href":"https:\/\/e-cristians.cat\/es\/wp-json\/wp\/v2\/posts\/7391\/revisions\/7394"}],"wp:featuredmedia":[{"embeddable":true,"href":"https:\/\/e-cristians.cat\/es\/wp-json\/wp\/v2\/media\/7392"}],"wp:attachment":[{"href":"https:\/\/e-cristians.cat\/es\/wp-json\/wp\/v2\/media?parent=7391"}],"wp:term":[{"taxonomy":"category","embeddable":true,"href":"https:\/\/e-cristians.cat\/es\/wp-json\/wp\/v2\/categories?post=7391"},{"taxonomy":"post_tag","embeddable":true,"href":"https:\/\/e-cristians.cat\/es\/wp-json\/wp\/v2\/tags?post=7391"}],"curies":[{"name":"wp","href":"https:\/\/api.w.org\/{rel}","templated":true}]}}