{"id":776,"date":"2020-06-17T12:29:20","date_gmt":"2020-06-17T10:29:20","guid":{"rendered":"https:\/\/e-cristians.cat\/?p=776"},"modified":"2020-06-17T12:34:31","modified_gmt":"2020-06-17T10:34:31","slug":"celebracion-virtual-del-dia-internacional-de-la-vida","status":"publish","type":"post","link":"https:\/\/e-cristians.cat\/es\/celebracion-virtual-del-dia-internacional-de-la-vida\/","title":{"rendered":"Celebraci\u00f3n virtual del D\u00eda Internacional de la vida"},"content":{"rendered":"<p>El pr\u00f3ximo <strong>20 de Junio a las 17 h.<\/strong> (hora espa\u00f1ola), tendr\u00e1 lugar la celebraci\u00f3n online de S\u00ed a la Vida, que estar\u00e1 presentada por el periodista Jos\u00e9 Luis P\u00e9rez.<\/p>\n<p><strong>Puedes seguirla y activar el recordatorio<\/strong> para no perderte este gran encuentro virtual en este enlace: <a href=\"https:\/\/www.youtube.com\/watch?v=AaCJeKtCFVw\" target=\"_blank\" rel=\"noopener noreferrer\">https:\/\/www.youtube.com\/watch?v=AaCJeKtCFVw<\/a><\/p>\n<p>Tambi\u00e9n puede seguirse a trav\u00e9s del mundo:<\/p>\n<ul>\n<li>12 h. am Argentina, Brasil, Uruguay<\/li>\n<li>11 h. am Bolivia, Chile, Cuba, Rep\u00fablica Dominicana, Paraguay, Puerto Rico, Venezuela, EEUU (NewYork, Washington, Miami)<\/li>\n<li>10h. am Colombia, Ecuador, M\u00e9xico, Panam\u00e1, Per\u00fa<\/li>\n<li>09h. am Costa Rica, El Salvador, Guatemala, Honduras, Nicaragua<\/li>\n<li>08h. am EE.UU. (Los \u00c1ngeles, San Franscisco)<\/li>\n<\/ul>\n<p>Y puedes seguirles en sus redes sociales y difundir el mensaje de la Vida:<\/p>\n<ul>\n<li>FACEBOOK: @sialavida25m<\/li>\n<li>INSTAGRAM: @sialavidaes<\/li>\n<li>TWITTER: @sialavida25m<\/li>\n<\/ul>\n<p>M\u00e1s informaci\u00f3n en: <a href=\"http:\/\/www.sialavida.es\" target=\"_blank\" rel=\"noopener noreferrer\">www.sialavida.es<\/a><\/p>\n","protected":false},"excerpt":{"rendered":"<p>El pr\u00f3ximo 20 de Junio a las 17 h. (hora espa\u00f1ola), tendr\u00e1 lugar la celebraci\u00f3n online de S\u00ed a la Vida, que estar\u00e1 presentada por el periodista Jos\u00e9 Luis P\u00e9rez. Puedes seguirla y activar el recordatorio para no perderte este gran encuentro virtual en este enlace: https:\/\/www.youtube.com\/watch?v=AaCJeKtCFVw Tambi\u00e9n puede seguirse a trav\u00e9s del mundo: 12&#8230;<\/p>\n","protected":false},"author":2,"featured_media":778,"comment_status":"open","ping_status":"open","sticky":false,"template":"","format":"standard","meta":{"_jetpack_memberships_contains_paid_content":false,"footnotes":""},"categories":[33],"tags":[],"class_list":["post-776","post","type-post","status-publish","format-standard","has-post-thumbnail","hentry","category-altres-entitats-informacions-agenda-i-documents-es"],"yoast_head":"<!-- This site is optimized with the Yoast SEO plugin v20.0 - https:\/\/yoast.com\/wordpress\/plugins\/seo\/ -->\n<title>Celebraci\u00f3n virtual del D\u00eda Internacional de la vida - e-Cristians<\/title>\n<meta name=\"robots\" content=\"index, follow, max-snippet:-1, max-image-preview:large, max-video-preview:-1\" \/>\n<link rel=\"canonical\" href=\"https:\/\/e-cristians.cat\/es\/celebracion-virtual-del-dia-internacional-de-la-vida\/\" \/>\n<meta property=\"og:locale\" content=\"es_ES\" \/>\n<meta property=\"og:type\" content=\"article\" \/>\n<meta property=\"og:title\" content=\"Celebraci\u00f3n virtual del D\u00eda Internacional de la vida - e-Cristians\" \/>\n<meta property=\"og:description\" content=\"El pr\u00f3ximo 20 de Junio a las 17 h. (hora espa\u00f1ola), tendr\u00e1 lugar la celebraci\u00f3n online de S\u00ed a la Vida, que estar\u00e1 presentada por el periodista Jos\u00e9 Luis P\u00e9rez. Puedes seguirla y activar el recordatorio para no perderte este gran encuentro virtual en este enlace: https:\/\/www.youtube.com\/watch?v=AaCJeKtCFVw Tambi\u00e9n puede seguirse a trav\u00e9s del mundo: 12...\" \/>\n<meta property=\"og:url\" content=\"https:\/\/e-cristians.cat\/es\/celebracion-virtual-del-dia-internacional-de-la-vida\/\" \/>\n<meta property=\"og:site_name\" content=\"e-Cristians\" \/>\n<meta property=\"article:published_time\" content=\"2020-06-17T10:29:20+00:00\" \/>\n<meta property=\"article:modified_time\" content=\"2020-06-17T10:34:31+00:00\" \/>\n<meta property=\"og:image\" content=\"https:\/\/e-cristians.cat\/wp-content\/uploads\/2020\/06\/sialavida.jpg\" \/>\n\t<meta property=\"og:image:width\" content=\"787\" \/>\n\t<meta property=\"og:image:height\" content=\"441\" \/>\n\t<meta property=\"og:image:type\" content=\"image\/jpeg\" \/>\n<meta name=\"author\" content=\"e-Cristians\" \/>\n<meta name=\"twitter:card\" content=\"summary_large_image\" \/>\n<meta name=\"twitter:label1\" content=\"Escrito por\" \/>\n\t<meta name=\"twitter:data1\" content=\"e-Cristians\" \/>\n\t<meta name=\"twitter:label2\" content=\"Tiempo de lectura\" \/>\n\t<meta name=\"twitter:data2\" content=\"1 minuto\" \/>\n<script type=\"application\/ld+json\" class=\"yoast-schema-graph\">{\"@context\":\"https:\/\/schema.org\",\"@graph\":[{\"@type\":\"WebPage\",\"@id\":\"https:\/\/e-cristians.cat\/es\/celebracion-virtual-del-dia-internacional-de-la-vida\/\",\"url\":\"https:\/\/e-cristians.cat\/es\/celebracion-virtual-del-dia-internacional-de-la-vida\/\",\"name\":\"Celebraci\u00f3n virtual del D\u00eda Internacional de la vida - e-Cristians\",\"isPartOf\":{\"@id\":\"https:\/\/e-cristians.cat\/#website\"},\"datePublished\":\"2020-06-17T10:29:20+00:00\",\"dateModified\":\"2020-06-17T10:34:31+00:00\",\"author\":{\"@id\":\"https:\/\/e-cristians.cat\/#\/schema\/person\/f0ec475338e49aaef9c9dc9d9f162861\"},\"breadcrumb\":{\"@id\":\"https:\/\/e-cristians.cat\/es\/celebracion-virtual-del-dia-internacional-de-la-vida\/#breadcrumb\"},\"inLanguage\":\"es\",\"potentialAction\":[{\"@type\":\"ReadAction\",\"target\":[\"https:\/\/e-cristians.cat\/es\/celebracion-virtual-del-dia-internacional-de-la-vida\/\"]}]},{\"@type\":\"BreadcrumbList\",\"@id\":\"https:\/\/e-cristians.cat\/es\/celebracion-virtual-del-dia-internacional-de-la-vida\/#breadcrumb\",\"itemListElement\":[{\"@type\":\"ListItem\",\"position\":1,\"name\":\"Inici\",\"item\":\"https:\/\/e-cristians.cat\/es\/\"},{\"@type\":\"ListItem\",\"position\":2,\"name\":\"Celebraci\u00f3n virtual del D\u00eda Internacional de la vida\"}]},{\"@type\":\"WebSite\",\"@id\":\"https:\/\/e-cristians.cat\/#website\",\"url\":\"https:\/\/e-cristians.cat\/\",\"name\":\"e-Cristians\",\"description\":\"\",\"potentialAction\":[{\"@type\":\"SearchAction\",\"target\":{\"@type\":\"EntryPoint\",\"urlTemplate\":\"https:\/\/e-cristians.cat\/?s={search_term_string}\"},\"query-input\":\"required name=search_term_string\"}],\"inLanguage\":\"es\"},{\"@type\":\"Person\",\"@id\":\"https:\/\/e-cristians.cat\/#\/schema\/person\/f0ec475338e49aaef9c9dc9d9f162861\",\"name\":\"e-Cristians\",\"image\":{\"@type\":\"ImageObject\",\"inLanguage\":\"es\",\"@id\":\"https:\/\/e-cristians.cat\/#\/schema\/person\/image\/\",\"url\":\"https:\/\/secure.gravatar.com\/avatar\/14bc9e5b0ca69070f1075ad3efcb33c4?s=96&d=mm&r=g\",\"contentUrl\":\"https:\/\/secure.gravatar.com\/avatar\/14bc9e5b0ca69070f1075ad3efcb33c4?s=96&d=mm&r=g\",\"caption\":\"e-Cristians\"}}]}<\/script>\n<!-- \/ Yoast SEO plugin. -->","yoast_head_json":{"title":"Celebraci\u00f3n virtual del D\u00eda Internacional de la vida - e-Cristians","robots":{"index":"index","follow":"follow","max-snippet":"max-snippet:-1","max-image-preview":"max-image-preview:large","max-video-preview":"max-video-preview:-1"},"canonical":"https:\/\/e-cristians.cat\/es\/celebracion-virtual-del-dia-internacional-de-la-vida\/","og_locale":"es_ES","og_type":"article","og_title":"Celebraci\u00f3n virtual del D\u00eda Internacional de la vida - e-Cristians","og_description":"El pr\u00f3ximo 20 de Junio a las 17 h. (hora espa\u00f1ola), tendr\u00e1 lugar la celebraci\u00f3n online de S\u00ed a la Vida, que estar\u00e1 presentada por el periodista Jos\u00e9 Luis P\u00e9rez. Puedes seguirla y activar el recordatorio para no perderte este gran encuentro virtual en este enlace: https:\/\/www.youtube.com\/watch?v=AaCJeKtCFVw Tambi\u00e9n puede seguirse a trav\u00e9s del mundo: 12...","og_url":"https:\/\/e-cristians.cat\/es\/celebracion-virtual-del-dia-internacional-de-la-vida\/","og_site_name":"e-Cristians","article_published_time":"2020-06-17T10:29:20+00:00","article_modified_time":"2020-06-17T10:34:31+00:00","og_image":[{"width":787,"height":441,"url":"https:\/\/e-cristians.cat\/wp-content\/uploads\/2020\/06\/sialavida.jpg","type":"image\/jpeg"}],"author":"e-Cristians","twitter_card":"summary_large_image","twitter_misc":{"Escrito por":"e-Cristians","Tiempo de lectura":"1 minuto"},"schema":{"@context":"https:\/\/schema.org","@graph":[{"@type":"WebPage","@id":"https:\/\/e-cristians.cat\/es\/celebracion-virtual-del-dia-internacional-de-la-vida\/","url":"https:\/\/e-cristians.cat\/es\/celebracion-virtual-del-dia-internacional-de-la-vida\/","name":"Celebraci\u00f3n virtual del D\u00eda Internacional de la vida - e-Cristians","isPartOf":{"@id":"https:\/\/e-cristians.cat\/#website"},"datePublished":"2020-06-17T10:29:20+00:00","dateModified":"2020-06-17T10:34:31+00:00","author":{"@id":"https:\/\/e-cristians.cat\/#\/schema\/person\/f0ec475338e49aaef9c9dc9d9f162861"},"breadcrumb":{"@id":"https:\/\/e-cristians.cat\/es\/celebracion-virtual-del-dia-internacional-de-la-vida\/#breadcrumb"},"inLanguage":"es","potentialAction":[{"@type":"ReadAction","target":["https:\/\/e-cristians.cat\/es\/celebracion-virtual-del-dia-internacional-de-la-vida\/"]}]},{"@type":"BreadcrumbList","@id":"https:\/\/e-cristians.cat\/es\/celebracion-virtual-del-dia-internacional-de-la-vida\/#breadcrumb","itemListElement":[{"@type":"ListItem","position":1,"name":"Inici","item":"https:\/\/e-cristians.cat\/es\/"},{"@type":"ListItem","position":2,"name":"Celebraci\u00f3n virtual del D\u00eda Internacional de la vida"}]},{"@type":"WebSite","@id":"https:\/\/e-cristians.cat\/#website","url":"https:\/\/e-cristians.cat\/","name":"e-Cristians","description":"","potentialAction":[{"@type":"SearchAction","target":{"@type":"EntryPoint","urlTemplate":"https:\/\/e-cristians.cat\/?s={search_term_string}"},"query-input":"required name=search_term_string"}],"inLanguage":"es"},{"@type":"Person","@id":"https:\/\/e-cristians.cat\/#\/schema\/person\/f0ec475338e49aaef9c9dc9d9f162861","name":"e-Cristians","image":{"@type":"ImageObject","inLanguage":"es","@id":"https:\/\/e-cristians.cat\/#\/schema\/person\/image\/","url":"https:\/\/secure.gravatar.com\/avatar\/14bc9e5b0ca69070f1075ad3efcb33c4?s=96&d=mm&r=g","contentUrl":"https:\/\/secure.gravatar.com\/avatar\/14bc9e5b0ca69070f1075ad3efcb33c4?s=96&d=mm&r=g","caption":"e-Cristians"}}]}},"jetpack_sharing_enabled":true,"jetpack_featured_media_url":"https:\/\/e-cristians.cat\/wp-content\/uploads\/2020\/06\/sialavida.jpg","_links":{"self":[{"href":"https:\/\/e-cristians.cat\/es\/wp-json\/wp\/v2\/posts\/776"}],"collection":[{"href":"https:\/\/e-cristians.cat\/es\/wp-json\/wp\/v2\/posts"}],"about":[{"href":"https:\/\/e-cristians.cat\/es\/wp-json\/wp\/v2\/types\/post"}],"author":[{"embeddable":true,"href":"https:\/\/e-cristians.cat\/es\/wp-json\/wp\/v2\/users\/2"}],"replies":[{"embeddable":true,"href":"https:\/\/e-cristians.cat\/es\/wp-json\/wp\/v2\/comments?post=776"}],"version-history":[{"count":4,"href":"https:\/\/e-cristians.cat\/es\/wp-json\/wp\/v2\/posts\/776\/revisions"}],"predecessor-version":[{"id":784,"href":"https:\/\/e-cristians.cat\/es\/wp-json\/wp\/v2\/posts\/776\/revisions\/784"}],"wp:featuredmedia":[{"embeddable":true,"href":"https:\/\/e-cristians.cat\/es\/wp-json\/wp\/v2\/media\/778"}],"wp:attachment":[{"href":"https:\/\/e-cristians.cat\/es\/wp-json\/wp\/v2\/media?parent=776"}],"wp:term":[{"taxonomy":"category","embeddable":true,"href":"https:\/\/e-cristians.cat\/es\/wp-json\/wp\/v2\/categories?post=776"},{"taxonomy":"post_tag","embeddable":true,"href":"https:\/\/e-cristians.cat\/es\/wp-json\/wp\/v2\/tags?post=776"}],"curies":[{"name":"wp","href":"https:\/\/api.w.org\/{rel}","templated":true}]}}