{"id":7763,"date":"2021-04-25T12:00:56","date_gmt":"2021-04-25T10:00:56","guid":{"rendered":"https:\/\/e-cristians.cat\/?p=7763"},"modified":"2021-04-29T12:06:50","modified_gmt":"2021-04-29T10:06:50","slug":"las-parroquias-de-montornes-ponen-en-marcha-una-campana-para-presentar-su-vision","status":"publish","type":"post","link":"https:\/\/e-cristians.cat\/es\/las-parroquias-de-montornes-ponen-en-marcha-una-campana-para-presentar-su-vision\/","title":{"rendered":"Las Parroquias de Montorn\u00e8s ponen en marcha una campa\u00f1a para presentar su Visi\u00f3n"},"content":{"rendered":"<p>El fin de semana del 6 y 7 de febrero, durante las Misas dominicales, el P. Oriol Gil, p\u00e1rroco de Montorn\u00e8s del Vall\u00e8s y el Equipo de Nueva Evangelizaci\u00f3n de las Parroquias de Montorn\u00e8s, presentaron un innovador proyecto de Parroquia, que han denominado <strong>Nuestra Visi\u00f3n<\/strong>. Este proyecto tiene como lema <strong><em>\u201cTu parroquia: una familia alegre, donde nos queremos, evangelizamos y compartimos la fe y la vida\u201d.<\/em><\/strong> Como explica el P. Oriol, \u201cSe trata de una aspiraci\u00f3n, de un sue\u00f1o, para convertirnos realmente en una verdadera comunidad cristiana. Es un proyecto pensado para las personas que est\u00e1n m\u00e1s cerca de la Parroquia pero, evidentemente, puede participar cualquier persona. \u00a1Todo el mundo est\u00e1 invitado!\u201d.<\/p>\n<p>Pero el proyecto no se queda en una \u201cfrase inspiradora\u201d, sino que, adem\u00e1s, incluye 5 \u00e1reas en las que ya est\u00e1n trabajando y que \u201cest\u00e1n activando\u201d. Estas \u00e1reas son <strong>fraternidad, oraci\u00f3n, formaci\u00f3n, servicio y evangelizaci\u00f3n<\/strong>. En los 5 meses que hay de febrero hasta junio ir\u00e1n potenciando cada una de ellas.<\/p>\n<p>Seg\u00fan comenta el P. Oriol, \u201cHemos creado una hoja de ruta, que denominamos GPS (Gu\u00eda Para Seguir avanzando) de 5 meses y la idea es, hasta junio, centrarnos en una de estas \u00e1reas cada mes y trabajarla, para que los feligreses se vayan familiarizando con ellas, aunque todas est\u00e1n vinculadas\u201d. Adem\u00e1s, han generado diferentes materiales en papel y en formato digital para transmitir estos mensajes, para adaptarse a las diferentes edades de personas que participan en las Parroquias, puesto que se trata de un proyecto abierto e inclusivo, donde todo el mundo puede participar.<\/p>\n<p>La idea es ir generando un cambio de cultura. Y por eso, proponen actividades sencillas pero con sentido para conseguir esta transformaci\u00f3n personal y parroquial. \u201cEn el mes de febrero, explica el P. Oriol, nos centramos en la Fraternidad. Hicimos dos actividades durante la Misa de 12:00 para conocernos mejor. En el mes de marzo nos focalizamos en la Oraci\u00f3n. Hicimos <em>Las 24 horas para el Se\u00f1or<\/em>, que es un d\u00eda propuesto por el Papa Francisco para rezar y confesarse. Y en abril estamos trabajando en el Servicio. Pensamos que todo el mundo tiene talentos y que puede aportarlos en la comunidad, espor\u00e1dicamente o de manera continuada.\u201d<\/p>\n<p>Siguiendo con esta <strong>Visi\u00f3n<\/strong> de la Parroquia, tambi\u00e9n han creado una original campa\u00f1a de Pascua llamada \u201c<strong>VIVE en modo Resurrecci\u00d3N<\/strong>\u201d, donde proponen a los ni\u00f1os y adultos vivir activamente una vida alegre y positiva, de forma muy sencilla: \u201cOfrecemos a las familias ideas pr\u00e1cticas con las que cada uno puede avanzar a su ritmo y sin presiones\u201d, afirma el P. Oriol.<\/p>\n<p><strong>M\u00e1s novedades<\/strong><\/p>\n<p>Otras de las novedades que pueden ver los feligreses de la Parroquia de Sant Sadurn\u00ed de Montorn\u00e8s es el nuevo y moderno confesionario, que se instal\u00f3 hace unos cu\u00e1ntos d\u00edas, puesto que el anterior estaba completamente carcomido y se tuvo que cambiar. \u201cPara confesarse seguimos todas las medidas necesarias de seguridad; estamos a metro y medio de distancia y lo desinfectamos despu\u00e9s de cada uso, tal y como hacemos con los bancos de la iglesia al acabar las celebraciones\u201d, comenta el p\u00e1rroco.<\/p>\n<p>Otra innovaci\u00f3n que la Parroquia de Montorn\u00e8s ha incorporado, es la instalaci\u00f3n de un aparato <em>tpv<\/em> para hacer las donaciones con tarjeta de cr\u00e9dito\/d\u00e9bito. \u201cAunque continuaremos pasando la colecta de los domingos, explica el P. Oriol, es una manera muy pr\u00e1ctica y segura para las personas que quieran hacer una aportaci\u00f3n\u201d.<\/p>\n<p>Las Parroquias de Montorn\u00e8s del Vall\u00e8s hicieron un salto a la transformaci\u00f3n digital a principios del a\u00f1o pasado, con el uso de herramientas digitales, como la web, los boletines electr\u00f3nicos, los v\u00eddeos y las redes sociales, todo con una est\u00e9tica muy actual pero a la vez, con mensajes profundos y de valor. A un a\u00f1o del inicio de la pandemia contin\u00faan ofreciendo semanalmente material nuevo puesto que como dice P. Oriol: \u201cNuestro futuro como Iglesia, como comunidad, es continuar avanzando en un camino de fe y vida juntos y por eso siempre hacemos pasos hacia adelante, en los formatos y con las herramientas que la gente necesita y usa actualmente. Ahora, con la presentaci\u00f3n de <strong>Nuestra Visi\u00f3n<\/strong>, la invitaci\u00f3n consiste en que las personas hagan tambi\u00e9n un paso m\u00e1s en su vida y por nuestra parroquia, cada cual a su ritmo, ya que <em>quien no avanza, retrocede<\/em>\u201d.<\/p>\n","protected":false},"excerpt":{"rendered":"<p>El fin de semana del 6 y 7 de febrero, durante las Misas dominicales, el P. Oriol Gil, p\u00e1rroco de Montorn\u00e8s del Vall\u00e8s y el Equipo de Nueva Evangelizaci\u00f3n de las Parroquias de Montorn\u00e8s, presentaron un innovador proyecto de Parroquia, que han denominado Nuestra Visi\u00f3n. Este proyecto tiene como lema \u201cTu parroquia: una familia alegre,&#8230;<\/p>\n","protected":false},"author":2,"featured_media":7764,"comment_status":"closed","ping_status":"closed","sticky":false,"template":"","format":"standard","meta":{"_jetpack_memberships_contains_paid_content":false,"footnotes":""},"categories":[33,39],"tags":[],"class_list":["post-7763","post","type-post","status-publish","format-standard","has-post-thumbnail","hentry","category-altres-entitats-informacions-agenda-i-documents-es","category-portada_news-es"],"yoast_head":"<!-- This site is optimized with the Yoast SEO plugin v20.0 - https:\/\/yoast.com\/wordpress\/plugins\/seo\/ -->\n<title>Las Parroquias de Montorn\u00e8s ponen en marcha una campa\u00f1a para presentar su Visi\u00f3n - e-Cristians<\/title>\n<meta name=\"robots\" content=\"noindex, nofollow\" \/>\n<meta property=\"og:locale\" content=\"es_ES\" \/>\n<meta property=\"og:type\" content=\"article\" \/>\n<meta property=\"og:title\" content=\"Las Parroquias de Montorn\u00e8s ponen en marcha una campa\u00f1a para presentar su Visi\u00f3n - e-Cristians\" \/>\n<meta property=\"og:description\" content=\"El fin de semana del 6 y 7 de febrero, durante las Misas dominicales, el P. Oriol Gil, p\u00e1rroco de Montorn\u00e8s del Vall\u00e8s y el Equipo de Nueva Evangelizaci\u00f3n de las Parroquias de Montorn\u00e8s, presentaron un innovador proyecto de Parroquia, que han denominado Nuestra Visi\u00f3n. Este proyecto tiene como lema \u201cTu parroquia: una familia alegre,...\" \/>\n<meta property=\"og:url\" content=\"https:\/\/e-cristians.cat\/es\/las-parroquias-de-montornes-ponen-en-marcha-una-campana-para-presentar-su-vision\/\" \/>\n<meta property=\"og:site_name\" content=\"e-Cristians\" \/>\n<meta property=\"article:published_time\" content=\"2021-04-25T10:00:56+00:00\" \/>\n<meta property=\"article:modified_time\" content=\"2021-04-29T10:06:50+00:00\" \/>\n<meta property=\"og:image\" content=\"https:\/\/e-cristians.cat\/wp-content\/uploads\/2021\/04\/Montornes-2.jpg\" \/>\n\t<meta property=\"og:image:width\" content=\"2362\" \/>\n\t<meta property=\"og:image:height\" content=\"1670\" \/>\n\t<meta property=\"og:image:type\" content=\"image\/jpeg\" \/>\n<meta name=\"author\" content=\"e-Cristians\" \/>\n<meta name=\"twitter:card\" content=\"summary_large_image\" \/>\n<meta name=\"twitter:label1\" content=\"Escrito por\" \/>\n\t<meta name=\"twitter:data1\" content=\"e-Cristians\" \/>\n\t<meta name=\"twitter:label2\" content=\"Tiempo de lectura\" \/>\n\t<meta name=\"twitter:data2\" content=\"4 minutos\" \/>\n<script type=\"application\/ld+json\" class=\"yoast-schema-graph\">{\"@context\":\"https:\/\/schema.org\",\"@graph\":[{\"@type\":\"WebPage\",\"@id\":\"https:\/\/e-cristians.cat\/es\/las-parroquias-de-montornes-ponen-en-marcha-una-campana-para-presentar-su-vision\/\",\"url\":\"https:\/\/e-cristians.cat\/es\/las-parroquias-de-montornes-ponen-en-marcha-una-campana-para-presentar-su-vision\/\",\"name\":\"Las Parroquias de Montorn\u00e8s ponen en marcha una campa\u00f1a para presentar su Visi\u00f3n - e-Cristians\",\"isPartOf\":{\"@id\":\"https:\/\/e-cristians.cat\/#website\"},\"datePublished\":\"2021-04-25T10:00:56+00:00\",\"dateModified\":\"2021-04-29T10:06:50+00:00\",\"author\":{\"@id\":\"https:\/\/e-cristians.cat\/#\/schema\/person\/f0ec475338e49aaef9c9dc9d9f162861\"},\"breadcrumb\":{\"@id\":\"https:\/\/e-cristians.cat\/es\/las-parroquias-de-montornes-ponen-en-marcha-una-campana-para-presentar-su-vision\/#breadcrumb\"},\"inLanguage\":\"es\",\"potentialAction\":[{\"@type\":\"ReadAction\",\"target\":[\"https:\/\/e-cristians.cat\/es\/las-parroquias-de-montornes-ponen-en-marcha-una-campana-para-presentar-su-vision\/\"]}]},{\"@type\":\"BreadcrumbList\",\"@id\":\"https:\/\/e-cristians.cat\/es\/las-parroquias-de-montornes-ponen-en-marcha-una-campana-para-presentar-su-vision\/#breadcrumb\",\"itemListElement\":[{\"@type\":\"ListItem\",\"position\":1,\"name\":\"Inici\",\"item\":\"https:\/\/e-cristians.cat\/es\/\"},{\"@type\":\"ListItem\",\"position\":2,\"name\":\"Las Parroquias de Montorn\u00e8s ponen en marcha una campa\u00f1a para presentar su Visi\u00f3n\"}]},{\"@type\":\"WebSite\",\"@id\":\"https:\/\/e-cristians.cat\/#website\",\"url\":\"https:\/\/e-cristians.cat\/\",\"name\":\"e-Cristians\",\"description\":\"\",\"potentialAction\":[{\"@type\":\"SearchAction\",\"target\":{\"@type\":\"EntryPoint\",\"urlTemplate\":\"https:\/\/e-cristians.cat\/?s={search_term_string}\"},\"query-input\":\"required name=search_term_string\"}],\"inLanguage\":\"es\"},{\"@type\":\"Person\",\"@id\":\"https:\/\/e-cristians.cat\/#\/schema\/person\/f0ec475338e49aaef9c9dc9d9f162861\",\"name\":\"e-Cristians\",\"image\":{\"@type\":\"ImageObject\",\"inLanguage\":\"es\",\"@id\":\"https:\/\/e-cristians.cat\/#\/schema\/person\/image\/\",\"url\":\"https:\/\/secure.gravatar.com\/avatar\/14bc9e5b0ca69070f1075ad3efcb33c4?s=96&d=mm&r=g\",\"contentUrl\":\"https:\/\/secure.gravatar.com\/avatar\/14bc9e5b0ca69070f1075ad3efcb33c4?s=96&d=mm&r=g\",\"caption\":\"e-Cristians\"}}]}<\/script>\n<!-- \/ Yoast SEO plugin. -->","yoast_head_json":{"title":"Las Parroquias de Montorn\u00e8s ponen en marcha una campa\u00f1a para presentar su Visi\u00f3n - e-Cristians","robots":{"index":"noindex","follow":"nofollow"},"og_locale":"es_ES","og_type":"article","og_title":"Las Parroquias de Montorn\u00e8s ponen en marcha una campa\u00f1a para presentar su Visi\u00f3n - e-Cristians","og_description":"El fin de semana del 6 y 7 de febrero, durante las Misas dominicales, el P. Oriol Gil, p\u00e1rroco de Montorn\u00e8s del Vall\u00e8s y el Equipo de Nueva Evangelizaci\u00f3n de las Parroquias de Montorn\u00e8s, presentaron un innovador proyecto de Parroquia, que han denominado Nuestra Visi\u00f3n. Este proyecto tiene como lema \u201cTu parroquia: una familia alegre,...","og_url":"https:\/\/e-cristians.cat\/es\/las-parroquias-de-montornes-ponen-en-marcha-una-campana-para-presentar-su-vision\/","og_site_name":"e-Cristians","article_published_time":"2021-04-25T10:00:56+00:00","article_modified_time":"2021-04-29T10:06:50+00:00","og_image":[{"width":2362,"height":1670,"url":"https:\/\/e-cristians.cat\/wp-content\/uploads\/2021\/04\/Montornes-2.jpg","type":"image\/jpeg"}],"author":"e-Cristians","twitter_card":"summary_large_image","twitter_misc":{"Escrito por":"e-Cristians","Tiempo de lectura":"4 minutos"},"schema":{"@context":"https:\/\/schema.org","@graph":[{"@type":"WebPage","@id":"https:\/\/e-cristians.cat\/es\/las-parroquias-de-montornes-ponen-en-marcha-una-campana-para-presentar-su-vision\/","url":"https:\/\/e-cristians.cat\/es\/las-parroquias-de-montornes-ponen-en-marcha-una-campana-para-presentar-su-vision\/","name":"Las Parroquias de Montorn\u00e8s ponen en marcha una campa\u00f1a para presentar su Visi\u00f3n - e-Cristians","isPartOf":{"@id":"https:\/\/e-cristians.cat\/#website"},"datePublished":"2021-04-25T10:00:56+00:00","dateModified":"2021-04-29T10:06:50+00:00","author":{"@id":"https:\/\/e-cristians.cat\/#\/schema\/person\/f0ec475338e49aaef9c9dc9d9f162861"},"breadcrumb":{"@id":"https:\/\/e-cristians.cat\/es\/las-parroquias-de-montornes-ponen-en-marcha-una-campana-para-presentar-su-vision\/#breadcrumb"},"inLanguage":"es","potentialAction":[{"@type":"ReadAction","target":["https:\/\/e-cristians.cat\/es\/las-parroquias-de-montornes-ponen-en-marcha-una-campana-para-presentar-su-vision\/"]}]},{"@type":"BreadcrumbList","@id":"https:\/\/e-cristians.cat\/es\/las-parroquias-de-montornes-ponen-en-marcha-una-campana-para-presentar-su-vision\/#breadcrumb","itemListElement":[{"@type":"ListItem","position":1,"name":"Inici","item":"https:\/\/e-cristians.cat\/es\/"},{"@type":"ListItem","position":2,"name":"Las Parroquias de Montorn\u00e8s ponen en marcha una campa\u00f1a para presentar su Visi\u00f3n"}]},{"@type":"WebSite","@id":"https:\/\/e-cristians.cat\/#website","url":"https:\/\/e-cristians.cat\/","name":"e-Cristians","description":"","potentialAction":[{"@type":"SearchAction","target":{"@type":"EntryPoint","urlTemplate":"https:\/\/e-cristians.cat\/?s={search_term_string}"},"query-input":"required name=search_term_string"}],"inLanguage":"es"},{"@type":"Person","@id":"https:\/\/e-cristians.cat\/#\/schema\/person\/f0ec475338e49aaef9c9dc9d9f162861","name":"e-Cristians","image":{"@type":"ImageObject","inLanguage":"es","@id":"https:\/\/e-cristians.cat\/#\/schema\/person\/image\/","url":"https:\/\/secure.gravatar.com\/avatar\/14bc9e5b0ca69070f1075ad3efcb33c4?s=96&d=mm&r=g","contentUrl":"https:\/\/secure.gravatar.com\/avatar\/14bc9e5b0ca69070f1075ad3efcb33c4?s=96&d=mm&r=g","caption":"e-Cristians"}}]}},"jetpack_sharing_enabled":true,"jetpack_featured_media_url":"https:\/\/e-cristians.cat\/wp-content\/uploads\/2021\/04\/Montornes-2.jpg","_links":{"self":[{"href":"https:\/\/e-cristians.cat\/es\/wp-json\/wp\/v2\/posts\/7763"}],"collection":[{"href":"https:\/\/e-cristians.cat\/es\/wp-json\/wp\/v2\/posts"}],"about":[{"href":"https:\/\/e-cristians.cat\/es\/wp-json\/wp\/v2\/types\/post"}],"author":[{"embeddable":true,"href":"https:\/\/e-cristians.cat\/es\/wp-json\/wp\/v2\/users\/2"}],"replies":[{"embeddable":true,"href":"https:\/\/e-cristians.cat\/es\/wp-json\/wp\/v2\/comments?post=7763"}],"version-history":[{"count":1,"href":"https:\/\/e-cristians.cat\/es\/wp-json\/wp\/v2\/posts\/7763\/revisions"}],"predecessor-version":[{"id":7766,"href":"https:\/\/e-cristians.cat\/es\/wp-json\/wp\/v2\/posts\/7763\/revisions\/7766"}],"wp:featuredmedia":[{"embeddable":true,"href":"https:\/\/e-cristians.cat\/es\/wp-json\/wp\/v2\/media\/7764"}],"wp:attachment":[{"href":"https:\/\/e-cristians.cat\/es\/wp-json\/wp\/v2\/media?parent=7763"}],"wp:term":[{"taxonomy":"category","embeddable":true,"href":"https:\/\/e-cristians.cat\/es\/wp-json\/wp\/v2\/categories?post=7763"},{"taxonomy":"post_tag","embeddable":true,"href":"https:\/\/e-cristians.cat\/es\/wp-json\/wp\/v2\/tags?post=7763"}],"curies":[{"name":"wp","href":"https:\/\/api.w.org\/{rel}","templated":true}]}}