{"id":796,"date":"2020-06-18T12:10:22","date_gmt":"2020-06-18T10:10:22","guid":{"rendered":"https:\/\/e-cristians.cat\/?p=796"},"modified":"2020-06-18T12:25:02","modified_gmt":"2020-06-18T10:25:02","slug":"10-argumentos-contra-la-ley-celaa","status":"publish","type":"post","link":"https:\/\/e-cristians.cat\/es\/10-argumentos-contra-la-ley-celaa\/","title":{"rendered":"10 argumentos contra la ley Cela\u00e1"},"content":{"rendered":"<p>Por su inter\u00e9s, reproducimos a continuaci\u00f3n los \u201c10 argumentos contra la Ley Cela\u00e1\u201d, preparado por la Asociaci\u00f3n Cat\u00f3lica de Propagandistas (ACdP) en el que se explica c\u00f3mo esta ley atenta contra la libertad de educaci\u00f3n.<\/p>\n<p>Este documento forma parte de una iniciativa que esta asociaci\u00f3n ha puesto en marcha en defensa del Derecho a la Libertad a la Educaci\u00f3n para ayudar a frenar la llamada ley Cela\u00e1.<\/p>\n<p style=\"text-align: center;\"><strong>10 argumentos en contra de la LOMLOE<\/strong><\/p>\n<ol>\n<li>La LOMLOE supone volver a imponer una ley partidista e ideol\u00f3gica, sin visi\u00f3n de Estado y sin atender el clamor ciudadano y de la comunidad educativa por la estabilidad y a favor de un Pacto de Estado por la Educaci\u00f3n.<\/li>\n<li>La LOMLOE pretende ELIMINAR LA DEMANDA SOCIAL como elemento a tener en cuenta en la programaci\u00f3n de puestos escolares. Es decir, que la Administraci\u00f3n ni siquiera debe valorar la elecci\u00f3n de las familias, de todos nosotros, los ciudadanos, para establecer las vacantes. La eliminaci\u00f3n de la demanda social supone un paso m\u00e1s a la planificaci\u00f3n unilateral de la Administraci\u00f3n, el cierre de unidades concertadas con demanda en beneficio de p\u00fablicas vac\u00edas o la consideraci\u00f3n de subsidiaria de los centros concertados.<\/li>\n<li>La LOMLOE SE INVENTA UN \u201cDERECHO A LA EDUCACI\u00d3N P\u00daBLICA\u201d. El \u00fanico derecho existente es el \u201cderecho a la educaci\u00f3n\u201d, y el mismo se garantiza mediante plazas suficientes en los centros sostenidos con fondos p\u00fablicos, tambi\u00e9n, por tanto, en los de iniciativa social o concertados.<\/li>\n<li>Vuelve a POSTERGAR LA ENSE\u00d1ANZA DE LA RELIGI\u00d3N: sin alternativas y sin efectos en la evaluaci\u00f3n. Uno de los objetivos tradicionales de los gobiernos de izquierda es su opci\u00f3n por el laicismo activo, como ideario de la educaci\u00f3n, y con esta Ley lo quieren aplicar incluso en los centros que no son de su titularidad.<\/li>\n<li>Se crea una nueva asignatura de EDUCACI\u00d3N EN VALORES C\u00cdVICOS Y \u00c9TICOS. Otra \u201cEducaci\u00f3n para la ciudadan\u00eda\u201d no basada en valores consensuados y compartidos, sino como instrumento de adoctrinamiento.<\/li>\n<li>El CONSEJO ESCOLAR vuelve a FUNCIONES DE GOBIERNO de la LOE, tambi\u00e9n en la concertada. Nadie cuestiona la labor de participaci\u00f3n y de control econ\u00f3mico del Consejo escolar, pero como gobierno supone la posibilidad de establecer frenos a la raz\u00f3n de ser del centro: su ideario.<\/li>\n<li>La LOMLOE insiste sospechosamente en LOS DERECHOS DE LA INFANCIA, que nadie cuestiona. Intuimos nuevo ataque a las familias, que incluye el olvido de que el garante principal de los mismos son los padres mediante la instituci\u00f3n de la patria potestad, no el Estado. Es inevitable que al ver esta insistencia en los derechos de la infancia, la pongamos en consonancia con la desafortunada reflexi\u00f3n de la Ministra Cela\u00e1, de que \u201clos hijos no pertenecen a los padres\u201d. Igual cabr\u00eda preguntarle si en su opini\u00f3n \u00bfpertenecen al Estado, tal vez?<\/li>\n<li>Surge la posibilidad de DISTRIBUCI\u00d3N DEL ALUMNADO POR LA ADMINISTRACI\u00d3N para evitar segregaci\u00f3n educativa. Hay quien opina que es una garant\u00eda de igualdad. \u00bfNo es m\u00e1s igualdad que la familia elija el que crea el mejor centro para su hijo, en lugarde hacerlo la Administraci\u00f3n?<\/li>\n<li>La LOMLOE insiste, como las leyes anteriores, en la AUSENCIA DE AUTONOM\u00cdADE LOS CENTROS. En realidad, hace hincapi\u00e9 en la desconfianza, la centralizaci\u00f3n, el intervencionismo, las injerencias,&#8230; sin margen para los centros.<\/li>\n<li>Junto a las declaraciones del Ministerio, parece que la LOMLOE cuestiona la supervivencia de los CENTROS ESPEC\u00cdFICOS DE EDUCACI\u00d3N ESPECIAL. Inclusi\u00f3n, S\u00ed\u2026 Especial, tambi\u00e9n. Otro l\u00edmite a la Libertad de Ense\u00f1anza.<\/li>\n<\/ol>\n","protected":false},"excerpt":{"rendered":"<p>Por su inter\u00e9s, reproducimos a continuaci\u00f3n los \u201c10 argumentos contra la Ley Cela\u00e1\u201d, preparado por la Asociaci\u00f3n Cat\u00f3lica de Propagandistas (ACdP) en el que se explica c\u00f3mo esta ley atenta contra la libertad de educaci\u00f3n. Este documento forma parte de una iniciativa que esta asociaci\u00f3n ha puesto en marcha en defensa del Derecho a la&#8230;<\/p>\n","protected":false},"author":2,"featured_media":797,"comment_status":"open","ping_status":"open","sticky":false,"template":"","format":"standard","meta":{"_jetpack_memberships_contains_paid_content":false,"footnotes":""},"categories":[33],"tags":[50,49],"class_list":["post-796","post","type-post","status-publish","format-standard","has-post-thumbnail","hentry","category-altres-entitats-informacions-agenda-i-documents-es","tag-celaa-es","tag-ley-ensenanza"],"yoast_head":"<!-- This site is optimized with the Yoast SEO plugin v20.0 - https:\/\/yoast.com\/wordpress\/plugins\/seo\/ -->\n<title>10 argumentos contra la ley Cela\u00e1 - e-Cristians<\/title>\n<meta name=\"robots\" content=\"index, follow, max-snippet:-1, max-image-preview:large, max-video-preview:-1\" \/>\n<link rel=\"canonical\" href=\"https:\/\/e-cristians.cat\/es\/10-argumentos-contra-la-ley-celaa\/\" \/>\n<meta property=\"og:locale\" content=\"es_ES\" \/>\n<meta property=\"og:type\" content=\"article\" \/>\n<meta property=\"og:title\" content=\"10 argumentos contra la ley Cela\u00e1 - e-Cristians\" \/>\n<meta property=\"og:description\" content=\"Por su inter\u00e9s, reproducimos a continuaci\u00f3n los \u201c10 argumentos contra la Ley Cela\u00e1\u201d, preparado por la Asociaci\u00f3n Cat\u00f3lica de Propagandistas (ACdP) en el que se explica c\u00f3mo esta ley atenta contra la libertad de educaci\u00f3n. Este documento forma parte de una iniciativa que esta asociaci\u00f3n ha puesto en marcha en defensa del Derecho a la...\" \/>\n<meta property=\"og:url\" content=\"https:\/\/e-cristians.cat\/es\/10-argumentos-contra-la-ley-celaa\/\" \/>\n<meta property=\"og:site_name\" content=\"e-Cristians\" \/>\n<meta property=\"article:published_time\" content=\"2020-06-18T10:10:22+00:00\" \/>\n<meta property=\"article:modified_time\" content=\"2020-06-18T10:25:02+00:00\" \/>\n<meta property=\"og:image\" content=\"https:\/\/e-cristians.cat\/wp-content\/uploads\/2020\/06\/foto_cartas.jpg\" \/>\n\t<meta property=\"og:image:width\" content=\"1200\" \/>\n\t<meta property=\"og:image:height\" content=\"800\" \/>\n\t<meta property=\"og:image:type\" content=\"image\/jpeg\" \/>\n<meta name=\"author\" content=\"e-Cristians\" \/>\n<meta name=\"twitter:card\" content=\"summary_large_image\" \/>\n<meta name=\"twitter:label1\" content=\"Escrito por\" \/>\n\t<meta name=\"twitter:data1\" content=\"e-Cristians\" \/>\n\t<meta name=\"twitter:label2\" content=\"Tiempo de lectura\" \/>\n\t<meta name=\"twitter:data2\" content=\"3 minutos\" \/>\n<script type=\"application\/ld+json\" class=\"yoast-schema-graph\">{\"@context\":\"https:\/\/schema.org\",\"@graph\":[{\"@type\":\"WebPage\",\"@id\":\"https:\/\/e-cristians.cat\/es\/10-argumentos-contra-la-ley-celaa\/\",\"url\":\"https:\/\/e-cristians.cat\/es\/10-argumentos-contra-la-ley-celaa\/\",\"name\":\"10 argumentos contra la ley Cela\u00e1 - e-Cristians\",\"isPartOf\":{\"@id\":\"https:\/\/e-cristians.cat\/#website\"},\"datePublished\":\"2020-06-18T10:10:22+00:00\",\"dateModified\":\"2020-06-18T10:25:02+00:00\",\"author\":{\"@id\":\"https:\/\/e-cristians.cat\/#\/schema\/person\/f0ec475338e49aaef9c9dc9d9f162861\"},\"breadcrumb\":{\"@id\":\"https:\/\/e-cristians.cat\/es\/10-argumentos-contra-la-ley-celaa\/#breadcrumb\"},\"inLanguage\":\"es\",\"potentialAction\":[{\"@type\":\"ReadAction\",\"target\":[\"https:\/\/e-cristians.cat\/es\/10-argumentos-contra-la-ley-celaa\/\"]}]},{\"@type\":\"BreadcrumbList\",\"@id\":\"https:\/\/e-cristians.cat\/es\/10-argumentos-contra-la-ley-celaa\/#breadcrumb\",\"itemListElement\":[{\"@type\":\"ListItem\",\"position\":1,\"name\":\"Inici\",\"item\":\"https:\/\/e-cristians.cat\/es\/\"},{\"@type\":\"ListItem\",\"position\":2,\"name\":\"10 argumentos contra la ley Cela\u00e1\"}]},{\"@type\":\"WebSite\",\"@id\":\"https:\/\/e-cristians.cat\/#website\",\"url\":\"https:\/\/e-cristians.cat\/\",\"name\":\"e-Cristians\",\"description\":\"\",\"potentialAction\":[{\"@type\":\"SearchAction\",\"target\":{\"@type\":\"EntryPoint\",\"urlTemplate\":\"https:\/\/e-cristians.cat\/?s={search_term_string}\"},\"query-input\":\"required name=search_term_string\"}],\"inLanguage\":\"es\"},{\"@type\":\"Person\",\"@id\":\"https:\/\/e-cristians.cat\/#\/schema\/person\/f0ec475338e49aaef9c9dc9d9f162861\",\"name\":\"e-Cristians\",\"image\":{\"@type\":\"ImageObject\",\"inLanguage\":\"es\",\"@id\":\"https:\/\/e-cristians.cat\/#\/schema\/person\/image\/\",\"url\":\"https:\/\/secure.gravatar.com\/avatar\/14bc9e5b0ca69070f1075ad3efcb33c4?s=96&d=mm&r=g\",\"contentUrl\":\"https:\/\/secure.gravatar.com\/avatar\/14bc9e5b0ca69070f1075ad3efcb33c4?s=96&d=mm&r=g\",\"caption\":\"e-Cristians\"}}]}<\/script>\n<!-- \/ Yoast SEO plugin. -->","yoast_head_json":{"title":"10 argumentos contra la ley Cela\u00e1 - e-Cristians","robots":{"index":"index","follow":"follow","max-snippet":"max-snippet:-1","max-image-preview":"max-image-preview:large","max-video-preview":"max-video-preview:-1"},"canonical":"https:\/\/e-cristians.cat\/es\/10-argumentos-contra-la-ley-celaa\/","og_locale":"es_ES","og_type":"article","og_title":"10 argumentos contra la ley Cela\u00e1 - e-Cristians","og_description":"Por su inter\u00e9s, reproducimos a continuaci\u00f3n los \u201c10 argumentos contra la Ley Cela\u00e1\u201d, preparado por la Asociaci\u00f3n Cat\u00f3lica de Propagandistas (ACdP) en el que se explica c\u00f3mo esta ley atenta contra la libertad de educaci\u00f3n. Este documento forma parte de una iniciativa que esta asociaci\u00f3n ha puesto en marcha en defensa del Derecho a la...","og_url":"https:\/\/e-cristians.cat\/es\/10-argumentos-contra-la-ley-celaa\/","og_site_name":"e-Cristians","article_published_time":"2020-06-18T10:10:22+00:00","article_modified_time":"2020-06-18T10:25:02+00:00","og_image":[{"width":1200,"height":800,"url":"https:\/\/e-cristians.cat\/wp-content\/uploads\/2020\/06\/foto_cartas.jpg","type":"image\/jpeg"}],"author":"e-Cristians","twitter_card":"summary_large_image","twitter_misc":{"Escrito por":"e-Cristians","Tiempo de lectura":"3 minutos"},"schema":{"@context":"https:\/\/schema.org","@graph":[{"@type":"WebPage","@id":"https:\/\/e-cristians.cat\/es\/10-argumentos-contra-la-ley-celaa\/","url":"https:\/\/e-cristians.cat\/es\/10-argumentos-contra-la-ley-celaa\/","name":"10 argumentos contra la ley Cela\u00e1 - e-Cristians","isPartOf":{"@id":"https:\/\/e-cristians.cat\/#website"},"datePublished":"2020-06-18T10:10:22+00:00","dateModified":"2020-06-18T10:25:02+00:00","author":{"@id":"https:\/\/e-cristians.cat\/#\/schema\/person\/f0ec475338e49aaef9c9dc9d9f162861"},"breadcrumb":{"@id":"https:\/\/e-cristians.cat\/es\/10-argumentos-contra-la-ley-celaa\/#breadcrumb"},"inLanguage":"es","potentialAction":[{"@type":"ReadAction","target":["https:\/\/e-cristians.cat\/es\/10-argumentos-contra-la-ley-celaa\/"]}]},{"@type":"BreadcrumbList","@id":"https:\/\/e-cristians.cat\/es\/10-argumentos-contra-la-ley-celaa\/#breadcrumb","itemListElement":[{"@type":"ListItem","position":1,"name":"Inici","item":"https:\/\/e-cristians.cat\/es\/"},{"@type":"ListItem","position":2,"name":"10 argumentos contra la ley Cela\u00e1"}]},{"@type":"WebSite","@id":"https:\/\/e-cristians.cat\/#website","url":"https:\/\/e-cristians.cat\/","name":"e-Cristians","description":"","potentialAction":[{"@type":"SearchAction","target":{"@type":"EntryPoint","urlTemplate":"https:\/\/e-cristians.cat\/?s={search_term_string}"},"query-input":"required name=search_term_string"}],"inLanguage":"es"},{"@type":"Person","@id":"https:\/\/e-cristians.cat\/#\/schema\/person\/f0ec475338e49aaef9c9dc9d9f162861","name":"e-Cristians","image":{"@type":"ImageObject","inLanguage":"es","@id":"https:\/\/e-cristians.cat\/#\/schema\/person\/image\/","url":"https:\/\/secure.gravatar.com\/avatar\/14bc9e5b0ca69070f1075ad3efcb33c4?s=96&d=mm&r=g","contentUrl":"https:\/\/secure.gravatar.com\/avatar\/14bc9e5b0ca69070f1075ad3efcb33c4?s=96&d=mm&r=g","caption":"e-Cristians"}}]}},"jetpack_sharing_enabled":true,"jetpack_featured_media_url":"https:\/\/e-cristians.cat\/wp-content\/uploads\/2020\/06\/foto_cartas.jpg","_links":{"self":[{"href":"https:\/\/e-cristians.cat\/es\/wp-json\/wp\/v2\/posts\/796"}],"collection":[{"href":"https:\/\/e-cristians.cat\/es\/wp-json\/wp\/v2\/posts"}],"about":[{"href":"https:\/\/e-cristians.cat\/es\/wp-json\/wp\/v2\/types\/post"}],"author":[{"embeddable":true,"href":"https:\/\/e-cristians.cat\/es\/wp-json\/wp\/v2\/users\/2"}],"replies":[{"embeddable":true,"href":"https:\/\/e-cristians.cat\/es\/wp-json\/wp\/v2\/comments?post=796"}],"version-history":[{"count":4,"href":"https:\/\/e-cristians.cat\/es\/wp-json\/wp\/v2\/posts\/796\/revisions"}],"predecessor-version":[{"id":803,"href":"https:\/\/e-cristians.cat\/es\/wp-json\/wp\/v2\/posts\/796\/revisions\/803"}],"wp:featuredmedia":[{"embeddable":true,"href":"https:\/\/e-cristians.cat\/es\/wp-json\/wp\/v2\/media\/797"}],"wp:attachment":[{"href":"https:\/\/e-cristians.cat\/es\/wp-json\/wp\/v2\/media?parent=796"}],"wp:term":[{"taxonomy":"category","embeddable":true,"href":"https:\/\/e-cristians.cat\/es\/wp-json\/wp\/v2\/categories?post=796"},{"taxonomy":"post_tag","embeddable":true,"href":"https:\/\/e-cristians.cat\/es\/wp-json\/wp\/v2\/tags?post=796"}],"curies":[{"name":"wp","href":"https:\/\/api.w.org\/{rel}","templated":true}]}}