{"id":8032,"date":"2021-05-07T11:19:09","date_gmt":"2021-05-07T09:19:09","guid":{"rendered":"https:\/\/e-cristians.cat\/?p=8032"},"modified":"2021-05-07T11:19:09","modified_gmt":"2021-05-07T09:19:09","slug":"la-alternativa-a-la-eutanasia-segun-la-fundacion-bioetica-los-cuidados-paliativos","status":"publish","type":"post","link":"https:\/\/e-cristians.cat\/es\/la-alternativa-a-la-eutanasia-segun-la-fundacion-bioetica-los-cuidados-paliativos\/","title":{"rendered":"La alternativa a la eutanasia, seg\u00fan la Fundaci\u00f3n Bio\u00e9tica: los cuidados paliativos"},"content":{"rendered":"<p>La\u00a0<a href=\"https:\/\/www.bioeticacs.org\/#gsc.tab=0\" target=\"_blank\" rel=\"noopener\">Fundaci\u00f3n Bio\u00e9tica<\/a>\u00a0<a href=\"https:\/\/www.bioeticacs.org\/fundacionBioetica\/importante\/folleto_web.pdf\" target=\"_blank\" rel=\"noopener\">ha hecho p\u00fablico un documento<\/a>\u00a0por medio del cual expresa su rechazo a la eutanasia y plantea la\u00a0<a href=\"https:\/\/www.forumlibertas.com\/cuidados-paliativos-eutanasia\/\" target=\"_blank\" rel=\"noopener\">verdadera alternativa<\/a>\u00a0al sufrimiento de las personas en una de las fases m\u00e1s vulnerable de su vida: los cuidados paliativos.<\/p>\n<p><strong>La eutanasia es un acto que pretende deliberadamente terminar con la vida de una persona enferma lo que conlleva graves consecuencias<\/strong>: familiares, sociales, m\u00e9dicas, \u00e9ticas y pol\u00edticas.<\/p>\n<p>En ese sentido, la Fundaci\u00f3n Bio\u00e9tica afirma que \u201clos casos extremos y la autonom\u00eda personal, siempre aludidos por los partidarios de la eutanasia, generan leyes injustas que enfrentan el deseo individual con el ineludible deber del Estado a la protecci\u00f3n de la vida f\u00edsica de cada ciudadano\u201d. <a href=\"https:\/\/www.forumlibertas.com\/cuidados-paliativos-fundacion-bioetica\/\" target=\"_blank\" rel=\"noopener\">Leer m\u00e1s.<\/a><\/p>\n","protected":false},"excerpt":{"rendered":"<p>La\u00a0Fundaci\u00f3n Bio\u00e9tica\u00a0ha hecho p\u00fablico un documento\u00a0por medio del cual expresa su rechazo a la eutanasia y plantea la\u00a0verdadera alternativa\u00a0al sufrimiento de las personas en una de las fases m\u00e1s vulnerable de su vida: los cuidados paliativos. La eutanasia es un acto que pretende deliberadamente terminar con la vida de una persona enferma lo que conlleva&#8230;<\/p>\n","protected":false},"author":2,"featured_media":8030,"comment_status":"closed","ping_status":"closed","sticky":false,"template":"","format":"standard","meta":{"_jetpack_memberships_contains_paid_content":false,"footnotes":""},"categories":[33],"tags":[44],"class_list":["post-8032","post","type-post","status-publish","format-standard","has-post-thumbnail","hentry","category-altres-entitats-informacions-agenda-i-documents-es","tag-eutanasia-es"],"yoast_head":"<!-- This site is optimized with the Yoast SEO plugin v20.0 - https:\/\/yoast.com\/wordpress\/plugins\/seo\/ -->\n<title>La alternativa a la eutanasia, seg\u00fan la Fundaci\u00f3n Bio\u00e9tica: los cuidados paliativos - e-Cristians<\/title>\n<meta name=\"robots\" content=\"noindex, nofollow\" \/>\n<meta property=\"og:locale\" content=\"es_ES\" \/>\n<meta property=\"og:type\" content=\"article\" \/>\n<meta property=\"og:title\" content=\"La alternativa a la eutanasia, seg\u00fan la Fundaci\u00f3n Bio\u00e9tica: los cuidados paliativos - e-Cristians\" \/>\n<meta property=\"og:description\" content=\"La\u00a0Fundaci\u00f3n Bio\u00e9tica\u00a0ha hecho p\u00fablico un documento\u00a0por medio del cual expresa su rechazo a la eutanasia y plantea la\u00a0verdadera alternativa\u00a0al sufrimiento de las personas en una de las fases m\u00e1s vulnerable de su vida: los cuidados paliativos. La eutanasia es un acto que pretende deliberadamente terminar con la vida de una persona enferma lo que conlleva...\" \/>\n<meta property=\"og:url\" content=\"https:\/\/e-cristians.cat\/es\/la-alternativa-a-la-eutanasia-segun-la-fundacion-bioetica-los-cuidados-paliativos\/\" \/>\n<meta property=\"og:site_name\" content=\"e-Cristians\" \/>\n<meta property=\"article:published_time\" content=\"2021-05-07T09:19:09+00:00\" \/>\n<meta property=\"og:image\" content=\"https:\/\/e-cristians.cat\/wp-content\/uploads\/2021\/05\/GettyImages-1136917902-600x337-1.jpg\" \/>\n\t<meta property=\"og:image:width\" content=\"600\" \/>\n\t<meta property=\"og:image:height\" content=\"337\" \/>\n\t<meta property=\"og:image:type\" content=\"image\/jpeg\" \/>\n<meta name=\"author\" content=\"e-Cristians\" \/>\n<meta name=\"twitter:card\" content=\"summary_large_image\" \/>\n<meta name=\"twitter:label1\" content=\"Escrito por\" \/>\n\t<meta name=\"twitter:data1\" content=\"e-Cristians\" \/>\n\t<meta name=\"twitter:label2\" content=\"Tiempo de lectura\" \/>\n\t<meta name=\"twitter:data2\" content=\"1 minuto\" \/>\n<script type=\"application\/ld+json\" class=\"yoast-schema-graph\">{\"@context\":\"https:\/\/schema.org\",\"@graph\":[{\"@type\":\"WebPage\",\"@id\":\"https:\/\/e-cristians.cat\/es\/la-alternativa-a-la-eutanasia-segun-la-fundacion-bioetica-los-cuidados-paliativos\/\",\"url\":\"https:\/\/e-cristians.cat\/es\/la-alternativa-a-la-eutanasia-segun-la-fundacion-bioetica-los-cuidados-paliativos\/\",\"name\":\"La alternativa a la eutanasia, seg\u00fan la Fundaci\u00f3n Bio\u00e9tica: los cuidados paliativos - e-Cristians\",\"isPartOf\":{\"@id\":\"https:\/\/e-cristians.cat\/#website\"},\"datePublished\":\"2021-05-07T09:19:09+00:00\",\"dateModified\":\"2021-05-07T09:19:09+00:00\",\"author\":{\"@id\":\"https:\/\/e-cristians.cat\/#\/schema\/person\/f0ec475338e49aaef9c9dc9d9f162861\"},\"breadcrumb\":{\"@id\":\"https:\/\/e-cristians.cat\/es\/la-alternativa-a-la-eutanasia-segun-la-fundacion-bioetica-los-cuidados-paliativos\/#breadcrumb\"},\"inLanguage\":\"es\",\"potentialAction\":[{\"@type\":\"ReadAction\",\"target\":[\"https:\/\/e-cristians.cat\/es\/la-alternativa-a-la-eutanasia-segun-la-fundacion-bioetica-los-cuidados-paliativos\/\"]}]},{\"@type\":\"BreadcrumbList\",\"@id\":\"https:\/\/e-cristians.cat\/es\/la-alternativa-a-la-eutanasia-segun-la-fundacion-bioetica-los-cuidados-paliativos\/#breadcrumb\",\"itemListElement\":[{\"@type\":\"ListItem\",\"position\":1,\"name\":\"Inici\",\"item\":\"https:\/\/e-cristians.cat\/es\/\"},{\"@type\":\"ListItem\",\"position\":2,\"name\":\"La alternativa a la eutanasia, seg\u00fan la Fundaci\u00f3n Bio\u00e9tica: los cuidados paliativos\"}]},{\"@type\":\"WebSite\",\"@id\":\"https:\/\/e-cristians.cat\/#website\",\"url\":\"https:\/\/e-cristians.cat\/\",\"name\":\"e-Cristians\",\"description\":\"\",\"potentialAction\":[{\"@type\":\"SearchAction\",\"target\":{\"@type\":\"EntryPoint\",\"urlTemplate\":\"https:\/\/e-cristians.cat\/?s={search_term_string}\"},\"query-input\":\"required name=search_term_string\"}],\"inLanguage\":\"es\"},{\"@type\":\"Person\",\"@id\":\"https:\/\/e-cristians.cat\/#\/schema\/person\/f0ec475338e49aaef9c9dc9d9f162861\",\"name\":\"e-Cristians\",\"image\":{\"@type\":\"ImageObject\",\"inLanguage\":\"es\",\"@id\":\"https:\/\/e-cristians.cat\/#\/schema\/person\/image\/\",\"url\":\"https:\/\/secure.gravatar.com\/avatar\/14bc9e5b0ca69070f1075ad3efcb33c4?s=96&d=mm&r=g\",\"contentUrl\":\"https:\/\/secure.gravatar.com\/avatar\/14bc9e5b0ca69070f1075ad3efcb33c4?s=96&d=mm&r=g\",\"caption\":\"e-Cristians\"}}]}<\/script>\n<!-- \/ Yoast SEO plugin. -->","yoast_head_json":{"title":"La alternativa a la eutanasia, seg\u00fan la Fundaci\u00f3n Bio\u00e9tica: los cuidados paliativos - e-Cristians","robots":{"index":"noindex","follow":"nofollow"},"og_locale":"es_ES","og_type":"article","og_title":"La alternativa a la eutanasia, seg\u00fan la Fundaci\u00f3n Bio\u00e9tica: los cuidados paliativos - e-Cristians","og_description":"La\u00a0Fundaci\u00f3n Bio\u00e9tica\u00a0ha hecho p\u00fablico un documento\u00a0por medio del cual expresa su rechazo a la eutanasia y plantea la\u00a0verdadera alternativa\u00a0al sufrimiento de las personas en una de las fases m\u00e1s vulnerable de su vida: los cuidados paliativos. La eutanasia es un acto que pretende deliberadamente terminar con la vida de una persona enferma lo que conlleva...","og_url":"https:\/\/e-cristians.cat\/es\/la-alternativa-a-la-eutanasia-segun-la-fundacion-bioetica-los-cuidados-paliativos\/","og_site_name":"e-Cristians","article_published_time":"2021-05-07T09:19:09+00:00","og_image":[{"width":600,"height":337,"url":"https:\/\/e-cristians.cat\/wp-content\/uploads\/2021\/05\/GettyImages-1136917902-600x337-1.jpg","type":"image\/jpeg"}],"author":"e-Cristians","twitter_card":"summary_large_image","twitter_misc":{"Escrito por":"e-Cristians","Tiempo de lectura":"1 minuto"},"schema":{"@context":"https:\/\/schema.org","@graph":[{"@type":"WebPage","@id":"https:\/\/e-cristians.cat\/es\/la-alternativa-a-la-eutanasia-segun-la-fundacion-bioetica-los-cuidados-paliativos\/","url":"https:\/\/e-cristians.cat\/es\/la-alternativa-a-la-eutanasia-segun-la-fundacion-bioetica-los-cuidados-paliativos\/","name":"La alternativa a la eutanasia, seg\u00fan la Fundaci\u00f3n Bio\u00e9tica: los cuidados paliativos - e-Cristians","isPartOf":{"@id":"https:\/\/e-cristians.cat\/#website"},"datePublished":"2021-05-07T09:19:09+00:00","dateModified":"2021-05-07T09:19:09+00:00","author":{"@id":"https:\/\/e-cristians.cat\/#\/schema\/person\/f0ec475338e49aaef9c9dc9d9f162861"},"breadcrumb":{"@id":"https:\/\/e-cristians.cat\/es\/la-alternativa-a-la-eutanasia-segun-la-fundacion-bioetica-los-cuidados-paliativos\/#breadcrumb"},"inLanguage":"es","potentialAction":[{"@type":"ReadAction","target":["https:\/\/e-cristians.cat\/es\/la-alternativa-a-la-eutanasia-segun-la-fundacion-bioetica-los-cuidados-paliativos\/"]}]},{"@type":"BreadcrumbList","@id":"https:\/\/e-cristians.cat\/es\/la-alternativa-a-la-eutanasia-segun-la-fundacion-bioetica-los-cuidados-paliativos\/#breadcrumb","itemListElement":[{"@type":"ListItem","position":1,"name":"Inici","item":"https:\/\/e-cristians.cat\/es\/"},{"@type":"ListItem","position":2,"name":"La alternativa a la eutanasia, seg\u00fan la Fundaci\u00f3n Bio\u00e9tica: los cuidados paliativos"}]},{"@type":"WebSite","@id":"https:\/\/e-cristians.cat\/#website","url":"https:\/\/e-cristians.cat\/","name":"e-Cristians","description":"","potentialAction":[{"@type":"SearchAction","target":{"@type":"EntryPoint","urlTemplate":"https:\/\/e-cristians.cat\/?s={search_term_string}"},"query-input":"required name=search_term_string"}],"inLanguage":"es"},{"@type":"Person","@id":"https:\/\/e-cristians.cat\/#\/schema\/person\/f0ec475338e49aaef9c9dc9d9f162861","name":"e-Cristians","image":{"@type":"ImageObject","inLanguage":"es","@id":"https:\/\/e-cristians.cat\/#\/schema\/person\/image\/","url":"https:\/\/secure.gravatar.com\/avatar\/14bc9e5b0ca69070f1075ad3efcb33c4?s=96&d=mm&r=g","contentUrl":"https:\/\/secure.gravatar.com\/avatar\/14bc9e5b0ca69070f1075ad3efcb33c4?s=96&d=mm&r=g","caption":"e-Cristians"}}]}},"jetpack_sharing_enabled":true,"jetpack_featured_media_url":"https:\/\/e-cristians.cat\/wp-content\/uploads\/2021\/05\/GettyImages-1136917902-600x337-1.jpg","_links":{"self":[{"href":"https:\/\/e-cristians.cat\/es\/wp-json\/wp\/v2\/posts\/8032"}],"collection":[{"href":"https:\/\/e-cristians.cat\/es\/wp-json\/wp\/v2\/posts"}],"about":[{"href":"https:\/\/e-cristians.cat\/es\/wp-json\/wp\/v2\/types\/post"}],"author":[{"embeddable":true,"href":"https:\/\/e-cristians.cat\/es\/wp-json\/wp\/v2\/users\/2"}],"replies":[{"embeddable":true,"href":"https:\/\/e-cristians.cat\/es\/wp-json\/wp\/v2\/comments?post=8032"}],"version-history":[{"count":1,"href":"https:\/\/e-cristians.cat\/es\/wp-json\/wp\/v2\/posts\/8032\/revisions"}],"predecessor-version":[{"id":8033,"href":"https:\/\/e-cristians.cat\/es\/wp-json\/wp\/v2\/posts\/8032\/revisions\/8033"}],"wp:featuredmedia":[{"embeddable":true,"href":"https:\/\/e-cristians.cat\/es\/wp-json\/wp\/v2\/media\/8030"}],"wp:attachment":[{"href":"https:\/\/e-cristians.cat\/es\/wp-json\/wp\/v2\/media?parent=8032"}],"wp:term":[{"taxonomy":"category","embeddable":true,"href":"https:\/\/e-cristians.cat\/es\/wp-json\/wp\/v2\/categories?post=8032"},{"taxonomy":"post_tag","embeddable":true,"href":"https:\/\/e-cristians.cat\/es\/wp-json\/wp\/v2\/tags?post=8032"}],"curies":[{"name":"wp","href":"https:\/\/api.w.org\/{rel}","templated":true}]}}