{"id":8229,"date":"2021-05-12T12:10:22","date_gmt":"2021-05-12T10:10:22","guid":{"rendered":"https:\/\/e-cristians.cat\/?p=8229"},"modified":"2021-05-12T12:11:00","modified_gmt":"2021-05-12T10:11:00","slug":"videoconferencia-sobre-educacion-de-los-hijos-en-el-uso-de-las-pantallas","status":"publish","type":"post","link":"https:\/\/e-cristians.cat\/es\/videoconferencia-sobre-educacion-de-los-hijos-en-el-uso-de-las-pantallas\/","title":{"rendered":"Videoconferencia sobre educaci\u00f3n de los hijos en el uso de las pantallas"},"content":{"rendered":"<p>La Plataforma per la Fam\u00edlia Catalunya-ONU os invita a la videoconferencia que han organizado en conmemoraci\u00f3n del d\u00eda internacional de la familia sobre la <strong>educaci\u00f3n de los hijos en el uso de las pantallas<\/strong> que impartir\u00e1 en directo la especialista <strong>Anna Plans <\/strong>y que presentar\u00e1 <strong>Daniel Arasa, <\/strong>el pr\u00f3ximo <strong>lunes 17 de mayo a las 19 h<\/strong>.<\/p>\n<p>Para asistir s\u00f3lo tienes que entrar en el siguiente enlace <a href=\"https:\/\/www.youtube.com\/watch?v=LlP5Z_XBX0A\">https:\/\/www.youtube.com\/watch?v=LlP5Z_XBX0A<\/a><\/p>\n<p>&nbsp;<\/p>\n<p>&nbsp;<\/p>\n","protected":false},"excerpt":{"rendered":"<p>La Plataforma per la Fam\u00edlia Catalunya-ONU os invita a la videoconferencia que han organizado en conmemoraci\u00f3n del d\u00eda internacional de la familia sobre la educaci\u00f3n de los hijos en el uso de las pantallas que impartir\u00e1 en directo la especialista Anna Plans y que presentar\u00e1 Daniel Arasa, el pr\u00f3ximo lunes 17 de mayo a las&#8230;<\/p>\n","protected":false},"author":2,"featured_media":8231,"comment_status":"closed","ping_status":"closed","sticky":false,"template":"","format":"standard","meta":{"_jetpack_memberships_contains_paid_content":false,"footnotes":""},"categories":[33,39],"tags":[],"class_list":["post-8229","post","type-post","status-publish","format-standard","has-post-thumbnail","hentry","category-altres-entitats-informacions-agenda-i-documents-es","category-portada_news-es"],"yoast_head":"<!-- This site is optimized with the Yoast SEO plugin v20.0 - https:\/\/yoast.com\/wordpress\/plugins\/seo\/ -->\n<title>Videoconferencia sobre educaci\u00f3n de los hijos en el uso de las pantallas - e-Cristians<\/title>\n<meta name=\"robots\" content=\"noindex, nofollow\" \/>\n<meta property=\"og:locale\" content=\"es_ES\" \/>\n<meta property=\"og:type\" content=\"article\" \/>\n<meta property=\"og:title\" content=\"Videoconferencia sobre educaci\u00f3n de los hijos en el uso de las pantallas - e-Cristians\" \/>\n<meta property=\"og:description\" content=\"La Plataforma per la Fam\u00edlia Catalunya-ONU os invita a la videoconferencia que han organizado en conmemoraci\u00f3n del d\u00eda internacional de la familia sobre la educaci\u00f3n de los hijos en el uso de las pantallas que impartir\u00e1 en directo la especialista Anna Plans y que presentar\u00e1 Daniel Arasa, el pr\u00f3ximo lunes 17 de mayo a las...\" \/>\n<meta property=\"og:url\" content=\"https:\/\/e-cristians.cat\/es\/videoconferencia-sobre-educacion-de-los-hijos-en-el-uso-de-las-pantallas\/\" \/>\n<meta property=\"og:site_name\" content=\"e-Cristians\" \/>\n<meta property=\"article:published_time\" content=\"2021-05-12T10:10:22+00:00\" \/>\n<meta property=\"article:modified_time\" content=\"2021-05-12T10:11:00+00:00\" \/>\n<meta property=\"og:image\" content=\"https:\/\/e-cristians.cat\/wp-content\/uploads\/2021\/05\/plans.jpg\" \/>\n\t<meta property=\"og:image:width\" content=\"543\" \/>\n\t<meta property=\"og:image:height\" content=\"305\" \/>\n\t<meta property=\"og:image:type\" content=\"image\/jpeg\" \/>\n<meta name=\"author\" content=\"e-Cristians\" \/>\n<meta name=\"twitter:card\" content=\"summary_large_image\" \/>\n<meta name=\"twitter:label1\" content=\"Escrito por\" \/>\n\t<meta name=\"twitter:data1\" content=\"e-Cristians\" \/>\n\t<meta name=\"twitter:label2\" content=\"Tiempo de lectura\" \/>\n\t<meta name=\"twitter:data2\" content=\"1 minuto\" \/>\n<script type=\"application\/ld+json\" class=\"yoast-schema-graph\">{\"@context\":\"https:\/\/schema.org\",\"@graph\":[{\"@type\":\"WebPage\",\"@id\":\"https:\/\/e-cristians.cat\/es\/videoconferencia-sobre-educacion-de-los-hijos-en-el-uso-de-las-pantallas\/\",\"url\":\"https:\/\/e-cristians.cat\/es\/videoconferencia-sobre-educacion-de-los-hijos-en-el-uso-de-las-pantallas\/\",\"name\":\"Videoconferencia sobre educaci\u00f3n de los hijos en el uso de las pantallas - e-Cristians\",\"isPartOf\":{\"@id\":\"https:\/\/e-cristians.cat\/#website\"},\"datePublished\":\"2021-05-12T10:10:22+00:00\",\"dateModified\":\"2021-05-12T10:11:00+00:00\",\"author\":{\"@id\":\"https:\/\/e-cristians.cat\/#\/schema\/person\/f0ec475338e49aaef9c9dc9d9f162861\"},\"breadcrumb\":{\"@id\":\"https:\/\/e-cristians.cat\/es\/videoconferencia-sobre-educacion-de-los-hijos-en-el-uso-de-las-pantallas\/#breadcrumb\"},\"inLanguage\":\"es\",\"potentialAction\":[{\"@type\":\"ReadAction\",\"target\":[\"https:\/\/e-cristians.cat\/es\/videoconferencia-sobre-educacion-de-los-hijos-en-el-uso-de-las-pantallas\/\"]}]},{\"@type\":\"BreadcrumbList\",\"@id\":\"https:\/\/e-cristians.cat\/es\/videoconferencia-sobre-educacion-de-los-hijos-en-el-uso-de-las-pantallas\/#breadcrumb\",\"itemListElement\":[{\"@type\":\"ListItem\",\"position\":1,\"name\":\"Inici\",\"item\":\"https:\/\/e-cristians.cat\/es\/\"},{\"@type\":\"ListItem\",\"position\":2,\"name\":\"Videoconferencia sobre educaci\u00f3n de los hijos en el uso de las pantallas\"}]},{\"@type\":\"WebSite\",\"@id\":\"https:\/\/e-cristians.cat\/#website\",\"url\":\"https:\/\/e-cristians.cat\/\",\"name\":\"e-Cristians\",\"description\":\"\",\"potentialAction\":[{\"@type\":\"SearchAction\",\"target\":{\"@type\":\"EntryPoint\",\"urlTemplate\":\"https:\/\/e-cristians.cat\/?s={search_term_string}\"},\"query-input\":\"required name=search_term_string\"}],\"inLanguage\":\"es\"},{\"@type\":\"Person\",\"@id\":\"https:\/\/e-cristians.cat\/#\/schema\/person\/f0ec475338e49aaef9c9dc9d9f162861\",\"name\":\"e-Cristians\",\"image\":{\"@type\":\"ImageObject\",\"inLanguage\":\"es\",\"@id\":\"https:\/\/e-cristians.cat\/#\/schema\/person\/image\/\",\"url\":\"https:\/\/secure.gravatar.com\/avatar\/14bc9e5b0ca69070f1075ad3efcb33c4?s=96&d=mm&r=g\",\"contentUrl\":\"https:\/\/secure.gravatar.com\/avatar\/14bc9e5b0ca69070f1075ad3efcb33c4?s=96&d=mm&r=g\",\"caption\":\"e-Cristians\"}}]}<\/script>\n<!-- \/ Yoast SEO plugin. -->","yoast_head_json":{"title":"Videoconferencia sobre educaci\u00f3n de los hijos en el uso de las pantallas - e-Cristians","robots":{"index":"noindex","follow":"nofollow"},"og_locale":"es_ES","og_type":"article","og_title":"Videoconferencia sobre educaci\u00f3n de los hijos en el uso de las pantallas - e-Cristians","og_description":"La Plataforma per la Fam\u00edlia Catalunya-ONU os invita a la videoconferencia que han organizado en conmemoraci\u00f3n del d\u00eda internacional de la familia sobre la educaci\u00f3n de los hijos en el uso de las pantallas que impartir\u00e1 en directo la especialista Anna Plans y que presentar\u00e1 Daniel Arasa, el pr\u00f3ximo lunes 17 de mayo a las...","og_url":"https:\/\/e-cristians.cat\/es\/videoconferencia-sobre-educacion-de-los-hijos-en-el-uso-de-las-pantallas\/","og_site_name":"e-Cristians","article_published_time":"2021-05-12T10:10:22+00:00","article_modified_time":"2021-05-12T10:11:00+00:00","og_image":[{"width":543,"height":305,"url":"https:\/\/e-cristians.cat\/wp-content\/uploads\/2021\/05\/plans.jpg","type":"image\/jpeg"}],"author":"e-Cristians","twitter_card":"summary_large_image","twitter_misc":{"Escrito por":"e-Cristians","Tiempo de lectura":"1 minuto"},"schema":{"@context":"https:\/\/schema.org","@graph":[{"@type":"WebPage","@id":"https:\/\/e-cristians.cat\/es\/videoconferencia-sobre-educacion-de-los-hijos-en-el-uso-de-las-pantallas\/","url":"https:\/\/e-cristians.cat\/es\/videoconferencia-sobre-educacion-de-los-hijos-en-el-uso-de-las-pantallas\/","name":"Videoconferencia sobre educaci\u00f3n de los hijos en el uso de las pantallas - e-Cristians","isPartOf":{"@id":"https:\/\/e-cristians.cat\/#website"},"datePublished":"2021-05-12T10:10:22+00:00","dateModified":"2021-05-12T10:11:00+00:00","author":{"@id":"https:\/\/e-cristians.cat\/#\/schema\/person\/f0ec475338e49aaef9c9dc9d9f162861"},"breadcrumb":{"@id":"https:\/\/e-cristians.cat\/es\/videoconferencia-sobre-educacion-de-los-hijos-en-el-uso-de-las-pantallas\/#breadcrumb"},"inLanguage":"es","potentialAction":[{"@type":"ReadAction","target":["https:\/\/e-cristians.cat\/es\/videoconferencia-sobre-educacion-de-los-hijos-en-el-uso-de-las-pantallas\/"]}]},{"@type":"BreadcrumbList","@id":"https:\/\/e-cristians.cat\/es\/videoconferencia-sobre-educacion-de-los-hijos-en-el-uso-de-las-pantallas\/#breadcrumb","itemListElement":[{"@type":"ListItem","position":1,"name":"Inici","item":"https:\/\/e-cristians.cat\/es\/"},{"@type":"ListItem","position":2,"name":"Videoconferencia sobre educaci\u00f3n de los hijos en el uso de las pantallas"}]},{"@type":"WebSite","@id":"https:\/\/e-cristians.cat\/#website","url":"https:\/\/e-cristians.cat\/","name":"e-Cristians","description":"","potentialAction":[{"@type":"SearchAction","target":{"@type":"EntryPoint","urlTemplate":"https:\/\/e-cristians.cat\/?s={search_term_string}"},"query-input":"required name=search_term_string"}],"inLanguage":"es"},{"@type":"Person","@id":"https:\/\/e-cristians.cat\/#\/schema\/person\/f0ec475338e49aaef9c9dc9d9f162861","name":"e-Cristians","image":{"@type":"ImageObject","inLanguage":"es","@id":"https:\/\/e-cristians.cat\/#\/schema\/person\/image\/","url":"https:\/\/secure.gravatar.com\/avatar\/14bc9e5b0ca69070f1075ad3efcb33c4?s=96&d=mm&r=g","contentUrl":"https:\/\/secure.gravatar.com\/avatar\/14bc9e5b0ca69070f1075ad3efcb33c4?s=96&d=mm&r=g","caption":"e-Cristians"}}]}},"jetpack_sharing_enabled":true,"jetpack_featured_media_url":"https:\/\/e-cristians.cat\/wp-content\/uploads\/2021\/05\/plans.jpg","_links":{"self":[{"href":"https:\/\/e-cristians.cat\/es\/wp-json\/wp\/v2\/posts\/8229"}],"collection":[{"href":"https:\/\/e-cristians.cat\/es\/wp-json\/wp\/v2\/posts"}],"about":[{"href":"https:\/\/e-cristians.cat\/es\/wp-json\/wp\/v2\/types\/post"}],"author":[{"embeddable":true,"href":"https:\/\/e-cristians.cat\/es\/wp-json\/wp\/v2\/users\/2"}],"replies":[{"embeddable":true,"href":"https:\/\/e-cristians.cat\/es\/wp-json\/wp\/v2\/comments?post=8229"}],"version-history":[{"count":2,"href":"https:\/\/e-cristians.cat\/es\/wp-json\/wp\/v2\/posts\/8229\/revisions"}],"predecessor-version":[{"id":8234,"href":"https:\/\/e-cristians.cat\/es\/wp-json\/wp\/v2\/posts\/8229\/revisions\/8234"}],"wp:featuredmedia":[{"embeddable":true,"href":"https:\/\/e-cristians.cat\/es\/wp-json\/wp\/v2\/media\/8231"}],"wp:attachment":[{"href":"https:\/\/e-cristians.cat\/es\/wp-json\/wp\/v2\/media?parent=8229"}],"wp:term":[{"taxonomy":"category","embeddable":true,"href":"https:\/\/e-cristians.cat\/es\/wp-json\/wp\/v2\/categories?post=8229"},{"taxonomy":"post_tag","embeddable":true,"href":"https:\/\/e-cristians.cat\/es\/wp-json\/wp\/v2\/tags?post=8229"}],"curies":[{"name":"wp","href":"https:\/\/api.w.org\/{rel}","templated":true}]}}