{"id":8374,"date":"2021-05-13T17:18:37","date_gmt":"2021-05-13T15:18:37","guid":{"rendered":"https:\/\/e-cristians.cat\/?p=8374"},"modified":"2021-05-19T11:52:07","modified_gmt":"2021-05-19T09:52:07","slug":"carta-semanal-de-josep-miro-vamos-a-mas-continuamos-impulsando-la-alternativa-cristiana","status":"publish","type":"post","link":"https:\/\/e-cristians.cat\/es\/carta-semanal-de-josep-miro-vamos-a-mas-continuamos-impulsando-la-alternativa-cristiana\/","title":{"rendered":"Vamos a m\u00e1s. Continuamos impulsando la alternativa cristiana"},"content":{"rendered":"<p>Apreciado amigo\/Apreciada amiga:<\/p>\n<p>En el camino hacia la <a href=\"https:\/\/e-cristians.cat\/es\/carta-semanal-de-josep-miro-no-a-la-eutanasia-toda-vida-importa-avanzamos-hacia-la-asamblea-extraordinaria-abierta\/\" target=\"_blank\" rel=\"noopener\"><strong>Asamblea Extraordinaria<\/strong><\/a>, la Comisi\u00f3n Ejecutiva de e-Cristians ha organizado tres f\u00f3rums y dos grupos de trabajo.<\/p>\n<p>Los <strong>f\u00f3rums<\/strong> y sus organizadores, que son miembros de la Comisi\u00f3n Ejecutiva y del Secretariado, son:<\/p>\n<ul>\n<li><strong>Evangelizaci\u00f3n y misi\u00f3n de los cristianos<\/strong>: Josep Armengol, Antoni Pedragosa y Pablo Gin\u00e9s.<\/li>\n<li><strong>Proyecto cultural cristiano<\/strong>: Dani Lacambra y Jordi Soley.<\/li>\n<li><strong>Acci\u00f3n pol\u00edtica, sujeto, mediaci\u00f3n, intervenci\u00f3n, organizaci\u00f3n: construcci\u00f3n de una voluntad com\u00fan<\/strong>: Dani Lacambra, Diego Vigil y Manuel Silva.<\/li>\n<\/ul>\n<p>Y los <strong>grupos de trabajo<\/strong> y sus organizadores, tambi\u00e9n miembros de la Comisi\u00f3n Ejecutiva y del Secretariado General son:<\/p>\n<ul>\n<li><strong>Juventud<\/strong>: Carles Ros, Josep Subirachs y Marc Mir\u00f3.<\/li>\n<li><strong>Latinoamericanos<\/strong>: Salvador Turu<\/li>\n<\/ul>\n<p>Se est\u00e1 trabajando en un primer documento de diagn\u00f3stico com\u00fan a los tres grupos y de especificaciones relacionadas con cada uno de ellos en concreto. El paso siguiente ser\u00e1 convocar las primeras sesiones de trabajo. Te llamo desde ahora, sin esperar m\u00e1s, que hagas tu inscripci\u00f3n para participar. La Asamblea Extraordinaria debe marcar un salto adelante de los cristianos en nuestro pa\u00eds. Y esto requiere de la oraci\u00f3n, de la esperanza y tambi\u00e9n del trabajo de cada uno. Env\u00edanos un e-mail indicando en qu\u00e9 f\u00f3rum\/grupo de trabajo est\u00e1s interesado participar a\u00a0<a href=\"mailto:secretaria@e-cristians.net\" target=\"_blank\" rel=\"noopener\">secretaria@e-cristians.net<\/a>.<\/p>\n<p>Os recuerdo que est\u00e1 <strong>constituido y funcionando el grupo de trabajo<\/strong> formado por miembros de e-Cristians y de otras entidades y parroquias para afrontar el problema que significa la <strong>ley de la eutanasia en Catalunya<\/strong> en el marco de las actividades de la Asamblea de Asociaciones para la vida, la libertad y la dignidad que estamos llevando a cabo en toda Espa\u00f1a. Por este \u00faltimo motivo me he entrevistado, acompa\u00f1ado de miembros locales de la Asamblea, con los consejeros de sanidad de Andaluc\u00eda y Galicia, con los objetivos principales de minimizar el impacto de esta ley, urgir la generalizaci\u00f3n de los cuidados paliativos, promover la declaraci\u00f3n de \u00faltimas voluntades pidiendo la exclusi\u00f3n de la eutanasia, el acceso pleno a los cuidados paliativos y al acompa\u00f1amiento y asistencia religiosa, y mantener congelado el se\u00f1alamiento que se quiere hacer de los m\u00e9dicos a trav\u00e9s de la lista de objetores.<\/p>\n<p>Una buena noticia en este sentido es que el conjunto de <a href=\"https:\/\/e-cristians.cat\/es\/el-colegio-de-medicos-de-catalunya-se-pronuncia-de-manera-critica-con-la-ley-de-la-eutanasia\/\" target=\"_blank\" rel=\"noopener\"><strong>Colegios de M\u00e9dicos de Catalunya se han pronunciado de manera cr\u00edtica con la ley de la eutanasia<\/strong><\/a>, superando as\u00ed la posici\u00f3n del Colegio de M\u00e9dicos de Barcelona que, con el Dr. Padr\u00f3s al frente, quer\u00eda defenderla a capa y espada.<\/p>\n<p>Finalmente os recuerdo que la pr\u00f3xima semana y en la serie de conferencias <strong>Encuentros en la Merc\u00e8<\/strong> que e-Cristians organiza conjuntamente con la <strong>Bas\u00edlica de la Merc\u00e8. Jordi Soley<\/strong>, un gran conocedor del tema, nos hablar\u00e1 sobre <a href=\"https:\/\/e-cristians.cat\/es\/la-ideologia-de-genero-en-el-ciclo-de-conferencias-encuentros-en-la-merce\/\" target=\"_blank\" rel=\"noopener\"><em><strong>La ideolog\u00eda de g\u00e9nero: una ruptura radical<\/strong><\/em><\/a>. Ser\u00e1 como digo mi\u00e9rcoles <strong>19 de mayo a las 19: 30h.<\/strong><\/p>\n","protected":false},"excerpt":{"rendered":"<p>Apreciado amigo\/Apreciada amiga: En el camino hacia la Asamblea Extraordinaria, la Comisi\u00f3n Ejecutiva de e-Cristians ha organizado tres f\u00f3rums y dos grupos de trabajo. Los f\u00f3rums y sus organizadores, que son miembros de la Comisi\u00f3n Ejecutiva y del Secretariado, son: Evangelizaci\u00f3n y misi\u00f3n de los cristianos: Josep Armengol, Antoni Pedragosa y Pablo Gin\u00e9s. Proyecto cultural&#8230;<\/p>\n","protected":false},"author":2,"featured_media":8372,"comment_status":"closed","ping_status":"closed","sticky":false,"template":"","format":"standard","meta":{"_jetpack_memberships_contains_paid_content":false,"footnotes":""},"categories":[29],"tags":[],"class_list":["post-8374","post","type-post","status-publish","format-standard","has-post-thumbnail","hentry","category-carta-setmanal-de-josep-miro-i-ardevol-es"],"yoast_head":"<!-- This site is optimized with the Yoast SEO plugin v20.0 - https:\/\/yoast.com\/wordpress\/plugins\/seo\/ -->\n<title>Vamos a m\u00e1s. Continuamos impulsando la alternativa cristiana - e-Cristians<\/title>\n<meta name=\"robots\" content=\"noindex, nofollow\" \/>\n<meta property=\"og:locale\" content=\"es_ES\" \/>\n<meta property=\"og:type\" content=\"article\" \/>\n<meta property=\"og:title\" content=\"Vamos a m\u00e1s. Continuamos impulsando la alternativa cristiana - e-Cristians\" \/>\n<meta property=\"og:description\" content=\"Apreciado amigo\/Apreciada amiga: En el camino hacia la Asamblea Extraordinaria, la Comisi\u00f3n Ejecutiva de e-Cristians ha organizado tres f\u00f3rums y dos grupos de trabajo. Los f\u00f3rums y sus organizadores, que son miembros de la Comisi\u00f3n Ejecutiva y del Secretariado, son: Evangelizaci\u00f3n y misi\u00f3n de los cristianos: Josep Armengol, Antoni Pedragosa y Pablo Gin\u00e9s. Proyecto cultural...\" \/>\n<meta property=\"og:url\" content=\"https:\/\/e-cristians.cat\/es\/carta-semanal-de-josep-miro-vamos-a-mas-continuamos-impulsando-la-alternativa-cristiana\/\" \/>\n<meta property=\"og:site_name\" content=\"e-Cristians\" \/>\n<meta property=\"article:published_time\" content=\"2021-05-13T15:18:37+00:00\" \/>\n<meta property=\"article:modified_time\" content=\"2021-05-19T09:52:07+00:00\" \/>\n<meta property=\"og:image\" content=\"https:\/\/e-cristians.cat\/wp-content\/uploads\/2021\/05\/cristianismo-2-655x368-1.jpg\" \/>\n\t<meta property=\"og:image:width\" content=\"655\" \/>\n\t<meta property=\"og:image:height\" content=\"368\" \/>\n\t<meta property=\"og:image:type\" content=\"image\/jpeg\" \/>\n<meta name=\"author\" content=\"e-Cristians\" \/>\n<meta name=\"twitter:card\" content=\"summary_large_image\" \/>\n<meta name=\"twitter:label1\" content=\"Escrito por\" \/>\n\t<meta name=\"twitter:data1\" content=\"e-Cristians\" \/>\n\t<meta name=\"twitter:label2\" content=\"Tiempo de lectura\" \/>\n\t<meta name=\"twitter:data2\" content=\"2 minutos\" \/>\n<script type=\"application\/ld+json\" class=\"yoast-schema-graph\">{\"@context\":\"https:\/\/schema.org\",\"@graph\":[{\"@type\":\"WebPage\",\"@id\":\"https:\/\/e-cristians.cat\/es\/carta-semanal-de-josep-miro-vamos-a-mas-continuamos-impulsando-la-alternativa-cristiana\/\",\"url\":\"https:\/\/e-cristians.cat\/es\/carta-semanal-de-josep-miro-vamos-a-mas-continuamos-impulsando-la-alternativa-cristiana\/\",\"name\":\"Vamos a m\u00e1s. Continuamos impulsando la alternativa cristiana - e-Cristians\",\"isPartOf\":{\"@id\":\"https:\/\/e-cristians.cat\/#website\"},\"datePublished\":\"2021-05-13T15:18:37+00:00\",\"dateModified\":\"2021-05-19T09:52:07+00:00\",\"author\":{\"@id\":\"https:\/\/e-cristians.cat\/#\/schema\/person\/f0ec475338e49aaef9c9dc9d9f162861\"},\"breadcrumb\":{\"@id\":\"https:\/\/e-cristians.cat\/es\/carta-semanal-de-josep-miro-vamos-a-mas-continuamos-impulsando-la-alternativa-cristiana\/#breadcrumb\"},\"inLanguage\":\"es\",\"potentialAction\":[{\"@type\":\"ReadAction\",\"target\":[\"https:\/\/e-cristians.cat\/es\/carta-semanal-de-josep-miro-vamos-a-mas-continuamos-impulsando-la-alternativa-cristiana\/\"]}]},{\"@type\":\"BreadcrumbList\",\"@id\":\"https:\/\/e-cristians.cat\/es\/carta-semanal-de-josep-miro-vamos-a-mas-continuamos-impulsando-la-alternativa-cristiana\/#breadcrumb\",\"itemListElement\":[{\"@type\":\"ListItem\",\"position\":1,\"name\":\"Inici\",\"item\":\"https:\/\/e-cristians.cat\/es\/\"},{\"@type\":\"ListItem\",\"position\":2,\"name\":\"Vamos a m\u00e1s. Continuamos impulsando la alternativa cristiana\"}]},{\"@type\":\"WebSite\",\"@id\":\"https:\/\/e-cristians.cat\/#website\",\"url\":\"https:\/\/e-cristians.cat\/\",\"name\":\"e-Cristians\",\"description\":\"\",\"potentialAction\":[{\"@type\":\"SearchAction\",\"target\":{\"@type\":\"EntryPoint\",\"urlTemplate\":\"https:\/\/e-cristians.cat\/?s={search_term_string}\"},\"query-input\":\"required name=search_term_string\"}],\"inLanguage\":\"es\"},{\"@type\":\"Person\",\"@id\":\"https:\/\/e-cristians.cat\/#\/schema\/person\/f0ec475338e49aaef9c9dc9d9f162861\",\"name\":\"e-Cristians\",\"image\":{\"@type\":\"ImageObject\",\"inLanguage\":\"es\",\"@id\":\"https:\/\/e-cristians.cat\/#\/schema\/person\/image\/\",\"url\":\"https:\/\/secure.gravatar.com\/avatar\/14bc9e5b0ca69070f1075ad3efcb33c4?s=96&d=mm&r=g\",\"contentUrl\":\"https:\/\/secure.gravatar.com\/avatar\/14bc9e5b0ca69070f1075ad3efcb33c4?s=96&d=mm&r=g\",\"caption\":\"e-Cristians\"}}]}<\/script>\n<!-- \/ Yoast SEO plugin. -->","yoast_head_json":{"title":"Vamos a m\u00e1s. Continuamos impulsando la alternativa cristiana - e-Cristians","robots":{"index":"noindex","follow":"nofollow"},"og_locale":"es_ES","og_type":"article","og_title":"Vamos a m\u00e1s. Continuamos impulsando la alternativa cristiana - e-Cristians","og_description":"Apreciado amigo\/Apreciada amiga: En el camino hacia la Asamblea Extraordinaria, la Comisi\u00f3n Ejecutiva de e-Cristians ha organizado tres f\u00f3rums y dos grupos de trabajo. Los f\u00f3rums y sus organizadores, que son miembros de la Comisi\u00f3n Ejecutiva y del Secretariado, son: Evangelizaci\u00f3n y misi\u00f3n de los cristianos: Josep Armengol, Antoni Pedragosa y Pablo Gin\u00e9s. Proyecto cultural...","og_url":"https:\/\/e-cristians.cat\/es\/carta-semanal-de-josep-miro-vamos-a-mas-continuamos-impulsando-la-alternativa-cristiana\/","og_site_name":"e-Cristians","article_published_time":"2021-05-13T15:18:37+00:00","article_modified_time":"2021-05-19T09:52:07+00:00","og_image":[{"width":655,"height":368,"url":"https:\/\/e-cristians.cat\/wp-content\/uploads\/2021\/05\/cristianismo-2-655x368-1.jpg","type":"image\/jpeg"}],"author":"e-Cristians","twitter_card":"summary_large_image","twitter_misc":{"Escrito por":"e-Cristians","Tiempo de lectura":"2 minutos"},"schema":{"@context":"https:\/\/schema.org","@graph":[{"@type":"WebPage","@id":"https:\/\/e-cristians.cat\/es\/carta-semanal-de-josep-miro-vamos-a-mas-continuamos-impulsando-la-alternativa-cristiana\/","url":"https:\/\/e-cristians.cat\/es\/carta-semanal-de-josep-miro-vamos-a-mas-continuamos-impulsando-la-alternativa-cristiana\/","name":"Vamos a m\u00e1s. Continuamos impulsando la alternativa cristiana - e-Cristians","isPartOf":{"@id":"https:\/\/e-cristians.cat\/#website"},"datePublished":"2021-05-13T15:18:37+00:00","dateModified":"2021-05-19T09:52:07+00:00","author":{"@id":"https:\/\/e-cristians.cat\/#\/schema\/person\/f0ec475338e49aaef9c9dc9d9f162861"},"breadcrumb":{"@id":"https:\/\/e-cristians.cat\/es\/carta-semanal-de-josep-miro-vamos-a-mas-continuamos-impulsando-la-alternativa-cristiana\/#breadcrumb"},"inLanguage":"es","potentialAction":[{"@type":"ReadAction","target":["https:\/\/e-cristians.cat\/es\/carta-semanal-de-josep-miro-vamos-a-mas-continuamos-impulsando-la-alternativa-cristiana\/"]}]},{"@type":"BreadcrumbList","@id":"https:\/\/e-cristians.cat\/es\/carta-semanal-de-josep-miro-vamos-a-mas-continuamos-impulsando-la-alternativa-cristiana\/#breadcrumb","itemListElement":[{"@type":"ListItem","position":1,"name":"Inici","item":"https:\/\/e-cristians.cat\/es\/"},{"@type":"ListItem","position":2,"name":"Vamos a m\u00e1s. Continuamos impulsando la alternativa cristiana"}]},{"@type":"WebSite","@id":"https:\/\/e-cristians.cat\/#website","url":"https:\/\/e-cristians.cat\/","name":"e-Cristians","description":"","potentialAction":[{"@type":"SearchAction","target":{"@type":"EntryPoint","urlTemplate":"https:\/\/e-cristians.cat\/?s={search_term_string}"},"query-input":"required name=search_term_string"}],"inLanguage":"es"},{"@type":"Person","@id":"https:\/\/e-cristians.cat\/#\/schema\/person\/f0ec475338e49aaef9c9dc9d9f162861","name":"e-Cristians","image":{"@type":"ImageObject","inLanguage":"es","@id":"https:\/\/e-cristians.cat\/#\/schema\/person\/image\/","url":"https:\/\/secure.gravatar.com\/avatar\/14bc9e5b0ca69070f1075ad3efcb33c4?s=96&d=mm&r=g","contentUrl":"https:\/\/secure.gravatar.com\/avatar\/14bc9e5b0ca69070f1075ad3efcb33c4?s=96&d=mm&r=g","caption":"e-Cristians"}}]}},"jetpack_sharing_enabled":true,"jetpack_featured_media_url":"https:\/\/e-cristians.cat\/wp-content\/uploads\/2021\/05\/cristianismo-2-655x368-1.jpg","_links":{"self":[{"href":"https:\/\/e-cristians.cat\/es\/wp-json\/wp\/v2\/posts\/8374"}],"collection":[{"href":"https:\/\/e-cristians.cat\/es\/wp-json\/wp\/v2\/posts"}],"about":[{"href":"https:\/\/e-cristians.cat\/es\/wp-json\/wp\/v2\/types\/post"}],"author":[{"embeddable":true,"href":"https:\/\/e-cristians.cat\/es\/wp-json\/wp\/v2\/users\/2"}],"replies":[{"embeddable":true,"href":"https:\/\/e-cristians.cat\/es\/wp-json\/wp\/v2\/comments?post=8374"}],"version-history":[{"count":4,"href":"https:\/\/e-cristians.cat\/es\/wp-json\/wp\/v2\/posts\/8374\/revisions"}],"predecessor-version":[{"id":8660,"href":"https:\/\/e-cristians.cat\/es\/wp-json\/wp\/v2\/posts\/8374\/revisions\/8660"}],"wp:featuredmedia":[{"embeddable":true,"href":"https:\/\/e-cristians.cat\/es\/wp-json\/wp\/v2\/media\/8372"}],"wp:attachment":[{"href":"https:\/\/e-cristians.cat\/es\/wp-json\/wp\/v2\/media?parent=8374"}],"wp:term":[{"taxonomy":"category","embeddable":true,"href":"https:\/\/e-cristians.cat\/es\/wp-json\/wp\/v2\/categories?post=8374"},{"taxonomy":"post_tag","embeddable":true,"href":"https:\/\/e-cristians.cat\/es\/wp-json\/wp\/v2\/tags?post=8374"}],"curies":[{"name":"wp","href":"https:\/\/api.w.org\/{rel}","templated":true}]}}