{"id":853,"date":"2020-06-24T15:56:13","date_gmt":"2020-06-24T13:56:13","guid":{"rendered":"https:\/\/e-cristians.cat\/?p=853"},"modified":"2020-06-26T12:03:19","modified_gmt":"2020-06-26T10:03:19","slug":"eutanasia-en-portugal-el-parlamento-pospone-el-debate-despues-de-las-declaraciones-de-los-profesores-de-derecho-publico-y-la-campana-ciudadana-contra-la-eutanasia-en-portugal","status":"publish","type":"post","link":"https:\/\/e-cristians.cat\/es\/eutanasia-en-portugal-el-parlamento-pospone-el-debate-despues-de-las-declaraciones-de-los-profesores-de-derecho-publico-y-la-campana-ciudadana-contra-la-eutanasia-en-portugal\/","title":{"rendered":"El Parlamento portugu\u00e9s pospone el debate despu\u00e9s de las declaraciones de los profesores de derecho p\u00fablico y la campa\u00f1a ciudadana contra la eutanasia"},"content":{"rendered":"<p>El pasado 20 de febrero, cinco propuestas de ley que introducen la eutanasia en Portugal fueron aprobadas en el parlamento portugu\u00e9s.<\/p>\n<p>Algunos d\u00edas antes (el 7 de febrero), la Federaci\u00f3n Pela Vida lanz\u00f3 una campa\u00f1a contra la eutanasia y un refer\u00e9ndum. Luego de la referida votaci\u00f3n, las propuestas de ley fueron enviadas a una comisi\u00f3n parlamentaria para abrir el debate art\u00edculo por art\u00edculo.<\/p>\n<p>La recolecci\u00f3n de firmas para la petici\u00f3n de refer\u00e9ndum reunida el 7 de marzo de 74 mil (el m\u00ednimo es de 60 mil para exigir al parlamento que vote un refer\u00e9ndum [aprobado o no]). Para el 13 de marzo, los portugueses comenzaron el encierro debido al CoVid 19 como todos en el mundo. En ese momento se recogieron 86 mil firmas ese d\u00eda.<\/p>\n<p>Inmediatamente al final del encierro, el parlamento anunci\u00f3 que abrir\u00edan el debate nuevamente. La petici\u00f3n de refer\u00e9ndum finalmente se present\u00f3 el pasado 18 de junio y rindi\u00f3 95 mil firmas.<\/p>\n<p>El lunes 21 se lanz\u00f3 una declaraci\u00f3n de 15 de los profesores universitarios de derecho p\u00fablico m\u00e1s importantes de Portugal, en la que se informa que las propuestas de eutanasia son inconstitucionales. El Doctors Bar (\u00f3rgano que en Portugal tiene poderes para regular la profesi\u00f3n por delegaci\u00f3n del gobierno) inform\u00f3 al parlamento que si se aprueba esta ley, se opondr\u00e1n al derecho constitucional de resistencia y, por lo tanto, no se designar\u00e1 ning\u00fan m\u00e9dico para las comisiones que se supone para decidir sobre cada caso de eutanasia.<\/p>\n<p>El resultado ha sido que el parlamento portugu\u00e9s declar\u00f3 que no habr\u00e1 una votaci\u00f3n antes de agosto y que el debate (y las audiencias que pretend\u00edan evitar) se prolongar\u00e1n al menos hasta septiembre u octubre.<\/p>\n<p>Las organizaciones movilizadas contra esta ley seguir\u00e1n haciendo campa\u00f1a y al mismo tiempo acompa\u00f1ando el debate parlamentario y volviendo a las calles.<\/p>\n<p><a href=\"https:\/\/oneofus.eu\/wp-content\/uploads\/2020\/06\/Joint-declaration-of-public-law-teachers.pdf\">En este enlace puede ver la declaraci\u00f3n<\/a>\u00a0conjunta\u00a0en la p\u00e1gina dos del archivo adjunto (la primera p\u00e1gina es la carta que fue dirigida al presidente del parlamento portugu\u00e9s que env\u00eda el documento).<\/p>\n<p>Estos profesores son 15 de universidades de Portugal, de 21 que comprenden todos los profesores de derecho p\u00fablico que tienen la c\u00e1tedra en sus universidades. Es altamente representativo del pensamiento acad\u00e9mico sobre el derecho constitucional (uno de los signatarios, el Dr. Prof. Jorge Miranda, es de hecho conocido en Portugal como \u00abel padre de la constituci\u00f3n portuguesa\u00bb, ya que era la figura dominante, como parlamentario, cuando la constituci\u00f3n democr\u00e1tica real fue redactada en 1976) y una contribuci\u00f3n importante al debate constitucional y la verificaci\u00f3n en la corte respectiva que seguir\u00e1 a la aprobaci\u00f3n de la ley, si la misma pasa al parlamento.<\/p>\n","protected":false},"excerpt":{"rendered":"<p>El pasado 20 de febrero, cinco propuestas de ley que introducen la eutanasia en Portugal fueron aprobadas en el parlamento portugu\u00e9s. Algunos d\u00edas antes (el 7 de febrero), la Federaci\u00f3n Pela Vida lanz\u00f3 una campa\u00f1a contra la eutanasia y un refer\u00e9ndum. Luego de la referida votaci\u00f3n, las propuestas de ley fueron enviadas a una comisi\u00f3n&#8230;<\/p>\n","protected":false},"author":2,"featured_media":854,"comment_status":"open","ping_status":"open","sticky":false,"template":"","format":"standard","meta":{"_jetpack_memberships_contains_paid_content":false,"footnotes":""},"categories":[33],"tags":[],"class_list":["post-853","post","type-post","status-publish","format-standard","has-post-thumbnail","hentry","category-altres-entitats-informacions-agenda-i-documents-es"],"yoast_head":"<!-- This site is optimized with the Yoast SEO plugin v20.0 - https:\/\/yoast.com\/wordpress\/plugins\/seo\/ -->\n<title>El Parlamento portugu\u00e9s pospone el debate despu\u00e9s de las declaraciones de los profesores de derecho p\u00fablico y la campa\u00f1a ciudadana contra la eutanasia - e-Cristians<\/title>\n<meta name=\"robots\" content=\"index, follow, max-snippet:-1, max-image-preview:large, max-video-preview:-1\" \/>\n<link rel=\"canonical\" href=\"https:\/\/e-cristians.cat\/es\/eutanasia-en-portugal-el-parlamento-pospone-el-debate-despues-de-las-declaraciones-de-los-profesores-de-derecho-publico-y-la-campana-ciudadana-contra-la-eutanasia-en-portugal\/\" \/>\n<meta property=\"og:locale\" content=\"es_ES\" \/>\n<meta property=\"og:type\" content=\"article\" \/>\n<meta property=\"og:title\" content=\"El Parlamento portugu\u00e9s pospone el debate despu\u00e9s de las declaraciones de los profesores de derecho p\u00fablico y la campa\u00f1a ciudadana contra la eutanasia - e-Cristians\" \/>\n<meta property=\"og:description\" content=\"El pasado 20 de febrero, cinco propuestas de ley que introducen la eutanasia en Portugal fueron aprobadas en el parlamento portugu\u00e9s. Algunos d\u00edas antes (el 7 de febrero), la Federaci\u00f3n Pela Vida lanz\u00f3 una campa\u00f1a contra la eutanasia y un refer\u00e9ndum. Luego de la referida votaci\u00f3n, las propuestas de ley fueron enviadas a una comisi\u00f3n...\" \/>\n<meta property=\"og:url\" content=\"https:\/\/e-cristians.cat\/es\/eutanasia-en-portugal-el-parlamento-pospone-el-debate-despues-de-las-declaraciones-de-los-profesores-de-derecho-publico-y-la-campana-ciudadana-contra-la-eutanasia-en-portugal\/\" \/>\n<meta property=\"og:site_name\" content=\"e-Cristians\" \/>\n<meta property=\"article:published_time\" content=\"2020-06-24T13:56:13+00:00\" \/>\n<meta property=\"article:modified_time\" content=\"2020-06-26T10:03:19+00:00\" \/>\n<meta property=\"og:image\" content=\"https:\/\/e-cristians.cat\/wp-content\/uploads\/2020\/06\/eutanasia-portugal-krlH-620x349@abc.jpg\" \/>\n\t<meta property=\"og:image:width\" content=\"470\" \/>\n\t<meta property=\"og:image:height\" content=\"354\" \/>\n\t<meta property=\"og:image:type\" content=\"image\/jpeg\" \/>\n<meta name=\"author\" content=\"e-Cristians\" \/>\n<meta name=\"twitter:card\" content=\"summary_large_image\" \/>\n<meta name=\"twitter:label1\" content=\"Escrito por\" \/>\n\t<meta name=\"twitter:data1\" content=\"e-Cristians\" \/>\n\t<meta name=\"twitter:label2\" content=\"Tiempo de lectura\" \/>\n\t<meta name=\"twitter:data2\" content=\"2 minutos\" \/>\n<script type=\"application\/ld+json\" class=\"yoast-schema-graph\">{\"@context\":\"https:\/\/schema.org\",\"@graph\":[{\"@type\":\"WebPage\",\"@id\":\"https:\/\/e-cristians.cat\/es\/eutanasia-en-portugal-el-parlamento-pospone-el-debate-despues-de-las-declaraciones-de-los-profesores-de-derecho-publico-y-la-campana-ciudadana-contra-la-eutanasia-en-portugal\/\",\"url\":\"https:\/\/e-cristians.cat\/es\/eutanasia-en-portugal-el-parlamento-pospone-el-debate-despues-de-las-declaraciones-de-los-profesores-de-derecho-publico-y-la-campana-ciudadana-contra-la-eutanasia-en-portugal\/\",\"name\":\"El Parlamento portugu\u00e9s pospone el debate despu\u00e9s de las declaraciones de los profesores de derecho p\u00fablico y la campa\u00f1a ciudadana contra la eutanasia - e-Cristians\",\"isPartOf\":{\"@id\":\"https:\/\/e-cristians.cat\/#website\"},\"datePublished\":\"2020-06-24T13:56:13+00:00\",\"dateModified\":\"2020-06-26T10:03:19+00:00\",\"author\":{\"@id\":\"https:\/\/e-cristians.cat\/#\/schema\/person\/f0ec475338e49aaef9c9dc9d9f162861\"},\"breadcrumb\":{\"@id\":\"https:\/\/e-cristians.cat\/es\/eutanasia-en-portugal-el-parlamento-pospone-el-debate-despues-de-las-declaraciones-de-los-profesores-de-derecho-publico-y-la-campana-ciudadana-contra-la-eutanasia-en-portugal\/#breadcrumb\"},\"inLanguage\":\"es\",\"potentialAction\":[{\"@type\":\"ReadAction\",\"target\":[\"https:\/\/e-cristians.cat\/es\/eutanasia-en-portugal-el-parlamento-pospone-el-debate-despues-de-las-declaraciones-de-los-profesores-de-derecho-publico-y-la-campana-ciudadana-contra-la-eutanasia-en-portugal\/\"]}]},{\"@type\":\"BreadcrumbList\",\"@id\":\"https:\/\/e-cristians.cat\/es\/eutanasia-en-portugal-el-parlamento-pospone-el-debate-despues-de-las-declaraciones-de-los-profesores-de-derecho-publico-y-la-campana-ciudadana-contra-la-eutanasia-en-portugal\/#breadcrumb\",\"itemListElement\":[{\"@type\":\"ListItem\",\"position\":1,\"name\":\"Inici\",\"item\":\"https:\/\/e-cristians.cat\/es\/\"},{\"@type\":\"ListItem\",\"position\":2,\"name\":\"El Parlamento portugu\u00e9s pospone el debate despu\u00e9s de las declaraciones de los profesores de derecho p\u00fablico y la campa\u00f1a ciudadana contra la eutanasia\"}]},{\"@type\":\"WebSite\",\"@id\":\"https:\/\/e-cristians.cat\/#website\",\"url\":\"https:\/\/e-cristians.cat\/\",\"name\":\"e-Cristians\",\"description\":\"\",\"potentialAction\":[{\"@type\":\"SearchAction\",\"target\":{\"@type\":\"EntryPoint\",\"urlTemplate\":\"https:\/\/e-cristians.cat\/?s={search_term_string}\"},\"query-input\":\"required name=search_term_string\"}],\"inLanguage\":\"es\"},{\"@type\":\"Person\",\"@id\":\"https:\/\/e-cristians.cat\/#\/schema\/person\/f0ec475338e49aaef9c9dc9d9f162861\",\"name\":\"e-Cristians\",\"image\":{\"@type\":\"ImageObject\",\"inLanguage\":\"es\",\"@id\":\"https:\/\/e-cristians.cat\/#\/schema\/person\/image\/\",\"url\":\"https:\/\/secure.gravatar.com\/avatar\/14bc9e5b0ca69070f1075ad3efcb33c4?s=96&d=mm&r=g\",\"contentUrl\":\"https:\/\/secure.gravatar.com\/avatar\/14bc9e5b0ca69070f1075ad3efcb33c4?s=96&d=mm&r=g\",\"caption\":\"e-Cristians\"}}]}<\/script>\n<!-- \/ Yoast SEO plugin. -->","yoast_head_json":{"title":"El Parlamento portugu\u00e9s pospone el debate despu\u00e9s de las declaraciones de los profesores de derecho p\u00fablico y la campa\u00f1a ciudadana contra la eutanasia - e-Cristians","robots":{"index":"index","follow":"follow","max-snippet":"max-snippet:-1","max-image-preview":"max-image-preview:large","max-video-preview":"max-video-preview:-1"},"canonical":"https:\/\/e-cristians.cat\/es\/eutanasia-en-portugal-el-parlamento-pospone-el-debate-despues-de-las-declaraciones-de-los-profesores-de-derecho-publico-y-la-campana-ciudadana-contra-la-eutanasia-en-portugal\/","og_locale":"es_ES","og_type":"article","og_title":"El Parlamento portugu\u00e9s pospone el debate despu\u00e9s de las declaraciones de los profesores de derecho p\u00fablico y la campa\u00f1a ciudadana contra la eutanasia - e-Cristians","og_description":"El pasado 20 de febrero, cinco propuestas de ley que introducen la eutanasia en Portugal fueron aprobadas en el parlamento portugu\u00e9s. Algunos d\u00edas antes (el 7 de febrero), la Federaci\u00f3n Pela Vida lanz\u00f3 una campa\u00f1a contra la eutanasia y un refer\u00e9ndum. Luego de la referida votaci\u00f3n, las propuestas de ley fueron enviadas a una comisi\u00f3n...","og_url":"https:\/\/e-cristians.cat\/es\/eutanasia-en-portugal-el-parlamento-pospone-el-debate-despues-de-las-declaraciones-de-los-profesores-de-derecho-publico-y-la-campana-ciudadana-contra-la-eutanasia-en-portugal\/","og_site_name":"e-Cristians","article_published_time":"2020-06-24T13:56:13+00:00","article_modified_time":"2020-06-26T10:03:19+00:00","og_image":[{"width":470,"height":354,"url":"https:\/\/e-cristians.cat\/wp-content\/uploads\/2020\/06\/eutanasia-portugal-krlH-620x349@abc.jpg","type":"image\/jpeg"}],"author":"e-Cristians","twitter_card":"summary_large_image","twitter_misc":{"Escrito por":"e-Cristians","Tiempo de lectura":"2 minutos"},"schema":{"@context":"https:\/\/schema.org","@graph":[{"@type":"WebPage","@id":"https:\/\/e-cristians.cat\/es\/eutanasia-en-portugal-el-parlamento-pospone-el-debate-despues-de-las-declaraciones-de-los-profesores-de-derecho-publico-y-la-campana-ciudadana-contra-la-eutanasia-en-portugal\/","url":"https:\/\/e-cristians.cat\/es\/eutanasia-en-portugal-el-parlamento-pospone-el-debate-despues-de-las-declaraciones-de-los-profesores-de-derecho-publico-y-la-campana-ciudadana-contra-la-eutanasia-en-portugal\/","name":"El Parlamento portugu\u00e9s pospone el debate despu\u00e9s de las declaraciones de los profesores de derecho p\u00fablico y la campa\u00f1a ciudadana contra la eutanasia - e-Cristians","isPartOf":{"@id":"https:\/\/e-cristians.cat\/#website"},"datePublished":"2020-06-24T13:56:13+00:00","dateModified":"2020-06-26T10:03:19+00:00","author":{"@id":"https:\/\/e-cristians.cat\/#\/schema\/person\/f0ec475338e49aaef9c9dc9d9f162861"},"breadcrumb":{"@id":"https:\/\/e-cristians.cat\/es\/eutanasia-en-portugal-el-parlamento-pospone-el-debate-despues-de-las-declaraciones-de-los-profesores-de-derecho-publico-y-la-campana-ciudadana-contra-la-eutanasia-en-portugal\/#breadcrumb"},"inLanguage":"es","potentialAction":[{"@type":"ReadAction","target":["https:\/\/e-cristians.cat\/es\/eutanasia-en-portugal-el-parlamento-pospone-el-debate-despues-de-las-declaraciones-de-los-profesores-de-derecho-publico-y-la-campana-ciudadana-contra-la-eutanasia-en-portugal\/"]}]},{"@type":"BreadcrumbList","@id":"https:\/\/e-cristians.cat\/es\/eutanasia-en-portugal-el-parlamento-pospone-el-debate-despues-de-las-declaraciones-de-los-profesores-de-derecho-publico-y-la-campana-ciudadana-contra-la-eutanasia-en-portugal\/#breadcrumb","itemListElement":[{"@type":"ListItem","position":1,"name":"Inici","item":"https:\/\/e-cristians.cat\/es\/"},{"@type":"ListItem","position":2,"name":"El Parlamento portugu\u00e9s pospone el debate despu\u00e9s de las declaraciones de los profesores de derecho p\u00fablico y la campa\u00f1a ciudadana contra la eutanasia"}]},{"@type":"WebSite","@id":"https:\/\/e-cristians.cat\/#website","url":"https:\/\/e-cristians.cat\/","name":"e-Cristians","description":"","potentialAction":[{"@type":"SearchAction","target":{"@type":"EntryPoint","urlTemplate":"https:\/\/e-cristians.cat\/?s={search_term_string}"},"query-input":"required name=search_term_string"}],"inLanguage":"es"},{"@type":"Person","@id":"https:\/\/e-cristians.cat\/#\/schema\/person\/f0ec475338e49aaef9c9dc9d9f162861","name":"e-Cristians","image":{"@type":"ImageObject","inLanguage":"es","@id":"https:\/\/e-cristians.cat\/#\/schema\/person\/image\/","url":"https:\/\/secure.gravatar.com\/avatar\/14bc9e5b0ca69070f1075ad3efcb33c4?s=96&d=mm&r=g","contentUrl":"https:\/\/secure.gravatar.com\/avatar\/14bc9e5b0ca69070f1075ad3efcb33c4?s=96&d=mm&r=g","caption":"e-Cristians"}}]}},"jetpack_sharing_enabled":true,"jetpack_featured_media_url":"https:\/\/e-cristians.cat\/wp-content\/uploads\/2020\/06\/eutanasia-portugal-krlH-620x349@abc.jpg","_links":{"self":[{"href":"https:\/\/e-cristians.cat\/es\/wp-json\/wp\/v2\/posts\/853"}],"collection":[{"href":"https:\/\/e-cristians.cat\/es\/wp-json\/wp\/v2\/posts"}],"about":[{"href":"https:\/\/e-cristians.cat\/es\/wp-json\/wp\/v2\/types\/post"}],"author":[{"embeddable":true,"href":"https:\/\/e-cristians.cat\/es\/wp-json\/wp\/v2\/users\/2"}],"replies":[{"embeddable":true,"href":"https:\/\/e-cristians.cat\/es\/wp-json\/wp\/v2\/comments?post=853"}],"version-history":[{"count":4,"href":"https:\/\/e-cristians.cat\/es\/wp-json\/wp\/v2\/posts\/853\/revisions"}],"predecessor-version":[{"id":864,"href":"https:\/\/e-cristians.cat\/es\/wp-json\/wp\/v2\/posts\/853\/revisions\/864"}],"wp:featuredmedia":[{"embeddable":true,"href":"https:\/\/e-cristians.cat\/es\/wp-json\/wp\/v2\/media\/854"}],"wp:attachment":[{"href":"https:\/\/e-cristians.cat\/es\/wp-json\/wp\/v2\/media?parent=853"}],"wp:term":[{"taxonomy":"category","embeddable":true,"href":"https:\/\/e-cristians.cat\/es\/wp-json\/wp\/v2\/categories?post=853"},{"taxonomy":"post_tag","embeddable":true,"href":"https:\/\/e-cristians.cat\/es\/wp-json\/wp\/v2\/tags?post=853"}],"curies":[{"name":"wp","href":"https:\/\/api.w.org\/{rel}","templated":true}]}}