{"id":8725,"date":"2021-05-20T14:01:11","date_gmt":"2021-05-20T12:01:11","guid":{"rendered":"https:\/\/e-cristians.cat\/?p=8725"},"modified":"2021-05-26T12:03:32","modified_gmt":"2021-05-26T10:03:32","slug":"pide-a-erc-que-de-manera-inmediata-haga-una-rectificacion-completa-y-se-excuse-ante-los-ciudadanos-catolicos-de-este-pais","status":"publish","type":"post","link":"https:\/\/e-cristians.cat\/es\/pide-a-erc-que-de-manera-inmediata-haga-una-rectificacion-completa-y-se-excuse-ante-los-ciudadanos-catolicos-de-este-pais\/","title":{"rendered":"Pide a ERC que de manera inmediata haga una rectificaci\u00f3n completa y se excuse ante los ciudadanos cat\u00f3licos de este pa\u00eds"},"content":{"rendered":"<p>La <a href=\"https:\/\/www.forumlibertas.com\/rufian-se-rie-de-los-catolicos-desde-la-tribuna-del-congreso\/\" target=\"_blank\" rel=\"noopener\">intervenci\u00f3n de esta semana de Gabriel Rufi\u00e1n<\/a>, portavoz de ERC en el Congreso, ha sido un escarnio directo sin paliativos y se dirige directamente a los ciudadanos que comparten la fe cat\u00f3lica. Lo hace, adem\u00e1s, de una manera gratuita porque no ven\u00eda a cuento introducir el elemento religioso en este punto del debate. Y lo hace, adem\u00e1s, desde el lugar de m\u00e1xima relevancia en el discurso: la tribuna del Congreso de Diputados y como portavoz de ERC en el Congreso.<\/p>\n<p><strong>Pide a ERC que de manera inmediata haga una rectificaci\u00f3n completa y se excuse ante los ciudadanos cat\u00f3licos de este pa\u00eds.<\/strong><\/p>\n<p>Te sugerimos un texto para el mensaje que puedes modificar.<\/p>\n<p><em>Recuerda poner tu nombre al final del texto del e-mail.<\/em><\/p>\n<p>&#8211; <strong>Escribe al presidente de la Generalitat, M. Hble. Sr. Pere Aragon\u00e9s <\/strong>\n<div class=\"wpcf7 no-js\" id=\"wpcf7-f8730-o1\" lang=\"ca\" dir=\"ltr\">\n<div class=\"screen-reader-response\"><p role=\"status\" aria-live=\"polite\" aria-atomic=\"true\"><\/p> <ul><\/ul><\/div>\n<form action=\"\/es\/wp-json\/wp\/v2\/posts\/8725#wpcf7-f8730-o1\" method=\"post\" class=\"wpcf7-form init wpcf7-acceptance-as-validation\" aria-label=\"Formulari de contacte\" novalidate=\"novalidate\" data-status=\"init\">\n<div style=\"display: none;\">\n<input type=\"hidden\" name=\"_wpcf7\" value=\"8730\" \/>\n<input type=\"hidden\" name=\"_wpcf7_version\" value=\"5.7.3\" \/>\n<input type=\"hidden\" name=\"_wpcf7_locale\" value=\"ca\" \/>\n<input type=\"hidden\" name=\"_wpcf7_unit_tag\" value=\"wpcf7-f8730-o1\" \/>\n<input type=\"hidden\" name=\"_wpcf7_container_post\" value=\"0\" \/>\n<input type=\"hidden\" name=\"_wpcf7_posted_data_hash\" value=\"\" \/>\n<input type=\"hidden\" name=\"_wpcf7_recaptcha_response\" value=\"\" \/>\n<\/div>\n<p><span class=\"wpcf7-form-control-wrap\" data-name=\"nombre\"><input size=\"40\" class=\"wpcf7-form-control wpcf7-text wpcf7-validates-as-required\" aria-required=\"true\" aria-invalid=\"false\" placeholder=\"Nombre*\" value=\"\" type=\"text\" name=\"nombre\" \/><\/span><br \/>\n<span class=\"wpcf7-form-control-wrap\" data-name=\"apellidos\"><input size=\"40\" class=\"wpcf7-form-control wpcf7-text wpcf7-validates-as-required\" aria-required=\"true\" aria-invalid=\"false\" placeholder=\"Apellidos*\" value=\"\" type=\"text\" name=\"apellidos\" \/><\/span><br \/>\n<span class=\"wpcf7-form-control-wrap\" data-name=\"email\"><input size=\"40\" class=\"wpcf7-form-control wpcf7-text wpcf7-email wpcf7-validates-as-required wpcf7-validates-as-email\" aria-required=\"true\" aria-invalid=\"false\" placeholder=\"Email*\" value=\"\" type=\"email\" name=\"email\" \/><\/span><br \/>\n<span class=\"wpcf7-form-control-wrap\" data-name=\"cp\"><input size=\"40\" class=\"wpcf7-form-control wpcf7-text wpcf7-validates-as-required\" aria-required=\"true\" aria-invalid=\"false\" placeholder=\"C\u00f3digo postal*\" value=\"\" type=\"text\" name=\"cp\" \/><\/span>\n<\/p>\n<p><span class=\"wpcf7-form-control-wrap\" data-name=\"mensaje\"><textarea cols=\"40\" rows=\"10\" class=\"wpcf7-form-control wpcf7-textarea\" aria-invalid=\"false\" name=\"mensaje\">Muy Hble. Sr. Aragon\u00e8s:\\n\\n\n\nAnte la intervenci\u00f3n del Sr. Gabriel Rufi\u00e1n en nombre de ERC en la Tribuna de Oradores del Congreso el pasado 18 de mayo en la que hizo burla de las creencias de los ciudadanos cat\u00f3licos, presentando una parodia de su fe, le pido que ERC haga una rectificaci\u00f3n p\u00fablica y se excuse ante los ciudadanos de este pa\u00eds que comparten la fe cat\u00f3lica. Si no lo hace el inicio de su  mandato quedar\u00e1 marcado por esta manifestaci\u00f3n sectaria, una posibilidad que hay que evitar por el bien de nuestro pa\u00eds. \\n\\n\n\nAtentamente.<\/textarea><\/span>\n<\/p>\n<input class=\"wpcf7-form-control wpcf7-hidden\" value=\"ES\" type=\"hidden\" name=\"idioma\" \/>\n<input class=\"wpcf7-form-control wpcf7-hidden\" value=\"Alertas\" type=\"hidden\" name=\"tipo\" \/>\n<p><span class=\"wpcf7-form-control-wrap\" data-name=\"rgpd-acepto\"><span class=\"wpcf7-form-control wpcf7-acceptance\"><span class=\"wpcf7-list-item\"><label><input type=\"checkbox\" name=\"rgpd-acepto\" value=\"1\" aria-invalid=\"false\" \/><span class=\"wpcf7-list-item-label\">Acepto la <a href=\"https:\/\/e-cristians.cat\/es\/politica-de-privacidad\/\" target=\"_blank\" rel=\"nofollow\">pol\u00edtica de privacidad<\/a><\/span><\/label><\/span><\/span><\/span>\n<\/p>\n<p><input class=\"wpcf7-form-control has-spinner wpcf7-submit\" type=\"submit\" value=\"Env\u00eda\" \/>\n<\/p><p style=\"display: none !important;\" class=\"akismet-fields-container\" data-prefix=\"_wpcf7_ak_\"><label>&#916;<textarea name=\"_wpcf7_ak_hp_textarea\" cols=\"45\" rows=\"8\" maxlength=\"100\"><\/textarea><\/label><input type=\"hidden\" id=\"ak_js_1\" name=\"_wpcf7_ak_js\" value=\"172\"\/><script>document.getElementById( \"ak_js_1\" ).setAttribute( \"value\", ( new Date() ).getTime() );<\/script><\/p><input type='hidden' class='wpcf7-pum' value='{\"closepopup\":false,\"closedelay\":0,\"openpopup\":false,\"openpopup_id\":0}' \/><div class=\"wpcf7-response-output\" aria-hidden=\"true\"><\/div>\n<\/form>\n<\/div>\n\n<p>&#8211; <strong>Escribe al presidente de ERC, Hble. Sr. Oriol Junqueras<\/strong>\u00a0\n<div class=\"wpcf7 no-js\" id=\"wpcf7-f524-o2\" lang=\"ca\" dir=\"ltr\">\n<div class=\"screen-reader-response\"><p role=\"status\" aria-live=\"polite\" aria-atomic=\"true\"><\/p> <ul><\/ul><\/div>\n<form action=\"\/es\/wp-json\/wp\/v2\/posts\/8725#wpcf7-f524-o2\" method=\"post\" class=\"wpcf7-form init wpcf7-acceptance-as-validation\" aria-label=\"Formulari de contacte\" novalidate=\"novalidate\" data-status=\"init\">\n<div style=\"display: none;\">\n<input type=\"hidden\" name=\"_wpcf7\" value=\"524\" \/>\n<input type=\"hidden\" name=\"_wpcf7_version\" value=\"5.7.3\" \/>\n<input type=\"hidden\" name=\"_wpcf7_locale\" value=\"ca\" \/>\n<input type=\"hidden\" name=\"_wpcf7_unit_tag\" value=\"wpcf7-f524-o2\" \/>\n<input type=\"hidden\" name=\"_wpcf7_container_post\" value=\"0\" \/>\n<input type=\"hidden\" name=\"_wpcf7_posted_data_hash\" value=\"\" \/>\n<input type=\"hidden\" name=\"_wpcf7_recaptcha_response\" value=\"\" \/>\n<\/div>\n<p><span class=\"wpcf7-form-control-wrap\" data-name=\"nombre\"><input size=\"40\" class=\"wpcf7-form-control wpcf7-text wpcf7-validates-as-required\" aria-required=\"true\" aria-invalid=\"false\" placeholder=\"Nombre*\" value=\"\" type=\"text\" name=\"nombre\" \/><\/span><br \/>\n<span class=\"wpcf7-form-control-wrap\" data-name=\"apellidos\"><input size=\"40\" class=\"wpcf7-form-control wpcf7-text wpcf7-validates-as-required\" aria-required=\"true\" aria-invalid=\"false\" placeholder=\"Apellidos*\" value=\"\" type=\"text\" name=\"apellidos\" \/><\/span><br \/>\n<span class=\"wpcf7-form-control-wrap\" data-name=\"email\"><input size=\"40\" class=\"wpcf7-form-control wpcf7-text wpcf7-email wpcf7-validates-as-required wpcf7-validates-as-email\" aria-required=\"true\" aria-invalid=\"false\" placeholder=\"Email*\" value=\"\" type=\"email\" name=\"email\" \/><\/span><br \/>\n<span class=\"wpcf7-form-control-wrap\" data-name=\"cp\"><input size=\"40\" class=\"wpcf7-form-control wpcf7-text wpcf7-validates-as-required\" aria-required=\"true\" aria-invalid=\"false\" placeholder=\"C\u00f3digo postal*\" value=\"\" type=\"text\" name=\"cp\" \/><\/span>\n<\/p>\n<p><span class=\"wpcf7-form-control-wrap\" data-name=\"mensaje\"><textarea cols=\"40\" rows=\"10\" class=\"wpcf7-form-control wpcf7-textarea\" aria-invalid=\"false\" name=\"mensaje\">Hble. Sr. Junqueras:\\n\\n\n\nAnte la intervenci\u00f3n del Sr. Gabriel Rufi\u00e1n en nombre de ERC en la Tribuna de Oradores del Congreso el pasado 18 de mayo en la que hizo burla de las creencias de los ciudadanos cat\u00f3licos, presentando una parodia de su fe, le pido que ERC haga una rectificaci\u00f3n p\u00fablica y se excuse ante los ciudadanos de este pa\u00eds que comparten la fe cat\u00f3lica.\\n\\n\n\nAtentamente.<\/textarea><\/span>\n<\/p>\n<input class=\"wpcf7-form-control wpcf7-hidden\" value=\"ES\" type=\"hidden\" name=\"idioma\" \/>\n<input class=\"wpcf7-form-control wpcf7-hidden\" value=\"Alertas\" type=\"hidden\" name=\"tipo\" \/>\n<p><span class=\"wpcf7-form-control-wrap\" data-name=\"rgpd-acepto\"><span class=\"wpcf7-form-control wpcf7-acceptance\"><span class=\"wpcf7-list-item\"><label><input type=\"checkbox\" name=\"rgpd-acepto\" value=\"1\" aria-invalid=\"false\" \/><span class=\"wpcf7-list-item-label\">Acepto la <a href=\"https:\/\/e-cristians.cat\/es\/politica-de-privacidad\/\" target=\"_blank\" rel=\"nofollow\">pol\u00edtica de privacidad<\/a><\/span><\/label><\/span><\/span><\/span>\n<\/p>\n<p><input class=\"wpcf7-form-control has-spinner wpcf7-submit\" type=\"submit\" value=\"Env\u00eda\" \/>\n<\/p><p style=\"display: none !important;\" class=\"akismet-fields-container\" data-prefix=\"_wpcf7_ak_\"><label>&#916;<textarea name=\"_wpcf7_ak_hp_textarea\" cols=\"45\" rows=\"8\" maxlength=\"100\"><\/textarea><\/label><input type=\"hidden\" id=\"ak_js_2\" name=\"_wpcf7_ak_js\" value=\"1\"\/><script>document.getElementById( \"ak_js_2\" ).setAttribute( \"value\", ( new Date() ).getTime() );<\/script><\/p><input type='hidden' class='wpcf7-pum' value='{\"closepopup\":false,\"closedelay\":0,\"openpopup\":false,\"openpopup_id\":0}' \/><div class=\"wpcf7-response-output\" aria-hidden=\"true\"><\/div>\n<\/form>\n<\/div>\n\n","protected":false},"excerpt":{"rendered":"<p>La intervenci\u00f3n de esta semana de Gabriel Rufi\u00e1n, portavoz de ERC en el Congreso, ha sido un escarnio directo sin paliativos y se dirige directamente a los ciudadanos que comparten la fe cat\u00f3lica. Lo hace, adem\u00e1s, de una manera gratuita porque no ven\u00eda a cuento introducir el elemento religioso en este punto del debate. Y&#8230;<\/p>\n","protected":false},"author":2,"featured_media":8720,"comment_status":"closed","ping_status":"closed","sticky":false,"template":"","format":"standard","meta":{"_jetpack_memberships_contains_paid_content":false,"footnotes":""},"categories":[24],"tags":[],"class_list":["post-8725","post","type-post","status-publish","format-standard","has-post-thumbnail","hentry","category-alertes-es"],"yoast_head":"<!-- This site is optimized with the Yoast SEO plugin v20.0 - https:\/\/yoast.com\/wordpress\/plugins\/seo\/ -->\n<title>Pide a ERC que de manera inmediata haga una rectificaci\u00f3n completa y se excuse ante los ciudadanos cat\u00f3licos de este pa\u00eds - e-Cristians<\/title>\n<meta name=\"robots\" content=\"noindex, nofollow\" \/>\n<meta property=\"og:locale\" content=\"es_ES\" \/>\n<meta property=\"og:type\" content=\"article\" \/>\n<meta property=\"og:title\" content=\"Pide a ERC que de manera inmediata haga una rectificaci\u00f3n completa y se excuse ante los ciudadanos cat\u00f3licos de este pa\u00eds - e-Cristians\" \/>\n<meta property=\"og:description\" content=\"La intervenci\u00f3n de esta semana de Gabriel Rufi\u00e1n, portavoz de ERC en el Congreso, ha sido un escarnio directo sin paliativos y se dirige directamente a los ciudadanos que comparten la fe cat\u00f3lica. Lo hace, adem\u00e1s, de una manera gratuita porque no ven\u00eda a cuento introducir el elemento religioso en este punto del debate. Y...\" \/>\n<meta property=\"og:url\" content=\"https:\/\/e-cristians.cat\/es\/pide-a-erc-que-de-manera-inmediata-haga-una-rectificacion-completa-y-se-excuse-ante-los-ciudadanos-catolicos-de-este-pais\/\" \/>\n<meta property=\"og:site_name\" content=\"e-Cristians\" \/>\n<meta property=\"article:published_time\" content=\"2021-05-20T12:01:11+00:00\" \/>\n<meta property=\"article:modified_time\" content=\"2021-05-26T10:03:32+00:00\" \/>\n<meta property=\"og:image\" content=\"https:\/\/e-cristians.cat\/wp-content\/uploads\/2021\/05\/gabriel-rufian-1024x499-1.png\" \/>\n\t<meta property=\"og:image:width\" content=\"1024\" \/>\n\t<meta property=\"og:image:height\" content=\"499\" \/>\n\t<meta property=\"og:image:type\" content=\"image\/png\" \/>\n<meta name=\"author\" content=\"e-Cristians\" \/>\n<meta name=\"twitter:card\" content=\"summary_large_image\" \/>\n<meta name=\"twitter:label1\" content=\"Escrito por\" \/>\n\t<meta name=\"twitter:data1\" content=\"e-Cristians\" \/>\n\t<meta name=\"twitter:label2\" content=\"Tiempo de lectura\" \/>\n\t<meta name=\"twitter:data2\" content=\"1 minuto\" \/>\n<script type=\"application\/ld+json\" class=\"yoast-schema-graph\">{\"@context\":\"https:\/\/schema.org\",\"@graph\":[{\"@type\":\"WebPage\",\"@id\":\"https:\/\/e-cristians.cat\/es\/pide-a-erc-que-de-manera-inmediata-haga-una-rectificacion-completa-y-se-excuse-ante-los-ciudadanos-catolicos-de-este-pais\/\",\"url\":\"https:\/\/e-cristians.cat\/es\/pide-a-erc-que-de-manera-inmediata-haga-una-rectificacion-completa-y-se-excuse-ante-los-ciudadanos-catolicos-de-este-pais\/\",\"name\":\"Pide a ERC que de manera inmediata haga una rectificaci\u00f3n completa y se excuse ante los ciudadanos cat\u00f3licos de este pa\u00eds - e-Cristians\",\"isPartOf\":{\"@id\":\"https:\/\/e-cristians.cat\/#website\"},\"datePublished\":\"2021-05-20T12:01:11+00:00\",\"dateModified\":\"2021-05-26T10:03:32+00:00\",\"author\":{\"@id\":\"https:\/\/e-cristians.cat\/#\/schema\/person\/f0ec475338e49aaef9c9dc9d9f162861\"},\"breadcrumb\":{\"@id\":\"https:\/\/e-cristians.cat\/es\/pide-a-erc-que-de-manera-inmediata-haga-una-rectificacion-completa-y-se-excuse-ante-los-ciudadanos-catolicos-de-este-pais\/#breadcrumb\"},\"inLanguage\":\"es\",\"potentialAction\":[{\"@type\":\"ReadAction\",\"target\":[\"https:\/\/e-cristians.cat\/es\/pide-a-erc-que-de-manera-inmediata-haga-una-rectificacion-completa-y-se-excuse-ante-los-ciudadanos-catolicos-de-este-pais\/\"]}]},{\"@type\":\"BreadcrumbList\",\"@id\":\"https:\/\/e-cristians.cat\/es\/pide-a-erc-que-de-manera-inmediata-haga-una-rectificacion-completa-y-se-excuse-ante-los-ciudadanos-catolicos-de-este-pais\/#breadcrumb\",\"itemListElement\":[{\"@type\":\"ListItem\",\"position\":1,\"name\":\"Inici\",\"item\":\"https:\/\/e-cristians.cat\/es\/\"},{\"@type\":\"ListItem\",\"position\":2,\"name\":\"Pide a ERC que de manera inmediata haga una rectificaci\u00f3n completa y se excuse ante los ciudadanos cat\u00f3licos de este pa\u00eds\"}]},{\"@type\":\"WebSite\",\"@id\":\"https:\/\/e-cristians.cat\/#website\",\"url\":\"https:\/\/e-cristians.cat\/\",\"name\":\"e-Cristians\",\"description\":\"\",\"potentialAction\":[{\"@type\":\"SearchAction\",\"target\":{\"@type\":\"EntryPoint\",\"urlTemplate\":\"https:\/\/e-cristians.cat\/?s={search_term_string}\"},\"query-input\":\"required name=search_term_string\"}],\"inLanguage\":\"es\"},{\"@type\":\"Person\",\"@id\":\"https:\/\/e-cristians.cat\/#\/schema\/person\/f0ec475338e49aaef9c9dc9d9f162861\",\"name\":\"e-Cristians\",\"image\":{\"@type\":\"ImageObject\",\"inLanguage\":\"es\",\"@id\":\"https:\/\/e-cristians.cat\/#\/schema\/person\/image\/\",\"url\":\"https:\/\/secure.gravatar.com\/avatar\/14bc9e5b0ca69070f1075ad3efcb33c4?s=96&d=mm&r=g\",\"contentUrl\":\"https:\/\/secure.gravatar.com\/avatar\/14bc9e5b0ca69070f1075ad3efcb33c4?s=96&d=mm&r=g\",\"caption\":\"e-Cristians\"}}]}<\/script>\n<!-- \/ Yoast SEO plugin. -->","yoast_head_json":{"title":"Pide a ERC que de manera inmediata haga una rectificaci\u00f3n completa y se excuse ante los ciudadanos cat\u00f3licos de este pa\u00eds - e-Cristians","robots":{"index":"noindex","follow":"nofollow"},"og_locale":"es_ES","og_type":"article","og_title":"Pide a ERC que de manera inmediata haga una rectificaci\u00f3n completa y se excuse ante los ciudadanos cat\u00f3licos de este pa\u00eds - e-Cristians","og_description":"La intervenci\u00f3n de esta semana de Gabriel Rufi\u00e1n, portavoz de ERC en el Congreso, ha sido un escarnio directo sin paliativos y se dirige directamente a los ciudadanos que comparten la fe cat\u00f3lica. Lo hace, adem\u00e1s, de una manera gratuita porque no ven\u00eda a cuento introducir el elemento religioso en este punto del debate. Y...","og_url":"https:\/\/e-cristians.cat\/es\/pide-a-erc-que-de-manera-inmediata-haga-una-rectificacion-completa-y-se-excuse-ante-los-ciudadanos-catolicos-de-este-pais\/","og_site_name":"e-Cristians","article_published_time":"2021-05-20T12:01:11+00:00","article_modified_time":"2021-05-26T10:03:32+00:00","og_image":[{"width":1024,"height":499,"url":"https:\/\/e-cristians.cat\/wp-content\/uploads\/2021\/05\/gabriel-rufian-1024x499-1.png","type":"image\/png"}],"author":"e-Cristians","twitter_card":"summary_large_image","twitter_misc":{"Escrito por":"e-Cristians","Tiempo de lectura":"1 minuto"},"schema":{"@context":"https:\/\/schema.org","@graph":[{"@type":"WebPage","@id":"https:\/\/e-cristians.cat\/es\/pide-a-erc-que-de-manera-inmediata-haga-una-rectificacion-completa-y-se-excuse-ante-los-ciudadanos-catolicos-de-este-pais\/","url":"https:\/\/e-cristians.cat\/es\/pide-a-erc-que-de-manera-inmediata-haga-una-rectificacion-completa-y-se-excuse-ante-los-ciudadanos-catolicos-de-este-pais\/","name":"Pide a ERC que de manera inmediata haga una rectificaci\u00f3n completa y se excuse ante los ciudadanos cat\u00f3licos de este pa\u00eds - e-Cristians","isPartOf":{"@id":"https:\/\/e-cristians.cat\/#website"},"datePublished":"2021-05-20T12:01:11+00:00","dateModified":"2021-05-26T10:03:32+00:00","author":{"@id":"https:\/\/e-cristians.cat\/#\/schema\/person\/f0ec475338e49aaef9c9dc9d9f162861"},"breadcrumb":{"@id":"https:\/\/e-cristians.cat\/es\/pide-a-erc-que-de-manera-inmediata-haga-una-rectificacion-completa-y-se-excuse-ante-los-ciudadanos-catolicos-de-este-pais\/#breadcrumb"},"inLanguage":"es","potentialAction":[{"@type":"ReadAction","target":["https:\/\/e-cristians.cat\/es\/pide-a-erc-que-de-manera-inmediata-haga-una-rectificacion-completa-y-se-excuse-ante-los-ciudadanos-catolicos-de-este-pais\/"]}]},{"@type":"BreadcrumbList","@id":"https:\/\/e-cristians.cat\/es\/pide-a-erc-que-de-manera-inmediata-haga-una-rectificacion-completa-y-se-excuse-ante-los-ciudadanos-catolicos-de-este-pais\/#breadcrumb","itemListElement":[{"@type":"ListItem","position":1,"name":"Inici","item":"https:\/\/e-cristians.cat\/es\/"},{"@type":"ListItem","position":2,"name":"Pide a ERC que de manera inmediata haga una rectificaci\u00f3n completa y se excuse ante los ciudadanos cat\u00f3licos de este pa\u00eds"}]},{"@type":"WebSite","@id":"https:\/\/e-cristians.cat\/#website","url":"https:\/\/e-cristians.cat\/","name":"e-Cristians","description":"","potentialAction":[{"@type":"SearchAction","target":{"@type":"EntryPoint","urlTemplate":"https:\/\/e-cristians.cat\/?s={search_term_string}"},"query-input":"required name=search_term_string"}],"inLanguage":"es"},{"@type":"Person","@id":"https:\/\/e-cristians.cat\/#\/schema\/person\/f0ec475338e49aaef9c9dc9d9f162861","name":"e-Cristians","image":{"@type":"ImageObject","inLanguage":"es","@id":"https:\/\/e-cristians.cat\/#\/schema\/person\/image\/","url":"https:\/\/secure.gravatar.com\/avatar\/14bc9e5b0ca69070f1075ad3efcb33c4?s=96&d=mm&r=g","contentUrl":"https:\/\/secure.gravatar.com\/avatar\/14bc9e5b0ca69070f1075ad3efcb33c4?s=96&d=mm&r=g","caption":"e-Cristians"}}]}},"jetpack_sharing_enabled":true,"jetpack_featured_media_url":"https:\/\/e-cristians.cat\/wp-content\/uploads\/2021\/05\/gabriel-rufian-1024x499-1.png","_links":{"self":[{"href":"https:\/\/e-cristians.cat\/es\/wp-json\/wp\/v2\/posts\/8725"}],"collection":[{"href":"https:\/\/e-cristians.cat\/es\/wp-json\/wp\/v2\/posts"}],"about":[{"href":"https:\/\/e-cristians.cat\/es\/wp-json\/wp\/v2\/types\/post"}],"author":[{"embeddable":true,"href":"https:\/\/e-cristians.cat\/es\/wp-json\/wp\/v2\/users\/2"}],"replies":[{"embeddable":true,"href":"https:\/\/e-cristians.cat\/es\/wp-json\/wp\/v2\/comments?post=8725"}],"version-history":[{"count":6,"href":"https:\/\/e-cristians.cat\/es\/wp-json\/wp\/v2\/posts\/8725\/revisions"}],"predecessor-version":[{"id":9536,"href":"https:\/\/e-cristians.cat\/es\/wp-json\/wp\/v2\/posts\/8725\/revisions\/9536"}],"wp:featuredmedia":[{"embeddable":true,"href":"https:\/\/e-cristians.cat\/es\/wp-json\/wp\/v2\/media\/8720"}],"wp:attachment":[{"href":"https:\/\/e-cristians.cat\/es\/wp-json\/wp\/v2\/media?parent=8725"}],"wp:term":[{"taxonomy":"category","embeddable":true,"href":"https:\/\/e-cristians.cat\/es\/wp-json\/wp\/v2\/categories?post=8725"},{"taxonomy":"post_tag","embeddable":true,"href":"https:\/\/e-cristians.cat\/es\/wp-json\/wp\/v2\/tags?post=8725"}],"curies":[{"name":"wp","href":"https:\/\/api.w.org\/{rel}","templated":true}]}}