{"id":878,"date":"2020-06-30T11:32:55","date_gmt":"2020-06-30T09:32:55","guid":{"rendered":"https:\/\/e-cristians.cat\/?p=878"},"modified":"2020-07-02T11:35:28","modified_gmt":"2020-07-02T09:35:28","slug":"evangelizar-y-reforzar-la-conciencia-de-ser-pueblo-de-dios-liberar-el-mundo-sanar-la-tierra-conquistar-el-espacio-i","status":"publish","type":"post","link":"https:\/\/e-cristians.cat\/es\/evangelizar-y-reforzar-la-conciencia-de-ser-pueblo-de-dios-liberar-el-mundo-sanar-la-tierra-conquistar-el-espacio-i\/","title":{"rendered":"Evangelizar y reforzar la conciencia de ser pueblo de Dios, liberar el mundo, sanar la Tierra, conquistar el espacio (I)"},"content":{"rendered":"<p><em>Blog de Josep Mir\u00f3 i Ard\u00e8vol<\/em><\/p>\n<p>Finalizaba mi\u00a0<a href=\"https:\/\/www.forumlibertas.com\/la-premonicion-europea\/\" target=\"_blank\" rel=\"noopener noreferrer\">bloc anterior<\/a>\u00a0pregunt\u00e1ndome sobre cu\u00e1les son estas grandes actividades que la Iglesia reemprende y actualiza y que unen fe y\u00a0<strong>una nueva oleada de civilizaci\u00f3n<\/strong>, y respond\u00eda que pod\u00edan resumirse en cuatro ejes:<\/p>\n<ul>\n<li>Evangelizar y rehacer la conciencia de ser pueblo de Dios<\/li>\n<li>Liberar el mundo<\/li>\n<li>Sanar la Tierra<\/li>\n<li>Conquistar el espacio<\/li>\n<\/ul>\n<p>No sienta extra\u00f1eza ante su enunciado. Es la misma tarea de siempre actualizada a nuestro tiempo. <a href=\"https:\/\/www.forumlibertas.com\/evangelizar-y-reforzar-la-conciencia-de-ser-pueblo-de-dios-liberar-el-mundo-sanar-la-tierra-conquistar-el-espacio-i\/\" target=\"_blank\" rel=\"noopener noreferrer\">Leer m\u00e1s.<\/a><\/p>\n","protected":false},"excerpt":{"rendered":"<p>Blog de Josep Mir\u00f3 i Ard\u00e8vol Finalizaba mi\u00a0bloc anterior\u00a0pregunt\u00e1ndome sobre cu\u00e1les son estas grandes actividades que la Iglesia reemprende y actualiza y que unen fe y\u00a0una nueva oleada de civilizaci\u00f3n, y respond\u00eda que pod\u00edan resumirse en cuatro ejes: Evangelizar y rehacer la conciencia de ser pueblo de Dios Liberar el mundo Sanar la Tierra Conquistar&#8230;<\/p>\n","protected":false},"author":2,"featured_media":876,"comment_status":"open","ping_status":"open","sticky":false,"template":"","format":"standard","meta":{"_jetpack_memberships_contains_paid_content":false,"footnotes":""},"categories":[34,39],"tags":[],"class_list":["post-878","post","type-post","status-publish","format-standard","has-post-thumbnail","hentry","category-editorials-i-blogs-de-forumlibertas-es","category-portada_news-es"],"yoast_head":"<!-- This site is optimized with the Yoast SEO plugin v20.0 - https:\/\/yoast.com\/wordpress\/plugins\/seo\/ -->\n<title>Evangelizar y reforzar la conciencia de ser pueblo de Dios, liberar el mundo, sanar la Tierra, conquistar el espacio (I) - e-Cristians<\/title>\n<meta name=\"robots\" content=\"index, follow, max-snippet:-1, max-image-preview:large, max-video-preview:-1\" \/>\n<link rel=\"canonical\" href=\"https:\/\/e-cristians.cat\/es\/evangelizar-y-reforzar-la-conciencia-de-ser-pueblo-de-dios-liberar-el-mundo-sanar-la-tierra-conquistar-el-espacio-i\/\" \/>\n<meta property=\"og:locale\" content=\"es_ES\" \/>\n<meta property=\"og:type\" content=\"article\" \/>\n<meta property=\"og:title\" content=\"Evangelizar y reforzar la conciencia de ser pueblo de Dios, liberar el mundo, sanar la Tierra, conquistar el espacio (I) - e-Cristians\" \/>\n<meta property=\"og:description\" content=\"Blog de Josep Mir\u00f3 i Ard\u00e8vol Finalizaba mi\u00a0bloc anterior\u00a0pregunt\u00e1ndome sobre cu\u00e1les son estas grandes actividades que la Iglesia reemprende y actualiza y que unen fe y\u00a0una nueva oleada de civilizaci\u00f3n, y respond\u00eda que pod\u00edan resumirse en cuatro ejes: Evangelizar y rehacer la conciencia de ser pueblo de Dios Liberar el mundo Sanar la Tierra Conquistar...\" \/>\n<meta property=\"og:url\" content=\"https:\/\/e-cristians.cat\/es\/evangelizar-y-reforzar-la-conciencia-de-ser-pueblo-de-dios-liberar-el-mundo-sanar-la-tierra-conquistar-el-espacio-i\/\" \/>\n<meta property=\"og:site_name\" content=\"e-Cristians\" \/>\n<meta property=\"article:published_time\" content=\"2020-06-30T09:32:55+00:00\" \/>\n<meta property=\"article:modified_time\" content=\"2020-07-02T09:35:28+00:00\" \/>\n<meta property=\"og:image\" content=\"https:\/\/e-cristians.cat\/wp-content\/uploads\/2020\/07\/pueblo-de-dios.jpg\" \/>\n\t<meta property=\"og:image:width\" content=\"560\" \/>\n\t<meta property=\"og:image:height\" content=\"280\" \/>\n\t<meta property=\"og:image:type\" content=\"image\/jpeg\" \/>\n<meta name=\"author\" content=\"e-Cristians\" \/>\n<meta name=\"twitter:card\" content=\"summary_large_image\" \/>\n<meta name=\"twitter:label1\" content=\"Escrito por\" \/>\n\t<meta name=\"twitter:data1\" content=\"e-Cristians\" \/>\n<script type=\"application\/ld+json\" class=\"yoast-schema-graph\">{\"@context\":\"https:\/\/schema.org\",\"@graph\":[{\"@type\":\"WebPage\",\"@id\":\"https:\/\/e-cristians.cat\/es\/evangelizar-y-reforzar-la-conciencia-de-ser-pueblo-de-dios-liberar-el-mundo-sanar-la-tierra-conquistar-el-espacio-i\/\",\"url\":\"https:\/\/e-cristians.cat\/es\/evangelizar-y-reforzar-la-conciencia-de-ser-pueblo-de-dios-liberar-el-mundo-sanar-la-tierra-conquistar-el-espacio-i\/\",\"name\":\"Evangelizar y reforzar la conciencia de ser pueblo de Dios, liberar el mundo, sanar la Tierra, conquistar el espacio (I) - e-Cristians\",\"isPartOf\":{\"@id\":\"https:\/\/e-cristians.cat\/#website\"},\"datePublished\":\"2020-06-30T09:32:55+00:00\",\"dateModified\":\"2020-07-02T09:35:28+00:00\",\"author\":{\"@id\":\"https:\/\/e-cristians.cat\/#\/schema\/person\/f0ec475338e49aaef9c9dc9d9f162861\"},\"breadcrumb\":{\"@id\":\"https:\/\/e-cristians.cat\/es\/evangelizar-y-reforzar-la-conciencia-de-ser-pueblo-de-dios-liberar-el-mundo-sanar-la-tierra-conquistar-el-espacio-i\/#breadcrumb\"},\"inLanguage\":\"es\",\"potentialAction\":[{\"@type\":\"ReadAction\",\"target\":[\"https:\/\/e-cristians.cat\/es\/evangelizar-y-reforzar-la-conciencia-de-ser-pueblo-de-dios-liberar-el-mundo-sanar-la-tierra-conquistar-el-espacio-i\/\"]}]},{\"@type\":\"BreadcrumbList\",\"@id\":\"https:\/\/e-cristians.cat\/es\/evangelizar-y-reforzar-la-conciencia-de-ser-pueblo-de-dios-liberar-el-mundo-sanar-la-tierra-conquistar-el-espacio-i\/#breadcrumb\",\"itemListElement\":[{\"@type\":\"ListItem\",\"position\":1,\"name\":\"Inici\",\"item\":\"https:\/\/e-cristians.cat\/es\/\"},{\"@type\":\"ListItem\",\"position\":2,\"name\":\"Evangelizar y reforzar la conciencia de ser pueblo de Dios, liberar el mundo, sanar la Tierra, conquistar el espacio (I)\"}]},{\"@type\":\"WebSite\",\"@id\":\"https:\/\/e-cristians.cat\/#website\",\"url\":\"https:\/\/e-cristians.cat\/\",\"name\":\"e-Cristians\",\"description\":\"\",\"potentialAction\":[{\"@type\":\"SearchAction\",\"target\":{\"@type\":\"EntryPoint\",\"urlTemplate\":\"https:\/\/e-cristians.cat\/?s={search_term_string}\"},\"query-input\":\"required name=search_term_string\"}],\"inLanguage\":\"es\"},{\"@type\":\"Person\",\"@id\":\"https:\/\/e-cristians.cat\/#\/schema\/person\/f0ec475338e49aaef9c9dc9d9f162861\",\"name\":\"e-Cristians\",\"image\":{\"@type\":\"ImageObject\",\"inLanguage\":\"es\",\"@id\":\"https:\/\/e-cristians.cat\/#\/schema\/person\/image\/\",\"url\":\"https:\/\/secure.gravatar.com\/avatar\/14bc9e5b0ca69070f1075ad3efcb33c4?s=96&d=mm&r=g\",\"contentUrl\":\"https:\/\/secure.gravatar.com\/avatar\/14bc9e5b0ca69070f1075ad3efcb33c4?s=96&d=mm&r=g\",\"caption\":\"e-Cristians\"}}]}<\/script>\n<!-- \/ Yoast SEO plugin. -->","yoast_head_json":{"title":"Evangelizar y reforzar la conciencia de ser pueblo de Dios, liberar el mundo, sanar la Tierra, conquistar el espacio (I) - e-Cristians","robots":{"index":"index","follow":"follow","max-snippet":"max-snippet:-1","max-image-preview":"max-image-preview:large","max-video-preview":"max-video-preview:-1"},"canonical":"https:\/\/e-cristians.cat\/es\/evangelizar-y-reforzar-la-conciencia-de-ser-pueblo-de-dios-liberar-el-mundo-sanar-la-tierra-conquistar-el-espacio-i\/","og_locale":"es_ES","og_type":"article","og_title":"Evangelizar y reforzar la conciencia de ser pueblo de Dios, liberar el mundo, sanar la Tierra, conquistar el espacio (I) - e-Cristians","og_description":"Blog de Josep Mir\u00f3 i Ard\u00e8vol Finalizaba mi\u00a0bloc anterior\u00a0pregunt\u00e1ndome sobre cu\u00e1les son estas grandes actividades que la Iglesia reemprende y actualiza y que unen fe y\u00a0una nueva oleada de civilizaci\u00f3n, y respond\u00eda que pod\u00edan resumirse en cuatro ejes: Evangelizar y rehacer la conciencia de ser pueblo de Dios Liberar el mundo Sanar la Tierra Conquistar...","og_url":"https:\/\/e-cristians.cat\/es\/evangelizar-y-reforzar-la-conciencia-de-ser-pueblo-de-dios-liberar-el-mundo-sanar-la-tierra-conquistar-el-espacio-i\/","og_site_name":"e-Cristians","article_published_time":"2020-06-30T09:32:55+00:00","article_modified_time":"2020-07-02T09:35:28+00:00","og_image":[{"width":560,"height":280,"url":"https:\/\/e-cristians.cat\/wp-content\/uploads\/2020\/07\/pueblo-de-dios.jpg","type":"image\/jpeg"}],"author":"e-Cristians","twitter_card":"summary_large_image","twitter_misc":{"Escrito por":"e-Cristians"},"schema":{"@context":"https:\/\/schema.org","@graph":[{"@type":"WebPage","@id":"https:\/\/e-cristians.cat\/es\/evangelizar-y-reforzar-la-conciencia-de-ser-pueblo-de-dios-liberar-el-mundo-sanar-la-tierra-conquistar-el-espacio-i\/","url":"https:\/\/e-cristians.cat\/es\/evangelizar-y-reforzar-la-conciencia-de-ser-pueblo-de-dios-liberar-el-mundo-sanar-la-tierra-conquistar-el-espacio-i\/","name":"Evangelizar y reforzar la conciencia de ser pueblo de Dios, liberar el mundo, sanar la Tierra, conquistar el espacio (I) - e-Cristians","isPartOf":{"@id":"https:\/\/e-cristians.cat\/#website"},"datePublished":"2020-06-30T09:32:55+00:00","dateModified":"2020-07-02T09:35:28+00:00","author":{"@id":"https:\/\/e-cristians.cat\/#\/schema\/person\/f0ec475338e49aaef9c9dc9d9f162861"},"breadcrumb":{"@id":"https:\/\/e-cristians.cat\/es\/evangelizar-y-reforzar-la-conciencia-de-ser-pueblo-de-dios-liberar-el-mundo-sanar-la-tierra-conquistar-el-espacio-i\/#breadcrumb"},"inLanguage":"es","potentialAction":[{"@type":"ReadAction","target":["https:\/\/e-cristians.cat\/es\/evangelizar-y-reforzar-la-conciencia-de-ser-pueblo-de-dios-liberar-el-mundo-sanar-la-tierra-conquistar-el-espacio-i\/"]}]},{"@type":"BreadcrumbList","@id":"https:\/\/e-cristians.cat\/es\/evangelizar-y-reforzar-la-conciencia-de-ser-pueblo-de-dios-liberar-el-mundo-sanar-la-tierra-conquistar-el-espacio-i\/#breadcrumb","itemListElement":[{"@type":"ListItem","position":1,"name":"Inici","item":"https:\/\/e-cristians.cat\/es\/"},{"@type":"ListItem","position":2,"name":"Evangelizar y reforzar la conciencia de ser pueblo de Dios, liberar el mundo, sanar la Tierra, conquistar el espacio (I)"}]},{"@type":"WebSite","@id":"https:\/\/e-cristians.cat\/#website","url":"https:\/\/e-cristians.cat\/","name":"e-Cristians","description":"","potentialAction":[{"@type":"SearchAction","target":{"@type":"EntryPoint","urlTemplate":"https:\/\/e-cristians.cat\/?s={search_term_string}"},"query-input":"required name=search_term_string"}],"inLanguage":"es"},{"@type":"Person","@id":"https:\/\/e-cristians.cat\/#\/schema\/person\/f0ec475338e49aaef9c9dc9d9f162861","name":"e-Cristians","image":{"@type":"ImageObject","inLanguage":"es","@id":"https:\/\/e-cristians.cat\/#\/schema\/person\/image\/","url":"https:\/\/secure.gravatar.com\/avatar\/14bc9e5b0ca69070f1075ad3efcb33c4?s=96&d=mm&r=g","contentUrl":"https:\/\/secure.gravatar.com\/avatar\/14bc9e5b0ca69070f1075ad3efcb33c4?s=96&d=mm&r=g","caption":"e-Cristians"}}]}},"jetpack_sharing_enabled":true,"jetpack_featured_media_url":"https:\/\/e-cristians.cat\/wp-content\/uploads\/2020\/07\/pueblo-de-dios.jpg","_links":{"self":[{"href":"https:\/\/e-cristians.cat\/es\/wp-json\/wp\/v2\/posts\/878"}],"collection":[{"href":"https:\/\/e-cristians.cat\/es\/wp-json\/wp\/v2\/posts"}],"about":[{"href":"https:\/\/e-cristians.cat\/es\/wp-json\/wp\/v2\/types\/post"}],"author":[{"embeddable":true,"href":"https:\/\/e-cristians.cat\/es\/wp-json\/wp\/v2\/users\/2"}],"replies":[{"embeddable":true,"href":"https:\/\/e-cristians.cat\/es\/wp-json\/wp\/v2\/comments?post=878"}],"version-history":[{"count":2,"href":"https:\/\/e-cristians.cat\/es\/wp-json\/wp\/v2\/posts\/878\/revisions"}],"predecessor-version":[{"id":880,"href":"https:\/\/e-cristians.cat\/es\/wp-json\/wp\/v2\/posts\/878\/revisions\/880"}],"wp:featuredmedia":[{"embeddable":true,"href":"https:\/\/e-cristians.cat\/es\/wp-json\/wp\/v2\/media\/876"}],"wp:attachment":[{"href":"https:\/\/e-cristians.cat\/es\/wp-json\/wp\/v2\/media?parent=878"}],"wp:term":[{"taxonomy":"category","embeddable":true,"href":"https:\/\/e-cristians.cat\/es\/wp-json\/wp\/v2\/categories?post=878"},{"taxonomy":"post_tag","embeddable":true,"href":"https:\/\/e-cristians.cat\/es\/wp-json\/wp\/v2\/tags?post=878"}],"curies":[{"name":"wp","href":"https:\/\/api.w.org\/{rel}","templated":true}]}}