{"id":88512,"date":"2023-01-11T16:01:40","date_gmt":"2023-01-11T15:01:40","guid":{"rendered":"https:\/\/e-cristians.cat\/?p=88512"},"modified":"2023-01-11T16:01:40","modified_gmt":"2023-01-11T15:01:40","slug":"jornada-sobre-el-programa-coeducat-y-otras-imposiciones-de-la-ideologia-de-genero-en-la-escuela","status":"publish","type":"post","link":"https:\/\/e-cristians.cat\/es\/jornada-sobre-el-programa-coeducat-y-otras-imposiciones-de-la-ideologia-de-genero-en-la-escuela\/","title":{"rendered":"Jornada sobre el programa Coeduca&#8217;t y otras imposiciones de la ideolog\u00eda de g\u00e9nero en la escuela"},"content":{"rendered":"<p>Este s\u00e1bado <strong>14 de enero<\/strong> tendr\u00e1 lugar en el <strong>Teatro Casal de Vilafranca del Pened\u00e8s<\/strong> una <strong>Jornada<\/strong> dedicada a explicar el proyecto <strong>Coeduca&#8217;t y otras imposiciones de la ideolog\u00eda de g\u00e9nero en la escuela<\/strong>. La jornada <strong>tambi\u00e9n se retransmitir\u00e1 online<\/strong>.<\/p>\n<p>Os animamos a asistir y participar a los <strong>docentes y padres y madres de familia cat\u00f3licos<\/strong> o a los que simplemente <strong>no est\u00e9is de acuerdo con el proyecto Coeduca&#8217;t y otras imposiciones de la ideolog\u00eda de g\u00e9nero en la escuela<\/strong>.<\/p>\n<p>En este es el enlace encontrar\u00e1s el programa, la manera de inscribirse y el enlace para asistir on line: <a href=\"http:\/\/consellescolarcat.gencat.cat\/ca\/actuacions\/jornades\/reflexio-2023\/\" target=\"_blank\" rel=\"noopener\">http:\/\/consellescolarcat.gencat.cat\/ca\/actuacions\/jornades\/reflexio-2023\/<\/a><\/p>\n","protected":false},"excerpt":{"rendered":"<p>Este s\u00e1bado 14 de enero tendr\u00e1 lugar en el Teatro Casal de Vilafranca del Pened\u00e8s una Jornada dedicada a explicar el proyecto Coeduca&#8217;t y otras imposiciones de la ideolog\u00eda de g\u00e9nero en la escuela. La jornada tambi\u00e9n se retransmitir\u00e1 online. Os animamos a asistir y participar a los docentes y padres y madres de familia&#8230;<\/p>\n","protected":false},"author":2,"featured_media":88494,"comment_status":"closed","ping_status":"closed","sticky":false,"template":"","format":"standard","meta":{"_jetpack_memberships_contains_paid_content":false,"footnotes":""},"categories":[33,39],"tags":[334],"class_list":["post-88512","post","type-post","status-publish","format-standard","has-post-thumbnail","hentry","category-altres-entitats-informacions-agenda-i-documents-es","category-portada_news-es","tag-educacion-afectivo-sexual"],"yoast_head":"<!-- This site is optimized with the Yoast SEO plugin v20.0 - https:\/\/yoast.com\/wordpress\/plugins\/seo\/ -->\n<title>Jornada sobre el programa Coeduca&#039;t y otras imposiciones de la ideolog\u00eda de g\u00e9nero en la escuela - e-Cristians<\/title>\n<meta name=\"robots\" content=\"noindex, nofollow\" \/>\n<meta property=\"og:locale\" content=\"es_ES\" \/>\n<meta property=\"og:type\" content=\"article\" \/>\n<meta property=\"og:title\" content=\"Jornada sobre el programa Coeduca&#039;t y otras imposiciones de la ideolog\u00eda de g\u00e9nero en la escuela - e-Cristians\" \/>\n<meta property=\"og:description\" content=\"Este s\u00e1bado 14 de enero tendr\u00e1 lugar en el Teatro Casal de Vilafranca del Pened\u00e8s una Jornada dedicada a explicar el proyecto Coeduca&#8217;t y otras imposiciones de la ideolog\u00eda de g\u00e9nero en la escuela. La jornada tambi\u00e9n se retransmitir\u00e1 online. Os animamos a asistir y participar a los docentes y padres y madres de familia...\" \/>\n<meta property=\"og:url\" content=\"https:\/\/e-cristians.cat\/es\/jornada-sobre-el-programa-coeducat-y-otras-imposiciones-de-la-ideologia-de-genero-en-la-escuela\/\" \/>\n<meta property=\"og:site_name\" content=\"e-Cristians\" \/>\n<meta property=\"article:published_time\" content=\"2023-01-11T15:01:40+00:00\" \/>\n<meta property=\"og:image\" content=\"https:\/\/e-cristians.cat\/wp-content\/uploads\/2023\/01\/baixa-1.jpg\" \/>\n\t<meta property=\"og:image:width\" content=\"300\" \/>\n\t<meta property=\"og:image:height\" content=\"168\" \/>\n\t<meta property=\"og:image:type\" content=\"image\/jpeg\" \/>\n<meta name=\"author\" content=\"e-Cristians\" \/>\n<meta name=\"twitter:card\" content=\"summary_large_image\" \/>\n<meta name=\"twitter:label1\" content=\"Escrito por\" \/>\n\t<meta name=\"twitter:data1\" content=\"e-Cristians\" \/>\n\t<meta name=\"twitter:label2\" content=\"Tiempo de lectura\" \/>\n\t<meta name=\"twitter:data2\" content=\"1 minuto\" \/>\n<script type=\"application\/ld+json\" class=\"yoast-schema-graph\">{\"@context\":\"https:\/\/schema.org\",\"@graph\":[{\"@type\":\"WebPage\",\"@id\":\"https:\/\/e-cristians.cat\/es\/jornada-sobre-el-programa-coeducat-y-otras-imposiciones-de-la-ideologia-de-genero-en-la-escuela\/\",\"url\":\"https:\/\/e-cristians.cat\/es\/jornada-sobre-el-programa-coeducat-y-otras-imposiciones-de-la-ideologia-de-genero-en-la-escuela\/\",\"name\":\"Jornada sobre el programa Coeduca't y otras imposiciones de la ideolog\u00eda de g\u00e9nero en la escuela - e-Cristians\",\"isPartOf\":{\"@id\":\"https:\/\/e-cristians.cat\/#website\"},\"datePublished\":\"2023-01-11T15:01:40+00:00\",\"dateModified\":\"2023-01-11T15:01:40+00:00\",\"author\":{\"@id\":\"https:\/\/e-cristians.cat\/#\/schema\/person\/f0ec475338e49aaef9c9dc9d9f162861\"},\"breadcrumb\":{\"@id\":\"https:\/\/e-cristians.cat\/es\/jornada-sobre-el-programa-coeducat-y-otras-imposiciones-de-la-ideologia-de-genero-en-la-escuela\/#breadcrumb\"},\"inLanguage\":\"es\",\"potentialAction\":[{\"@type\":\"ReadAction\",\"target\":[\"https:\/\/e-cristians.cat\/es\/jornada-sobre-el-programa-coeducat-y-otras-imposiciones-de-la-ideologia-de-genero-en-la-escuela\/\"]}]},{\"@type\":\"BreadcrumbList\",\"@id\":\"https:\/\/e-cristians.cat\/es\/jornada-sobre-el-programa-coeducat-y-otras-imposiciones-de-la-ideologia-de-genero-en-la-escuela\/#breadcrumb\",\"itemListElement\":[{\"@type\":\"ListItem\",\"position\":1,\"name\":\"Inici\",\"item\":\"https:\/\/e-cristians.cat\/es\/\"},{\"@type\":\"ListItem\",\"position\":2,\"name\":\"Jornada sobre el programa Coeduca&#8217;t y otras imposiciones de la ideolog\u00eda de g\u00e9nero en la escuela\"}]},{\"@type\":\"WebSite\",\"@id\":\"https:\/\/e-cristians.cat\/#website\",\"url\":\"https:\/\/e-cristians.cat\/\",\"name\":\"e-Cristians\",\"description\":\"\",\"potentialAction\":[{\"@type\":\"SearchAction\",\"target\":{\"@type\":\"EntryPoint\",\"urlTemplate\":\"https:\/\/e-cristians.cat\/?s={search_term_string}\"},\"query-input\":\"required name=search_term_string\"}],\"inLanguage\":\"es\"},{\"@type\":\"Person\",\"@id\":\"https:\/\/e-cristians.cat\/#\/schema\/person\/f0ec475338e49aaef9c9dc9d9f162861\",\"name\":\"e-Cristians\",\"image\":{\"@type\":\"ImageObject\",\"inLanguage\":\"es\",\"@id\":\"https:\/\/e-cristians.cat\/#\/schema\/person\/image\/\",\"url\":\"https:\/\/secure.gravatar.com\/avatar\/14bc9e5b0ca69070f1075ad3efcb33c4?s=96&d=mm&r=g\",\"contentUrl\":\"https:\/\/secure.gravatar.com\/avatar\/14bc9e5b0ca69070f1075ad3efcb33c4?s=96&d=mm&r=g\",\"caption\":\"e-Cristians\"}}]}<\/script>\n<!-- \/ Yoast SEO plugin. -->","yoast_head_json":{"title":"Jornada sobre el programa Coeduca't y otras imposiciones de la ideolog\u00eda de g\u00e9nero en la escuela - e-Cristians","robots":{"index":"noindex","follow":"nofollow"},"og_locale":"es_ES","og_type":"article","og_title":"Jornada sobre el programa Coeduca't y otras imposiciones de la ideolog\u00eda de g\u00e9nero en la escuela - e-Cristians","og_description":"Este s\u00e1bado 14 de enero tendr\u00e1 lugar en el Teatro Casal de Vilafranca del Pened\u00e8s una Jornada dedicada a explicar el proyecto Coeduca&#8217;t y otras imposiciones de la ideolog\u00eda de g\u00e9nero en la escuela. La jornada tambi\u00e9n se retransmitir\u00e1 online. Os animamos a asistir y participar a los docentes y padres y madres de familia...","og_url":"https:\/\/e-cristians.cat\/es\/jornada-sobre-el-programa-coeducat-y-otras-imposiciones-de-la-ideologia-de-genero-en-la-escuela\/","og_site_name":"e-Cristians","article_published_time":"2023-01-11T15:01:40+00:00","og_image":[{"width":300,"height":168,"url":"https:\/\/e-cristians.cat\/wp-content\/uploads\/2023\/01\/baixa-1.jpg","type":"image\/jpeg"}],"author":"e-Cristians","twitter_card":"summary_large_image","twitter_misc":{"Escrito por":"e-Cristians","Tiempo de lectura":"1 minuto"},"schema":{"@context":"https:\/\/schema.org","@graph":[{"@type":"WebPage","@id":"https:\/\/e-cristians.cat\/es\/jornada-sobre-el-programa-coeducat-y-otras-imposiciones-de-la-ideologia-de-genero-en-la-escuela\/","url":"https:\/\/e-cristians.cat\/es\/jornada-sobre-el-programa-coeducat-y-otras-imposiciones-de-la-ideologia-de-genero-en-la-escuela\/","name":"Jornada sobre el programa Coeduca't y otras imposiciones de la ideolog\u00eda de g\u00e9nero en la escuela - e-Cristians","isPartOf":{"@id":"https:\/\/e-cristians.cat\/#website"},"datePublished":"2023-01-11T15:01:40+00:00","dateModified":"2023-01-11T15:01:40+00:00","author":{"@id":"https:\/\/e-cristians.cat\/#\/schema\/person\/f0ec475338e49aaef9c9dc9d9f162861"},"breadcrumb":{"@id":"https:\/\/e-cristians.cat\/es\/jornada-sobre-el-programa-coeducat-y-otras-imposiciones-de-la-ideologia-de-genero-en-la-escuela\/#breadcrumb"},"inLanguage":"es","potentialAction":[{"@type":"ReadAction","target":["https:\/\/e-cristians.cat\/es\/jornada-sobre-el-programa-coeducat-y-otras-imposiciones-de-la-ideologia-de-genero-en-la-escuela\/"]}]},{"@type":"BreadcrumbList","@id":"https:\/\/e-cristians.cat\/es\/jornada-sobre-el-programa-coeducat-y-otras-imposiciones-de-la-ideologia-de-genero-en-la-escuela\/#breadcrumb","itemListElement":[{"@type":"ListItem","position":1,"name":"Inici","item":"https:\/\/e-cristians.cat\/es\/"},{"@type":"ListItem","position":2,"name":"Jornada sobre el programa Coeduca&#8217;t y otras imposiciones de la ideolog\u00eda de g\u00e9nero en la escuela"}]},{"@type":"WebSite","@id":"https:\/\/e-cristians.cat\/#website","url":"https:\/\/e-cristians.cat\/","name":"e-Cristians","description":"","potentialAction":[{"@type":"SearchAction","target":{"@type":"EntryPoint","urlTemplate":"https:\/\/e-cristians.cat\/?s={search_term_string}"},"query-input":"required name=search_term_string"}],"inLanguage":"es"},{"@type":"Person","@id":"https:\/\/e-cristians.cat\/#\/schema\/person\/f0ec475338e49aaef9c9dc9d9f162861","name":"e-Cristians","image":{"@type":"ImageObject","inLanguage":"es","@id":"https:\/\/e-cristians.cat\/#\/schema\/person\/image\/","url":"https:\/\/secure.gravatar.com\/avatar\/14bc9e5b0ca69070f1075ad3efcb33c4?s=96&d=mm&r=g","contentUrl":"https:\/\/secure.gravatar.com\/avatar\/14bc9e5b0ca69070f1075ad3efcb33c4?s=96&d=mm&r=g","caption":"e-Cristians"}}]}},"jetpack_sharing_enabled":true,"jetpack_featured_media_url":"https:\/\/e-cristians.cat\/wp-content\/uploads\/2023\/01\/baixa-1.jpg","_links":{"self":[{"href":"https:\/\/e-cristians.cat\/es\/wp-json\/wp\/v2\/posts\/88512"}],"collection":[{"href":"https:\/\/e-cristians.cat\/es\/wp-json\/wp\/v2\/posts"}],"about":[{"href":"https:\/\/e-cristians.cat\/es\/wp-json\/wp\/v2\/types\/post"}],"author":[{"embeddable":true,"href":"https:\/\/e-cristians.cat\/es\/wp-json\/wp\/v2\/users\/2"}],"replies":[{"embeddable":true,"href":"https:\/\/e-cristians.cat\/es\/wp-json\/wp\/v2\/comments?post=88512"}],"version-history":[{"count":1,"href":"https:\/\/e-cristians.cat\/es\/wp-json\/wp\/v2\/posts\/88512\/revisions"}],"predecessor-version":[{"id":88514,"href":"https:\/\/e-cristians.cat\/es\/wp-json\/wp\/v2\/posts\/88512\/revisions\/88514"}],"wp:featuredmedia":[{"embeddable":true,"href":"https:\/\/e-cristians.cat\/es\/wp-json\/wp\/v2\/media\/88494"}],"wp:attachment":[{"href":"https:\/\/e-cristians.cat\/es\/wp-json\/wp\/v2\/media?parent=88512"}],"wp:term":[{"taxonomy":"category","embeddable":true,"href":"https:\/\/e-cristians.cat\/es\/wp-json\/wp\/v2\/categories?post=88512"},{"taxonomy":"post_tag","embeddable":true,"href":"https:\/\/e-cristians.cat\/es\/wp-json\/wp\/v2\/tags?post=88512"}],"curies":[{"name":"wp","href":"https:\/\/api.w.org\/{rel}","templated":true}]}}