{"id":88765,"date":"2023-01-12T14:06:36","date_gmt":"2023-01-12T13:06:36","guid":{"rendered":"https:\/\/e-cristians.cat\/?p=88765"},"modified":"2023-01-20T11:27:02","modified_gmt":"2023-01-20T10:27:02","slug":"carta-semanal-de-josep-miro-mas-de-100-entidades-se-han-hecho-presentes-en-madrid-para-rechazar-el-proyecto-de-ley-del-aborto-y-promover-la-sociedad-de-la-vida","status":"publish","type":"post","link":"https:\/\/e-cristians.cat\/es\/carta-semanal-de-josep-miro-mas-de-100-entidades-se-han-hecho-presentes-en-madrid-para-rechazar-el-proyecto-de-ley-del-aborto-y-promover-la-sociedad-de-la-vida\/","title":{"rendered":"M\u00e1s de 100 entidades se han hecho presentes en Madrid para rechazar el proyecto de ley del aborto y promover la sociedad de la vida"},"content":{"rendered":"<p>Apreciado amigo\/Apreciada amiga:<\/p>\n<p><a href=\"https:\/\/e-cristians.cat\/es\/la-asamblea-por-la-vida-protesta-contra-la-nueva-ley-del-aborto-en-madrid\/\" target=\"_blank\" rel=\"noopener\">Reunir en un d\u00eda laborable a las 12h. de la ma\u00f1ana cerca de 100 entidades<\/a> de toda Espa\u00f1a para leer una declaraci\u00f3n que argumenta porqu\u00e9 se est\u00e1 en <strong>contra de la ley del aborto<\/strong> que se quiere aprobar, y de otras leyes que se han hecho en contra de la vida, y que hace un llamamiento a la acci\u00f3n para transformar ese estado de cosas, no es algo habitual. Hubo delegaciones, como la procedente de Galicia, que viaj\u00f3 en tren para llegar antes de las 12h. a la cita y que apenas a las 13h. sal\u00eda escopeteada hacia la estaci\u00f3n para tomar un tren de regreso. Una verdadera paliza porque son muchas horas de viaje. Pero este es el esp\u00edritu que progresivamente va cobrando vida en el marco de la Asamblea de Asociaciones por la Vida, Libertad y Dignidad, que ha conseguido una coordinaci\u00f3n generadora de ganas e ilusi\u00f3n entre esta amplia galaxia de asociaciones, grupos, entidades que de una forma u otra defienden la vida y trabajan por su acogida y su dignidad.<\/p>\n<p>Del <strong>manifiesto<\/strong>, que tuve ocasi\u00f3n de leer como coordinador de la Asamblea y que pod\u00e9is encontrar <a href=\"https:\/\/e-cristians.cat\/es\/manifiesto-por-la-vida-contra-las-malas-leyes\/\" target=\"_blank\" rel=\"noopener\">aqu\u00ed<\/a>, quisiera <strong>destacar<\/strong> tres frases:<\/p>\n<p style=\"text-align: center;\"><em>\u00abEst\u00e1 m\u00e1s protegida la cr\u00eda del urogallo que la del ser humano\u00bb<\/em><\/p>\n<p style=\"text-align: center;\"><em>\u00abEn nuestras calles cada vez se ven m\u00e1s perros con abrigo y menos ni\u00f1os\u00bb<\/em><\/p>\n<p style=\"text-align: center;\"><em>\u00abActuar conjuntamente para organizarnos para acabar con ese estado de cosas\u00bb.<\/em><\/p>\n<p>Este acto en Madrid, al igual que la gran <a href=\"https:\/\/e-cristians.cat\/es\/la-fiesta-pro-vida-en-madrid-masiva-reivindicativa-y-necesaria\/\" target=\"_blank\" rel=\"noopener\">manifestaci\u00f3n que se hizo el pasado mes de juni<\/a>o, no es m\u00e1s que el inicio de un camino que pretende, con rigor y trabajo, llegar a transformar realmente las cosas con conciencia de la dificultad, pero tambi\u00e9n con confianza en que la verdad siempre se acaba imponiendo al poder.<\/p>\n<p>En este camino os invito una vez m\u00e1s a participar y os llamo a la colaboraci\u00f3n:<\/p>\n<ul>\n<li>Aquellos que <strong>sois socios<\/strong>, dedicando alg\u00fan tiempo o alguna ayuda econ\u00f3mica, mejorando vuestra cuota, respondiendo positivamente cuando hacemos un llamamiento a financiar alguna acci\u00f3n. Pued\u00e9is hacerlo <a href=\"https:\/\/e-cristians.cat\/es\/haz-una-aportacion\/\" target=\"_blank\" rel=\"noopener\">aqu\u00ed<\/a>.<\/li>\n<li>Y aquellos que todav\u00eda <strong>no sois socios<\/strong>, que elij\u00e1is este momento para tomar la decisi\u00f3n de <a href=\"https:\/\/e-cristians.cat\/es\/hazte-socio\/\" target=\"_blank\" rel=\"noopener\">afiliaros<\/a>.<\/li>\n<\/ul>\n<p>Porque este es un a\u00f1o crucial para dar un empuj\u00f3n que permita empezar a ver la luz al final del t\u00fanel.<\/p>\n<h3>\u00a1\u00a1\u00a1<strong>Res\u00e9rvate<\/strong> ya la ma\u00f1ana del s\u00e1bado <strong>4 de marzo<\/strong> para un importante evento!!!!<\/h3>\n<h3 style=\"text-align: center;\"><strong>Te recuerdo la nueva e interesante sesi\u00f3n del Club de Lectura<\/strong><\/h3>\n<p>D\u00eda: Martes, <strong>17 de enero<\/strong> de 2023<\/p>\n<p>Hora: <strong>19h.<\/strong> (hora espa\u00f1ola)<\/p>\n<p>Libro y autor: <em><strong>Manicomio de verdades<\/strong><\/em>, de <strong>R\u00e9mi Brague<\/strong><\/p>\n<p>Ponente: <strong>Jordi Soley<\/strong><\/p>\n<p>Inscr\u00edbete <a href=\"https:\/\/e-cristians.cat\/es\/17-enero-3a-sesion-del-club-de-lectura-manicomio-de-verdades-de-remi-brague\/\" target=\"_blank\" rel=\"noopener\">aqu\u00ed<\/a>.<\/p>\n","protected":false},"excerpt":{"rendered":"<p>Apreciado amigo\/Apreciada amiga: Reunir en un d\u00eda laborable a las 12h. de la ma\u00f1ana cerca de 100 entidades de toda Espa\u00f1a para leer una declaraci\u00f3n que argumenta porqu\u00e9 se est\u00e1 en contra de la ley del aborto que se quiere aprobar, y de otras leyes que se han hecho en contra de la vida, y&#8230;<\/p>\n","protected":false},"author":2,"featured_media":88787,"comment_status":"closed","ping_status":"closed","sticky":false,"template":"","format":"standard","meta":{"_jetpack_memberships_contains_paid_content":false,"footnotes":""},"categories":[29],"tags":[62,308],"class_list":["post-88765","post","type-post","status-publish","format-standard","has-post-thumbnail","hentry","category-carta-setmanal-de-josep-miro-i-ardevol-es","tag-aborto","tag-club-de-lectura"],"yoast_head":"<!-- This site is optimized with the Yoast SEO plugin v20.0 - https:\/\/yoast.com\/wordpress\/plugins\/seo\/ -->\n<title>M\u00e1s de 100 entidades rechazan la ley del aborto en Madrid<\/title>\n<meta name=\"description\" content=\"Reunir en un d\u00eda laborable a las 12h. cerca de 100 entidades para leer una declaraci\u00f3n que argumenta porqu\u00e9 se est\u00e1 en contra el aborto\" \/>\n<meta name=\"robots\" content=\"index, follow, max-snippet:-1, max-image-preview:large, max-video-preview:-1\" \/>\n<link rel=\"canonical\" href=\"https:\/\/e-cristians.cat\/es\/carta-semanal-de-josep-miro-mas-de-100-entidades-se-han-hecho-presentes-en-madrid-para-rechazar-el-proyecto-de-ley-del-aborto-y-promover-la-sociedad-de-la-vida\/\" \/>\n<meta property=\"og:locale\" content=\"es_ES\" \/>\n<meta property=\"og:type\" content=\"article\" \/>\n<meta property=\"og:title\" content=\"M\u00e1s de 100 entidades rechazan la ley del aborto en Madrid\" \/>\n<meta property=\"og:description\" content=\"Reunir en un d\u00eda laborable a las 12h. cerca de 100 entidades para leer una declaraci\u00f3n que argumenta porqu\u00e9 se est\u00e1 en contra el aborto\" \/>\n<meta property=\"og:url\" content=\"https:\/\/e-cristians.cat\/es\/carta-semanal-de-josep-miro-mas-de-100-entidades-se-han-hecho-presentes-en-madrid-para-rechazar-el-proyecto-de-ley-del-aborto-y-promover-la-sociedad-de-la-vida\/\" \/>\n<meta property=\"og:site_name\" content=\"e-Cristians\" \/>\n<meta property=\"article:published_time\" content=\"2023-01-12T13:06:36+00:00\" \/>\n<meta property=\"article:modified_time\" content=\"2023-01-20T10:27:02+00:00\" \/>\n<meta property=\"og:image\" content=\"https:\/\/e-cristians.cat\/wp-content\/uploads\/2023\/01\/josep_miro_por_la_vida_habla_1200-1.jpg\" \/>\n\t<meta property=\"og:image:width\" content=\"990\" \/>\n\t<meta property=\"og:image:height\" content=\"777\" \/>\n\t<meta property=\"og:image:type\" content=\"image\/jpeg\" \/>\n<meta name=\"author\" content=\"e-Cristians\" \/>\n<meta name=\"twitter:card\" content=\"summary_large_image\" \/>\n<meta name=\"twitter:label1\" content=\"Escrito por\" \/>\n\t<meta name=\"twitter:data1\" content=\"e-Cristians\" \/>\n\t<meta name=\"twitter:label2\" content=\"Tiempo de lectura\" \/>\n\t<meta name=\"twitter:data2\" content=\"3 minutos\" \/>\n<script type=\"application\/ld+json\" class=\"yoast-schema-graph\">{\"@context\":\"https:\/\/schema.org\",\"@graph\":[{\"@type\":\"WebPage\",\"@id\":\"https:\/\/e-cristians.cat\/es\/carta-semanal-de-josep-miro-mas-de-100-entidades-se-han-hecho-presentes-en-madrid-para-rechazar-el-proyecto-de-ley-del-aborto-y-promover-la-sociedad-de-la-vida\/\",\"url\":\"https:\/\/e-cristians.cat\/es\/carta-semanal-de-josep-miro-mas-de-100-entidades-se-han-hecho-presentes-en-madrid-para-rechazar-el-proyecto-de-ley-del-aborto-y-promover-la-sociedad-de-la-vida\/\",\"name\":\"M\u00e1s de 100 entidades rechazan la ley del aborto en Madrid\",\"isPartOf\":{\"@id\":\"https:\/\/e-cristians.cat\/#website\"},\"datePublished\":\"2023-01-12T13:06:36+00:00\",\"dateModified\":\"2023-01-20T10:27:02+00:00\",\"author\":{\"@id\":\"https:\/\/e-cristians.cat\/#\/schema\/person\/f0ec475338e49aaef9c9dc9d9f162861\"},\"description\":\"Reunir en un d\u00eda laborable a las 12h. cerca de 100 entidades para leer una declaraci\u00f3n que argumenta porqu\u00e9 se est\u00e1 en contra el aborto\",\"breadcrumb\":{\"@id\":\"https:\/\/e-cristians.cat\/es\/carta-semanal-de-josep-miro-mas-de-100-entidades-se-han-hecho-presentes-en-madrid-para-rechazar-el-proyecto-de-ley-del-aborto-y-promover-la-sociedad-de-la-vida\/#breadcrumb\"},\"inLanguage\":\"es\",\"potentialAction\":[{\"@type\":\"ReadAction\",\"target\":[\"https:\/\/e-cristians.cat\/es\/carta-semanal-de-josep-miro-mas-de-100-entidades-se-han-hecho-presentes-en-madrid-para-rechazar-el-proyecto-de-ley-del-aborto-y-promover-la-sociedad-de-la-vida\/\"]}]},{\"@type\":\"BreadcrumbList\",\"@id\":\"https:\/\/e-cristians.cat\/es\/carta-semanal-de-josep-miro-mas-de-100-entidades-se-han-hecho-presentes-en-madrid-para-rechazar-el-proyecto-de-ley-del-aborto-y-promover-la-sociedad-de-la-vida\/#breadcrumb\",\"itemListElement\":[{\"@type\":\"ListItem\",\"position\":1,\"name\":\"Inici\",\"item\":\"https:\/\/e-cristians.cat\/es\/\"},{\"@type\":\"ListItem\",\"position\":2,\"name\":\"M\u00e1s de 100 entidades se han hecho presentes en Madrid para rechazar el proyecto de ley del aborto y promover la sociedad de la vida\"}]},{\"@type\":\"WebSite\",\"@id\":\"https:\/\/e-cristians.cat\/#website\",\"url\":\"https:\/\/e-cristians.cat\/\",\"name\":\"e-Cristians\",\"description\":\"\",\"potentialAction\":[{\"@type\":\"SearchAction\",\"target\":{\"@type\":\"EntryPoint\",\"urlTemplate\":\"https:\/\/e-cristians.cat\/?s={search_term_string}\"},\"query-input\":\"required name=search_term_string\"}],\"inLanguage\":\"es\"},{\"@type\":\"Person\",\"@id\":\"https:\/\/e-cristians.cat\/#\/schema\/person\/f0ec475338e49aaef9c9dc9d9f162861\",\"name\":\"e-Cristians\",\"image\":{\"@type\":\"ImageObject\",\"inLanguage\":\"es\",\"@id\":\"https:\/\/e-cristians.cat\/#\/schema\/person\/image\/\",\"url\":\"https:\/\/secure.gravatar.com\/avatar\/14bc9e5b0ca69070f1075ad3efcb33c4?s=96&d=mm&r=g\",\"contentUrl\":\"https:\/\/secure.gravatar.com\/avatar\/14bc9e5b0ca69070f1075ad3efcb33c4?s=96&d=mm&r=g\",\"caption\":\"e-Cristians\"}}]}<\/script>\n<!-- \/ Yoast SEO plugin. -->","yoast_head_json":{"title":"M\u00e1s de 100 entidades rechazan la ley del aborto en Madrid","description":"Reunir en un d\u00eda laborable a las 12h. cerca de 100 entidades para leer una declaraci\u00f3n que argumenta porqu\u00e9 se est\u00e1 en contra el aborto","robots":{"index":"index","follow":"follow","max-snippet":"max-snippet:-1","max-image-preview":"max-image-preview:large","max-video-preview":"max-video-preview:-1"},"canonical":"https:\/\/e-cristians.cat\/es\/carta-semanal-de-josep-miro-mas-de-100-entidades-se-han-hecho-presentes-en-madrid-para-rechazar-el-proyecto-de-ley-del-aborto-y-promover-la-sociedad-de-la-vida\/","og_locale":"es_ES","og_type":"article","og_title":"M\u00e1s de 100 entidades rechazan la ley del aborto en Madrid","og_description":"Reunir en un d\u00eda laborable a las 12h. cerca de 100 entidades para leer una declaraci\u00f3n que argumenta porqu\u00e9 se est\u00e1 en contra el aborto","og_url":"https:\/\/e-cristians.cat\/es\/carta-semanal-de-josep-miro-mas-de-100-entidades-se-han-hecho-presentes-en-madrid-para-rechazar-el-proyecto-de-ley-del-aborto-y-promover-la-sociedad-de-la-vida\/","og_site_name":"e-Cristians","article_published_time":"2023-01-12T13:06:36+00:00","article_modified_time":"2023-01-20T10:27:02+00:00","og_image":[{"width":990,"height":777,"url":"https:\/\/e-cristians.cat\/wp-content\/uploads\/2023\/01\/josep_miro_por_la_vida_habla_1200-1.jpg","type":"image\/jpeg"}],"author":"e-Cristians","twitter_card":"summary_large_image","twitter_misc":{"Escrito por":"e-Cristians","Tiempo de lectura":"3 minutos"},"schema":{"@context":"https:\/\/schema.org","@graph":[{"@type":"WebPage","@id":"https:\/\/e-cristians.cat\/es\/carta-semanal-de-josep-miro-mas-de-100-entidades-se-han-hecho-presentes-en-madrid-para-rechazar-el-proyecto-de-ley-del-aborto-y-promover-la-sociedad-de-la-vida\/","url":"https:\/\/e-cristians.cat\/es\/carta-semanal-de-josep-miro-mas-de-100-entidades-se-han-hecho-presentes-en-madrid-para-rechazar-el-proyecto-de-ley-del-aborto-y-promover-la-sociedad-de-la-vida\/","name":"M\u00e1s de 100 entidades rechazan la ley del aborto en Madrid","isPartOf":{"@id":"https:\/\/e-cristians.cat\/#website"},"datePublished":"2023-01-12T13:06:36+00:00","dateModified":"2023-01-20T10:27:02+00:00","author":{"@id":"https:\/\/e-cristians.cat\/#\/schema\/person\/f0ec475338e49aaef9c9dc9d9f162861"},"description":"Reunir en un d\u00eda laborable a las 12h. cerca de 100 entidades para leer una declaraci\u00f3n que argumenta porqu\u00e9 se est\u00e1 en contra el aborto","breadcrumb":{"@id":"https:\/\/e-cristians.cat\/es\/carta-semanal-de-josep-miro-mas-de-100-entidades-se-han-hecho-presentes-en-madrid-para-rechazar-el-proyecto-de-ley-del-aborto-y-promover-la-sociedad-de-la-vida\/#breadcrumb"},"inLanguage":"es","potentialAction":[{"@type":"ReadAction","target":["https:\/\/e-cristians.cat\/es\/carta-semanal-de-josep-miro-mas-de-100-entidades-se-han-hecho-presentes-en-madrid-para-rechazar-el-proyecto-de-ley-del-aborto-y-promover-la-sociedad-de-la-vida\/"]}]},{"@type":"BreadcrumbList","@id":"https:\/\/e-cristians.cat\/es\/carta-semanal-de-josep-miro-mas-de-100-entidades-se-han-hecho-presentes-en-madrid-para-rechazar-el-proyecto-de-ley-del-aborto-y-promover-la-sociedad-de-la-vida\/#breadcrumb","itemListElement":[{"@type":"ListItem","position":1,"name":"Inici","item":"https:\/\/e-cristians.cat\/es\/"},{"@type":"ListItem","position":2,"name":"M\u00e1s de 100 entidades se han hecho presentes en Madrid para rechazar el proyecto de ley del aborto y promover la sociedad de la vida"}]},{"@type":"WebSite","@id":"https:\/\/e-cristians.cat\/#website","url":"https:\/\/e-cristians.cat\/","name":"e-Cristians","description":"","potentialAction":[{"@type":"SearchAction","target":{"@type":"EntryPoint","urlTemplate":"https:\/\/e-cristians.cat\/?s={search_term_string}"},"query-input":"required name=search_term_string"}],"inLanguage":"es"},{"@type":"Person","@id":"https:\/\/e-cristians.cat\/#\/schema\/person\/f0ec475338e49aaef9c9dc9d9f162861","name":"e-Cristians","image":{"@type":"ImageObject","inLanguage":"es","@id":"https:\/\/e-cristians.cat\/#\/schema\/person\/image\/","url":"https:\/\/secure.gravatar.com\/avatar\/14bc9e5b0ca69070f1075ad3efcb33c4?s=96&d=mm&r=g","contentUrl":"https:\/\/secure.gravatar.com\/avatar\/14bc9e5b0ca69070f1075ad3efcb33c4?s=96&d=mm&r=g","caption":"e-Cristians"}}]}},"jetpack_sharing_enabled":true,"jetpack_featured_media_url":"https:\/\/e-cristians.cat\/wp-content\/uploads\/2023\/01\/josep_miro_por_la_vida_habla_1200-1.jpg","_links":{"self":[{"href":"https:\/\/e-cristians.cat\/es\/wp-json\/wp\/v2\/posts\/88765"}],"collection":[{"href":"https:\/\/e-cristians.cat\/es\/wp-json\/wp\/v2\/posts"}],"about":[{"href":"https:\/\/e-cristians.cat\/es\/wp-json\/wp\/v2\/types\/post"}],"author":[{"embeddable":true,"href":"https:\/\/e-cristians.cat\/es\/wp-json\/wp\/v2\/users\/2"}],"replies":[{"embeddable":true,"href":"https:\/\/e-cristians.cat\/es\/wp-json\/wp\/v2\/comments?post=88765"}],"version-history":[{"count":2,"href":"https:\/\/e-cristians.cat\/es\/wp-json\/wp\/v2\/posts\/88765\/revisions"}],"predecessor-version":[{"id":90133,"href":"https:\/\/e-cristians.cat\/es\/wp-json\/wp\/v2\/posts\/88765\/revisions\/90133"}],"wp:featuredmedia":[{"embeddable":true,"href":"https:\/\/e-cristians.cat\/es\/wp-json\/wp\/v2\/media\/88787"}],"wp:attachment":[{"href":"https:\/\/e-cristians.cat\/es\/wp-json\/wp\/v2\/media?parent=88765"}],"wp:term":[{"taxonomy":"category","embeddable":true,"href":"https:\/\/e-cristians.cat\/es\/wp-json\/wp\/v2\/categories?post=88765"},{"taxonomy":"post_tag","embeddable":true,"href":"https:\/\/e-cristians.cat\/es\/wp-json\/wp\/v2\/tags?post=88765"}],"curies":[{"name":"wp","href":"https:\/\/api.w.org\/{rel}","templated":true}]}}