{"id":91026,"date":"2023-01-26T17:37:35","date_gmt":"2023-01-26T16:37:35","guid":{"rendered":"https:\/\/e-cristians.cat\/?p=91026"},"modified":"2023-01-26T17:37:53","modified_gmt":"2023-01-26T16:37:53","slug":"video-catalan-el-sinodo-aleman-visto-desde-alli-conversacion-con-mn-ferran-jarabo","status":"publish","type":"post","link":"https:\/\/e-cristians.cat\/es\/video-catalan-el-sinodo-aleman-visto-desde-alli-conversacion-con-mn-ferran-jarabo\/","title":{"rendered":"V\u00eddeo (catal\u00e1n).- El s\u00ednodo alem\u00e1n visto desde all\u00ed: Conversaci\u00f3n con Mn. Ferran Jarabo"},"content":{"rendered":"<p>Mos\u00e9n Ferran Jarabo Carbonell es un sacerdote de la Di\u00f3cesis de Girona que lleva a\u00f1os ejerciendo su ministerio en Alemania.<\/p>\n<p>Actualmente es el delegado de las misiones cat\u00f3licas de lengua espa\u00f1ola en toda Alemania, que en cada di\u00f3cesis est\u00e1n al servicio de los fieles de esta lengua que viven en ese pa\u00eds.<\/p>\n<p>Mn. Fernando, primero hace un repaso del camino sinodal alem\u00e1n, y despu\u00e9s lanza un mensaje de esperanza ya que muchos sacerdotes y fieles alemanes mantienen su plena comuni\u00f3n con la Iglesia cat\u00f3lica.<\/p>\n<p><iframe title=\"El s\u00ednode alemany vist des d&#039;all\u00e0: Conversa amb Mn. Ferran Jarabo\" width=\"640\" height=\"360\" data-src=\"https:\/\/www.youtube.com\/embed\/1DS9lTZKBts?feature=oembed\" frameborder=\"0\" allow=\"accelerometer; autoplay; clipboard-write; encrypted-media; gyroscope; picture-in-picture; web-share\" allowfullscreen src=\"data:image\/svg+xml;base64,PHN2ZyB3aWR0aD0iMSIgaGVpZ2h0PSIxIiB4bWxucz0iaHR0cDovL3d3dy53My5vcmcvMjAwMC9zdmciPjwvc3ZnPg==\" class=\"lazyload\" data-load-mode=\"1\"><\/iframe><\/p>\n","protected":false},"excerpt":{"rendered":"<p>Mos\u00e9n Ferran Jarabo Carbonell es un sacerdote de la Di\u00f3cesis de Girona que lleva a\u00f1os ejerciendo su ministerio en Alemania. Actualmente es el delegado de las misiones cat\u00f3licas de lengua espa\u00f1ola en toda Alemania, que en cada di\u00f3cesis est\u00e1n al servicio de los fieles de esta lengua que viven en ese pa\u00eds. Mn. Fernando, primero&#8230;<\/p>\n","protected":false},"author":2,"featured_media":91022,"comment_status":"closed","ping_status":"closed","sticky":false,"template":"","format":"standard","meta":{"_jetpack_memberships_contains_paid_content":false,"footnotes":""},"categories":[39,37],"tags":[],"class_list":["post-91026","post","type-post","status-publish","format-standard","has-post-thumbnail","hentry","category-portada_news-es","category-videos-de-cristians-es"],"yoast_head":"<!-- This site is optimized with the Yoast SEO plugin v20.0 - https:\/\/yoast.com\/wordpress\/plugins\/seo\/ -->\n<title>El s\u00ednodo alem\u00e1n visto desde all\u00ed: Conversaci\u00f3n con Mn. Jarabo<\/title>\n<meta name=\"description\" content=\"Mos\u00e9n Ferran Jarabo Carbonell es un sacerdote de la Di\u00f3cesis de Girona que lleva a\u00f1os ejerciendo su ministerio en Alemania\" \/>\n<meta name=\"robots\" content=\"index, follow, max-snippet:-1, max-image-preview:large, max-video-preview:-1\" \/>\n<link rel=\"canonical\" href=\"https:\/\/e-cristians.cat\/es\/video-catalan-el-sinodo-aleman-visto-desde-alli-conversacion-con-mn-ferran-jarabo\/\" \/>\n<meta property=\"og:locale\" content=\"es_ES\" \/>\n<meta property=\"og:type\" content=\"article\" \/>\n<meta property=\"og:title\" content=\"El s\u00ednodo alem\u00e1n visto desde all\u00ed: Conversaci\u00f3n con Mn. Jarabo\" \/>\n<meta property=\"og:description\" content=\"Mos\u00e9n Ferran Jarabo Carbonell es un sacerdote de la Di\u00f3cesis de Girona que lleva a\u00f1os ejerciendo su ministerio en Alemania\" \/>\n<meta property=\"og:url\" content=\"https:\/\/e-cristians.cat\/es\/video-catalan-el-sinodo-aleman-visto-desde-alli-conversacion-con-mn-ferran-jarabo\/\" \/>\n<meta property=\"og:site_name\" content=\"e-Cristians\" \/>\n<meta property=\"article:published_time\" content=\"2023-01-26T16:37:35+00:00\" \/>\n<meta property=\"article:modified_time\" content=\"2023-01-26T16:37:53+00:00\" \/>\n<meta property=\"og:image\" content=\"https:\/\/e-cristians.cat\/wp-content\/uploads\/2023\/01\/28e83e45-87ee-4156-8153-58b1f2fc3c67_16-9-aspect-ratio_default_0.jpg\" \/>\n\t<meta property=\"og:image:width\" content=\"880\" \/>\n\t<meta property=\"og:image:height\" content=\"495\" \/>\n\t<meta property=\"og:image:type\" content=\"image\/jpeg\" \/>\n<meta name=\"author\" content=\"e-Cristians\" \/>\n<meta name=\"twitter:card\" content=\"summary_large_image\" \/>\n<meta name=\"twitter:label1\" content=\"Escrito por\" \/>\n\t<meta name=\"twitter:data1\" content=\"e-Cristians\" \/>\n\t<meta name=\"twitter:label2\" content=\"Tiempo de lectura\" \/>\n\t<meta name=\"twitter:data2\" content=\"1 minuto\" \/>\n<script type=\"application\/ld+json\" class=\"yoast-schema-graph\">{\"@context\":\"https:\/\/schema.org\",\"@graph\":[{\"@type\":\"WebPage\",\"@id\":\"https:\/\/e-cristians.cat\/es\/video-catalan-el-sinodo-aleman-visto-desde-alli-conversacion-con-mn-ferran-jarabo\/\",\"url\":\"https:\/\/e-cristians.cat\/es\/video-catalan-el-sinodo-aleman-visto-desde-alli-conversacion-con-mn-ferran-jarabo\/\",\"name\":\"El s\u00ednodo alem\u00e1n visto desde all\u00ed: Conversaci\u00f3n con Mn. Jarabo\",\"isPartOf\":{\"@id\":\"https:\/\/e-cristians.cat\/#website\"},\"datePublished\":\"2023-01-26T16:37:35+00:00\",\"dateModified\":\"2023-01-26T16:37:53+00:00\",\"author\":{\"@id\":\"https:\/\/e-cristians.cat\/#\/schema\/person\/f0ec475338e49aaef9c9dc9d9f162861\"},\"description\":\"Mos\u00e9n Ferran Jarabo Carbonell es un sacerdote de la Di\u00f3cesis de Girona que lleva a\u00f1os ejerciendo su ministerio en Alemania\",\"breadcrumb\":{\"@id\":\"https:\/\/e-cristians.cat\/es\/video-catalan-el-sinodo-aleman-visto-desde-alli-conversacion-con-mn-ferran-jarabo\/#breadcrumb\"},\"inLanguage\":\"es\",\"potentialAction\":[{\"@type\":\"ReadAction\",\"target\":[\"https:\/\/e-cristians.cat\/es\/video-catalan-el-sinodo-aleman-visto-desde-alli-conversacion-con-mn-ferran-jarabo\/\"]}]},{\"@type\":\"BreadcrumbList\",\"@id\":\"https:\/\/e-cristians.cat\/es\/video-catalan-el-sinodo-aleman-visto-desde-alli-conversacion-con-mn-ferran-jarabo\/#breadcrumb\",\"itemListElement\":[{\"@type\":\"ListItem\",\"position\":1,\"name\":\"Inici\",\"item\":\"https:\/\/e-cristians.cat\/es\/\"},{\"@type\":\"ListItem\",\"position\":2,\"name\":\"V\u00eddeo (catal\u00e1n).- El s\u00ednodo alem\u00e1n visto desde all\u00ed: Conversaci\u00f3n con Mn. Ferran Jarabo\"}]},{\"@type\":\"WebSite\",\"@id\":\"https:\/\/e-cristians.cat\/#website\",\"url\":\"https:\/\/e-cristians.cat\/\",\"name\":\"e-Cristians\",\"description\":\"\",\"potentialAction\":[{\"@type\":\"SearchAction\",\"target\":{\"@type\":\"EntryPoint\",\"urlTemplate\":\"https:\/\/e-cristians.cat\/?s={search_term_string}\"},\"query-input\":\"required name=search_term_string\"}],\"inLanguage\":\"es\"},{\"@type\":\"Person\",\"@id\":\"https:\/\/e-cristians.cat\/#\/schema\/person\/f0ec475338e49aaef9c9dc9d9f162861\",\"name\":\"e-Cristians\",\"image\":{\"@type\":\"ImageObject\",\"inLanguage\":\"es\",\"@id\":\"https:\/\/e-cristians.cat\/#\/schema\/person\/image\/\",\"url\":\"https:\/\/secure.gravatar.com\/avatar\/14bc9e5b0ca69070f1075ad3efcb33c4?s=96&d=mm&r=g\",\"contentUrl\":\"https:\/\/secure.gravatar.com\/avatar\/14bc9e5b0ca69070f1075ad3efcb33c4?s=96&d=mm&r=g\",\"caption\":\"e-Cristians\"}}]}<\/script>\n<!-- \/ Yoast SEO plugin. -->","yoast_head_json":{"title":"El s\u00ednodo alem\u00e1n visto desde all\u00ed: Conversaci\u00f3n con Mn. Jarabo","description":"Mos\u00e9n Ferran Jarabo Carbonell es un sacerdote de la Di\u00f3cesis de Girona que lleva a\u00f1os ejerciendo su ministerio en Alemania","robots":{"index":"index","follow":"follow","max-snippet":"max-snippet:-1","max-image-preview":"max-image-preview:large","max-video-preview":"max-video-preview:-1"},"canonical":"https:\/\/e-cristians.cat\/es\/video-catalan-el-sinodo-aleman-visto-desde-alli-conversacion-con-mn-ferran-jarabo\/","og_locale":"es_ES","og_type":"article","og_title":"El s\u00ednodo alem\u00e1n visto desde all\u00ed: Conversaci\u00f3n con Mn. Jarabo","og_description":"Mos\u00e9n Ferran Jarabo Carbonell es un sacerdote de la Di\u00f3cesis de Girona que lleva a\u00f1os ejerciendo su ministerio en Alemania","og_url":"https:\/\/e-cristians.cat\/es\/video-catalan-el-sinodo-aleman-visto-desde-alli-conversacion-con-mn-ferran-jarabo\/","og_site_name":"e-Cristians","article_published_time":"2023-01-26T16:37:35+00:00","article_modified_time":"2023-01-26T16:37:53+00:00","og_image":[{"width":880,"height":495,"url":"https:\/\/e-cristians.cat\/wp-content\/uploads\/2023\/01\/28e83e45-87ee-4156-8153-58b1f2fc3c67_16-9-aspect-ratio_default_0.jpg","type":"image\/jpeg"}],"author":"e-Cristians","twitter_card":"summary_large_image","twitter_misc":{"Escrito por":"e-Cristians","Tiempo de lectura":"1 minuto"},"schema":{"@context":"https:\/\/schema.org","@graph":[{"@type":"WebPage","@id":"https:\/\/e-cristians.cat\/es\/video-catalan-el-sinodo-aleman-visto-desde-alli-conversacion-con-mn-ferran-jarabo\/","url":"https:\/\/e-cristians.cat\/es\/video-catalan-el-sinodo-aleman-visto-desde-alli-conversacion-con-mn-ferran-jarabo\/","name":"El s\u00ednodo alem\u00e1n visto desde all\u00ed: Conversaci\u00f3n con Mn. Jarabo","isPartOf":{"@id":"https:\/\/e-cristians.cat\/#website"},"datePublished":"2023-01-26T16:37:35+00:00","dateModified":"2023-01-26T16:37:53+00:00","author":{"@id":"https:\/\/e-cristians.cat\/#\/schema\/person\/f0ec475338e49aaef9c9dc9d9f162861"},"description":"Mos\u00e9n Ferran Jarabo Carbonell es un sacerdote de la Di\u00f3cesis de Girona que lleva a\u00f1os ejerciendo su ministerio en Alemania","breadcrumb":{"@id":"https:\/\/e-cristians.cat\/es\/video-catalan-el-sinodo-aleman-visto-desde-alli-conversacion-con-mn-ferran-jarabo\/#breadcrumb"},"inLanguage":"es","potentialAction":[{"@type":"ReadAction","target":["https:\/\/e-cristians.cat\/es\/video-catalan-el-sinodo-aleman-visto-desde-alli-conversacion-con-mn-ferran-jarabo\/"]}]},{"@type":"BreadcrumbList","@id":"https:\/\/e-cristians.cat\/es\/video-catalan-el-sinodo-aleman-visto-desde-alli-conversacion-con-mn-ferran-jarabo\/#breadcrumb","itemListElement":[{"@type":"ListItem","position":1,"name":"Inici","item":"https:\/\/e-cristians.cat\/es\/"},{"@type":"ListItem","position":2,"name":"V\u00eddeo (catal\u00e1n).- El s\u00ednodo alem\u00e1n visto desde all\u00ed: Conversaci\u00f3n con Mn. Ferran Jarabo"}]},{"@type":"WebSite","@id":"https:\/\/e-cristians.cat\/#website","url":"https:\/\/e-cristians.cat\/","name":"e-Cristians","description":"","potentialAction":[{"@type":"SearchAction","target":{"@type":"EntryPoint","urlTemplate":"https:\/\/e-cristians.cat\/?s={search_term_string}"},"query-input":"required name=search_term_string"}],"inLanguage":"es"},{"@type":"Person","@id":"https:\/\/e-cristians.cat\/#\/schema\/person\/f0ec475338e49aaef9c9dc9d9f162861","name":"e-Cristians","image":{"@type":"ImageObject","inLanguage":"es","@id":"https:\/\/e-cristians.cat\/#\/schema\/person\/image\/","url":"https:\/\/secure.gravatar.com\/avatar\/14bc9e5b0ca69070f1075ad3efcb33c4?s=96&d=mm&r=g","contentUrl":"https:\/\/secure.gravatar.com\/avatar\/14bc9e5b0ca69070f1075ad3efcb33c4?s=96&d=mm&r=g","caption":"e-Cristians"}}]}},"jetpack_sharing_enabled":true,"jetpack_featured_media_url":"https:\/\/e-cristians.cat\/wp-content\/uploads\/2023\/01\/28e83e45-87ee-4156-8153-58b1f2fc3c67_16-9-aspect-ratio_default_0.jpg","_links":{"self":[{"href":"https:\/\/e-cristians.cat\/es\/wp-json\/wp\/v2\/posts\/91026"}],"collection":[{"href":"https:\/\/e-cristians.cat\/es\/wp-json\/wp\/v2\/posts"}],"about":[{"href":"https:\/\/e-cristians.cat\/es\/wp-json\/wp\/v2\/types\/post"}],"author":[{"embeddable":true,"href":"https:\/\/e-cristians.cat\/es\/wp-json\/wp\/v2\/users\/2"}],"replies":[{"embeddable":true,"href":"https:\/\/e-cristians.cat\/es\/wp-json\/wp\/v2\/comments?post=91026"}],"version-history":[{"count":1,"href":"https:\/\/e-cristians.cat\/es\/wp-json\/wp\/v2\/posts\/91026\/revisions"}],"predecessor-version":[{"id":91029,"href":"https:\/\/e-cristians.cat\/es\/wp-json\/wp\/v2\/posts\/91026\/revisions\/91029"}],"wp:featuredmedia":[{"embeddable":true,"href":"https:\/\/e-cristians.cat\/es\/wp-json\/wp\/v2\/media\/91022"}],"wp:attachment":[{"href":"https:\/\/e-cristians.cat\/es\/wp-json\/wp\/v2\/media?parent=91026"}],"wp:term":[{"taxonomy":"category","embeddable":true,"href":"https:\/\/e-cristians.cat\/es\/wp-json\/wp\/v2\/categories?post=91026"},{"taxonomy":"post_tag","embeddable":true,"href":"https:\/\/e-cristians.cat\/es\/wp-json\/wp\/v2\/tags?post=91026"}],"curies":[{"name":"wp","href":"https:\/\/api.w.org\/{rel}","templated":true}]}}