{"id":91781,"date":"2023-02-02T16:03:19","date_gmt":"2023-02-02T15:03:19","guid":{"rendered":"https:\/\/e-cristians.cat\/?p=91781"},"modified":"2023-02-02T16:07:08","modified_gmt":"2023-02-02T15:07:08","slug":"baila-rumba-y-colabora-con-la-fundacion-joves-provida","status":"publish","type":"post","link":"https:\/\/e-cristians.cat\/es\/baila-rumba-y-colabora-con-la-fundacion-joves-provida\/","title":{"rendered":"Baila rumba y colabora con la Fundaci\u00f3n Joves Provida"},"content":{"rendered":"<p>Ven a <strong>bailar rumba<\/strong> el pr\u00f3ximo mi\u00e9rcoles <strong>8 de febrero<\/strong>, de la mano de <strong>Edu Prats y del grupo Commercial Break.<\/strong><\/p>\n<p>La finalidad del concierto es <strong>recaudar fondos para la fundaci\u00f3n Joves Provida<\/strong>.<\/p>\n<p>Antes del concierto habr\u00e1 una peque\u00f1a <strong>charla<\/strong> para explicarte qu\u00e9 es la Fundaci\u00f3n Provida, qu\u00e9 hacemos y la actualidad legal y social concernientes a la vida humana.<\/p>\n<p>El <strong>aforo es limitado<\/strong> \u00a1no te quedes sin entrada!<\/p>\n<p>La entrada incluye una bebida (cerveza, vino, agua o refresco)<\/p>\n<p>Lugar: <strong>Restaurante Green\u2019s<\/strong> (c\/ Numancia, 185, Barcelona)<\/p>\n<p>Hora: <strong>20:00h.<\/strong><\/p>\n<p>Precio: Entrada anticipada: 10\u20ac. Entrada el d\u00eda del evento: 15\u20ac<\/p>\n<p>Bizum: 695935590 (Diana) \u00a1Pon tu nombre completo!<\/p>\n","protected":false},"excerpt":{"rendered":"<p>Ven a bailar rumba el pr\u00f3ximo mi\u00e9rcoles 8 de febrero, de la mano de Edu Prats y del grupo Commercial Break. La finalidad del concierto es recaudar fondos para la fundaci\u00f3n Joves Provida. Antes del concierto habr\u00e1 una peque\u00f1a charla para explicarte qu\u00e9 es la Fundaci\u00f3n Provida, qu\u00e9 hacemos y la actualidad legal y social&#8230;<\/p>\n","protected":false},"author":2,"featured_media":91782,"comment_status":"closed","ping_status":"closed","sticky":false,"template":"","format":"standard","meta":{"_jetpack_memberships_contains_paid_content":false,"footnotes":""},"categories":[33,39],"tags":[],"class_list":["post-91781","post","type-post","status-publish","format-standard","has-post-thumbnail","hentry","category-altres-entitats-informacions-agenda-i-documents-es","category-portada_news-es"],"yoast_head":"<!-- This site is optimized with the Yoast SEO plugin v20.0 - https:\/\/yoast.com\/wordpress\/plugins\/seo\/ -->\n<title>Baila rumba y colabora con la Fundaci\u00f3n Joves Provida - e-Cristians<\/title>\n<meta name=\"robots\" content=\"noindex, nofollow\" \/>\n<meta property=\"og:locale\" content=\"es_ES\" \/>\n<meta property=\"og:type\" content=\"article\" \/>\n<meta property=\"og:title\" content=\"Baila rumba y colabora con la Fundaci\u00f3n Joves Provida - e-Cristians\" \/>\n<meta property=\"og:description\" content=\"Ven a bailar rumba el pr\u00f3ximo mi\u00e9rcoles 8 de febrero, de la mano de Edu Prats y del grupo Commercial Break. La finalidad del concierto es recaudar fondos para la fundaci\u00f3n Joves Provida. Antes del concierto habr\u00e1 una peque\u00f1a charla para explicarte qu\u00e9 es la Fundaci\u00f3n Provida, qu\u00e9 hacemos y la actualidad legal y social...\" \/>\n<meta property=\"og:url\" content=\"https:\/\/e-cristians.cat\/es\/baila-rumba-y-colabora-con-la-fundacion-joves-provida\/\" \/>\n<meta property=\"og:site_name\" content=\"e-Cristians\" \/>\n<meta property=\"article:published_time\" content=\"2023-02-02T15:03:19+00:00\" \/>\n<meta property=\"article:modified_time\" content=\"2023-02-02T15:07:08+00:00\" \/>\n<meta property=\"og:image\" content=\"https:\/\/e-cristians.cat\/wp-content\/uploads\/2023\/02\/IMG-20230202-WA0005.jpg\" \/>\n\t<meta property=\"og:image:width\" content=\"880\" \/>\n\t<meta property=\"og:image:height\" content=\"533\" \/>\n\t<meta property=\"og:image:type\" content=\"image\/jpeg\" \/>\n<meta name=\"author\" content=\"e-Cristians\" \/>\n<meta name=\"twitter:card\" content=\"summary_large_image\" \/>\n<meta name=\"twitter:label1\" content=\"Escrito por\" \/>\n\t<meta name=\"twitter:data1\" content=\"e-Cristians\" \/>\n\t<meta name=\"twitter:label2\" content=\"Tiempo de lectura\" \/>\n\t<meta name=\"twitter:data2\" content=\"1 minuto\" \/>\n<script type=\"application\/ld+json\" class=\"yoast-schema-graph\">{\"@context\":\"https:\/\/schema.org\",\"@graph\":[{\"@type\":\"WebPage\",\"@id\":\"https:\/\/e-cristians.cat\/es\/baila-rumba-y-colabora-con-la-fundacion-joves-provida\/\",\"url\":\"https:\/\/e-cristians.cat\/es\/baila-rumba-y-colabora-con-la-fundacion-joves-provida\/\",\"name\":\"Baila rumba y colabora con la Fundaci\u00f3n Joves Provida - e-Cristians\",\"isPartOf\":{\"@id\":\"https:\/\/e-cristians.cat\/#website\"},\"datePublished\":\"2023-02-02T15:03:19+00:00\",\"dateModified\":\"2023-02-02T15:07:08+00:00\",\"author\":{\"@id\":\"https:\/\/e-cristians.cat\/#\/schema\/person\/f0ec475338e49aaef9c9dc9d9f162861\"},\"breadcrumb\":{\"@id\":\"https:\/\/e-cristians.cat\/es\/baila-rumba-y-colabora-con-la-fundacion-joves-provida\/#breadcrumb\"},\"inLanguage\":\"es\",\"potentialAction\":[{\"@type\":\"ReadAction\",\"target\":[\"https:\/\/e-cristians.cat\/es\/baila-rumba-y-colabora-con-la-fundacion-joves-provida\/\"]}]},{\"@type\":\"BreadcrumbList\",\"@id\":\"https:\/\/e-cristians.cat\/es\/baila-rumba-y-colabora-con-la-fundacion-joves-provida\/#breadcrumb\",\"itemListElement\":[{\"@type\":\"ListItem\",\"position\":1,\"name\":\"Inici\",\"item\":\"https:\/\/e-cristians.cat\/es\/\"},{\"@type\":\"ListItem\",\"position\":2,\"name\":\"Baila rumba y colabora con la Fundaci\u00f3n Joves Provida\"}]},{\"@type\":\"WebSite\",\"@id\":\"https:\/\/e-cristians.cat\/#website\",\"url\":\"https:\/\/e-cristians.cat\/\",\"name\":\"e-Cristians\",\"description\":\"\",\"potentialAction\":[{\"@type\":\"SearchAction\",\"target\":{\"@type\":\"EntryPoint\",\"urlTemplate\":\"https:\/\/e-cristians.cat\/?s={search_term_string}\"},\"query-input\":\"required name=search_term_string\"}],\"inLanguage\":\"es\"},{\"@type\":\"Person\",\"@id\":\"https:\/\/e-cristians.cat\/#\/schema\/person\/f0ec475338e49aaef9c9dc9d9f162861\",\"name\":\"e-Cristians\",\"image\":{\"@type\":\"ImageObject\",\"inLanguage\":\"es\",\"@id\":\"https:\/\/e-cristians.cat\/#\/schema\/person\/image\/\",\"url\":\"https:\/\/secure.gravatar.com\/avatar\/14bc9e5b0ca69070f1075ad3efcb33c4?s=96&d=mm&r=g\",\"contentUrl\":\"https:\/\/secure.gravatar.com\/avatar\/14bc9e5b0ca69070f1075ad3efcb33c4?s=96&d=mm&r=g\",\"caption\":\"e-Cristians\"}}]}<\/script>\n<!-- \/ Yoast SEO plugin. -->","yoast_head_json":{"title":"Baila rumba y colabora con la Fundaci\u00f3n Joves Provida - e-Cristians","robots":{"index":"noindex","follow":"nofollow"},"og_locale":"es_ES","og_type":"article","og_title":"Baila rumba y colabora con la Fundaci\u00f3n Joves Provida - e-Cristians","og_description":"Ven a bailar rumba el pr\u00f3ximo mi\u00e9rcoles 8 de febrero, de la mano de Edu Prats y del grupo Commercial Break. La finalidad del concierto es recaudar fondos para la fundaci\u00f3n Joves Provida. Antes del concierto habr\u00e1 una peque\u00f1a charla para explicarte qu\u00e9 es la Fundaci\u00f3n Provida, qu\u00e9 hacemos y la actualidad legal y social...","og_url":"https:\/\/e-cristians.cat\/es\/baila-rumba-y-colabora-con-la-fundacion-joves-provida\/","og_site_name":"e-Cristians","article_published_time":"2023-02-02T15:03:19+00:00","article_modified_time":"2023-02-02T15:07:08+00:00","og_image":[{"width":880,"height":533,"url":"https:\/\/e-cristians.cat\/wp-content\/uploads\/2023\/02\/IMG-20230202-WA0005.jpg","type":"image\/jpeg"}],"author":"e-Cristians","twitter_card":"summary_large_image","twitter_misc":{"Escrito por":"e-Cristians","Tiempo de lectura":"1 minuto"},"schema":{"@context":"https:\/\/schema.org","@graph":[{"@type":"WebPage","@id":"https:\/\/e-cristians.cat\/es\/baila-rumba-y-colabora-con-la-fundacion-joves-provida\/","url":"https:\/\/e-cristians.cat\/es\/baila-rumba-y-colabora-con-la-fundacion-joves-provida\/","name":"Baila rumba y colabora con la Fundaci\u00f3n Joves Provida - e-Cristians","isPartOf":{"@id":"https:\/\/e-cristians.cat\/#website"},"datePublished":"2023-02-02T15:03:19+00:00","dateModified":"2023-02-02T15:07:08+00:00","author":{"@id":"https:\/\/e-cristians.cat\/#\/schema\/person\/f0ec475338e49aaef9c9dc9d9f162861"},"breadcrumb":{"@id":"https:\/\/e-cristians.cat\/es\/baila-rumba-y-colabora-con-la-fundacion-joves-provida\/#breadcrumb"},"inLanguage":"es","potentialAction":[{"@type":"ReadAction","target":["https:\/\/e-cristians.cat\/es\/baila-rumba-y-colabora-con-la-fundacion-joves-provida\/"]}]},{"@type":"BreadcrumbList","@id":"https:\/\/e-cristians.cat\/es\/baila-rumba-y-colabora-con-la-fundacion-joves-provida\/#breadcrumb","itemListElement":[{"@type":"ListItem","position":1,"name":"Inici","item":"https:\/\/e-cristians.cat\/es\/"},{"@type":"ListItem","position":2,"name":"Baila rumba y colabora con la Fundaci\u00f3n Joves Provida"}]},{"@type":"WebSite","@id":"https:\/\/e-cristians.cat\/#website","url":"https:\/\/e-cristians.cat\/","name":"e-Cristians","description":"","potentialAction":[{"@type":"SearchAction","target":{"@type":"EntryPoint","urlTemplate":"https:\/\/e-cristians.cat\/?s={search_term_string}"},"query-input":"required name=search_term_string"}],"inLanguage":"es"},{"@type":"Person","@id":"https:\/\/e-cristians.cat\/#\/schema\/person\/f0ec475338e49aaef9c9dc9d9f162861","name":"e-Cristians","image":{"@type":"ImageObject","inLanguage":"es","@id":"https:\/\/e-cristians.cat\/#\/schema\/person\/image\/","url":"https:\/\/secure.gravatar.com\/avatar\/14bc9e5b0ca69070f1075ad3efcb33c4?s=96&d=mm&r=g","contentUrl":"https:\/\/secure.gravatar.com\/avatar\/14bc9e5b0ca69070f1075ad3efcb33c4?s=96&d=mm&r=g","caption":"e-Cristians"}}]}},"jetpack_sharing_enabled":true,"jetpack_featured_media_url":"https:\/\/e-cristians.cat\/wp-content\/uploads\/2023\/02\/IMG-20230202-WA0005.jpg","_links":{"self":[{"href":"https:\/\/e-cristians.cat\/es\/wp-json\/wp\/v2\/posts\/91781"}],"collection":[{"href":"https:\/\/e-cristians.cat\/es\/wp-json\/wp\/v2\/posts"}],"about":[{"href":"https:\/\/e-cristians.cat\/es\/wp-json\/wp\/v2\/types\/post"}],"author":[{"embeddable":true,"href":"https:\/\/e-cristians.cat\/es\/wp-json\/wp\/v2\/users\/2"}],"replies":[{"embeddable":true,"href":"https:\/\/e-cristians.cat\/es\/wp-json\/wp\/v2\/comments?post=91781"}],"version-history":[{"count":3,"href":"https:\/\/e-cristians.cat\/es\/wp-json\/wp\/v2\/posts\/91781\/revisions"}],"predecessor-version":[{"id":91789,"href":"https:\/\/e-cristians.cat\/es\/wp-json\/wp\/v2\/posts\/91781\/revisions\/91789"}],"wp:featuredmedia":[{"embeddable":true,"href":"https:\/\/e-cristians.cat\/es\/wp-json\/wp\/v2\/media\/91782"}],"wp:attachment":[{"href":"https:\/\/e-cristians.cat\/es\/wp-json\/wp\/v2\/media?parent=91781"}],"wp:term":[{"taxonomy":"category","embeddable":true,"href":"https:\/\/e-cristians.cat\/es\/wp-json\/wp\/v2\/categories?post=91781"},{"taxonomy":"post_tag","embeddable":true,"href":"https:\/\/e-cristians.cat\/es\/wp-json\/wp\/v2\/tags?post=91781"}],"curies":[{"name":"wp","href":"https:\/\/api.w.org\/{rel}","templated":true}]}}