{"id":91870,"date":"2023-02-02T11:37:42","date_gmt":"2023-02-02T10:37:42","guid":{"rendered":"https:\/\/e-cristians.cat\/?p=91870"},"modified":"2023-02-03T11:40:58","modified_gmt":"2023-02-03T10:40:58","slug":"conferencia-el-aborto-no-es-un-derecho-fundamental-de-la-union-europea","status":"publish","type":"post","link":"https:\/\/e-cristians.cat\/es\/conferencia-el-aborto-no-es-un-derecho-fundamental-de-la-union-europea\/","title":{"rendered":"Conferencia &#8216;El aborto no es un derecho fundamental de la Uni\u00f3n Europea&#8217;"},"content":{"rendered":"<p>La asociaci\u00f3n <strong>One of Us<\/strong> te invita a participar en la <em><strong>Conferencia: El aborto no es un derecho fundamental de la Uni\u00f3n Europea <\/strong><\/em><\/p>\n<p>Fecha: mi\u00e9rcoles <strong>8 de febrero<\/strong>\u00a0 2023<\/p>\n<p>Lugar: <strong>Hotel Stanhope de Bruselas<\/strong>. <a href=\"https:\/\/maps.app.goo.gl\/8HFCaLKAEiV4gPN37\">https:\/\/maps.app.goo.gl\/8HFCaLKAEiV4gPN37<\/a><\/p>\n<p>Link de registro: <a href=\"https:\/\/forms.gle\/VPkimTodmbXv4b54A\">https:\/\/forms.gle\/VPkimTodmbXv4b54A<\/a><\/p>\n<p>Programa del evento:<a href=\"https:\/\/drive.google.com\/drive\/folders\/1nQwZgUbLaV_N7ASTU5ocvmna6l9uY-Rq?usp=share_link\"> https:\/\/drive.google.com\/drive\/folders\/1nQwZgUbLaV_N7ASTU5ocvmna6l9uY-Rq?usp=share_link<\/a><\/p>\n","protected":false},"excerpt":{"rendered":"<p>La asociaci\u00f3n One of Us te invita a participar en la Conferencia: El aborto no es un derecho fundamental de la Uni\u00f3n Europea Fecha: mi\u00e9rcoles 8 de febrero\u00a0 2023 Lugar: Hotel Stanhope de Bruselas. https:\/\/maps.app.goo.gl\/8HFCaLKAEiV4gPN37 Link de registro: https:\/\/forms.gle\/VPkimTodmbXv4b54A Programa del evento: https:\/\/drive.google.com\/drive\/folders\/1nQwZgUbLaV_N7ASTU5ocvmna6l9uY-Rq?usp=share_link<\/p>\n","protected":false},"author":2,"featured_media":91871,"comment_status":"closed","ping_status":"closed","sticky":false,"template":"","format":"standard","meta":{"_jetpack_memberships_contains_paid_content":false,"footnotes":""},"categories":[33,39],"tags":[62],"class_list":["post-91870","post","type-post","status-publish","format-standard","has-post-thumbnail","hentry","category-altres-entitats-informacions-agenda-i-documents-es","category-portada_news-es","tag-aborto"],"yoast_head":"<!-- This site is optimized with the Yoast SEO plugin v20.0 - https:\/\/yoast.com\/wordpress\/plugins\/seo\/ -->\n<title>Conferencia &#039;El aborto no es un derecho fundamental de la Uni\u00f3n Europea&#039; - e-Cristians<\/title>\n<meta name=\"robots\" content=\"noindex, nofollow\" \/>\n<meta property=\"og:locale\" content=\"es_ES\" \/>\n<meta property=\"og:type\" content=\"article\" \/>\n<meta property=\"og:title\" content=\"Conferencia &#039;El aborto no es un derecho fundamental de la Uni\u00f3n Europea&#039; - e-Cristians\" \/>\n<meta property=\"og:description\" content=\"La asociaci\u00f3n One of Us te invita a participar en la Conferencia: El aborto no es un derecho fundamental de la Uni\u00f3n Europea Fecha: mi\u00e9rcoles 8 de febrero\u00a0 2023 Lugar: Hotel Stanhope de Bruselas. https:\/\/maps.app.goo.gl\/8HFCaLKAEiV4gPN37 Link de registro: https:\/\/forms.gle\/VPkimTodmbXv4b54A Programa del evento: https:\/\/drive.google.com\/drive\/folders\/1nQwZgUbLaV_N7ASTU5ocvmna6l9uY-Rq?usp=share_link\" \/>\n<meta property=\"og:url\" content=\"https:\/\/e-cristians.cat\/es\/conferencia-el-aborto-no-es-un-derecho-fundamental-de-la-union-europea\/\" \/>\n<meta property=\"og:site_name\" content=\"e-Cristians\" \/>\n<meta property=\"article:published_time\" content=\"2023-02-02T10:37:42+00:00\" \/>\n<meta property=\"article:modified_time\" content=\"2023-02-03T10:40:58+00:00\" \/>\n<meta property=\"og:image\" content=\"https:\/\/e-cristians.cat\/wp-content\/uploads\/2023\/02\/IMG-20230202-WA0006.jpg\" \/>\n\t<meta property=\"og:image:width\" content=\"1024\" \/>\n\t<meta property=\"og:image:height\" content=\"722\" \/>\n\t<meta property=\"og:image:type\" content=\"image\/jpeg\" \/>\n<meta name=\"author\" content=\"e-Cristians\" \/>\n<meta name=\"twitter:card\" content=\"summary_large_image\" \/>\n<meta name=\"twitter:label1\" content=\"Escrito por\" \/>\n\t<meta name=\"twitter:data1\" content=\"e-Cristians\" \/>\n\t<meta name=\"twitter:label2\" content=\"Tiempo de lectura\" \/>\n\t<meta name=\"twitter:data2\" content=\"1 minuto\" \/>\n<script type=\"application\/ld+json\" class=\"yoast-schema-graph\">{\"@context\":\"https:\/\/schema.org\",\"@graph\":[{\"@type\":\"WebPage\",\"@id\":\"https:\/\/e-cristians.cat\/es\/conferencia-el-aborto-no-es-un-derecho-fundamental-de-la-union-europea\/\",\"url\":\"https:\/\/e-cristians.cat\/es\/conferencia-el-aborto-no-es-un-derecho-fundamental-de-la-union-europea\/\",\"name\":\"Conferencia 'El aborto no es un derecho fundamental de la Uni\u00f3n Europea' - e-Cristians\",\"isPartOf\":{\"@id\":\"https:\/\/e-cristians.cat\/#website\"},\"datePublished\":\"2023-02-02T10:37:42+00:00\",\"dateModified\":\"2023-02-03T10:40:58+00:00\",\"author\":{\"@id\":\"https:\/\/e-cristians.cat\/#\/schema\/person\/f0ec475338e49aaef9c9dc9d9f162861\"},\"breadcrumb\":{\"@id\":\"https:\/\/e-cristians.cat\/es\/conferencia-el-aborto-no-es-un-derecho-fundamental-de-la-union-europea\/#breadcrumb\"},\"inLanguage\":\"es\",\"potentialAction\":[{\"@type\":\"ReadAction\",\"target\":[\"https:\/\/e-cristians.cat\/es\/conferencia-el-aborto-no-es-un-derecho-fundamental-de-la-union-europea\/\"]}]},{\"@type\":\"BreadcrumbList\",\"@id\":\"https:\/\/e-cristians.cat\/es\/conferencia-el-aborto-no-es-un-derecho-fundamental-de-la-union-europea\/#breadcrumb\",\"itemListElement\":[{\"@type\":\"ListItem\",\"position\":1,\"name\":\"Inici\",\"item\":\"https:\/\/e-cristians.cat\/es\/\"},{\"@type\":\"ListItem\",\"position\":2,\"name\":\"Conferencia &#8216;El aborto no es un derecho fundamental de la Uni\u00f3n Europea&#8217;\"}]},{\"@type\":\"WebSite\",\"@id\":\"https:\/\/e-cristians.cat\/#website\",\"url\":\"https:\/\/e-cristians.cat\/\",\"name\":\"e-Cristians\",\"description\":\"\",\"potentialAction\":[{\"@type\":\"SearchAction\",\"target\":{\"@type\":\"EntryPoint\",\"urlTemplate\":\"https:\/\/e-cristians.cat\/?s={search_term_string}\"},\"query-input\":\"required name=search_term_string\"}],\"inLanguage\":\"es\"},{\"@type\":\"Person\",\"@id\":\"https:\/\/e-cristians.cat\/#\/schema\/person\/f0ec475338e49aaef9c9dc9d9f162861\",\"name\":\"e-Cristians\",\"image\":{\"@type\":\"ImageObject\",\"inLanguage\":\"es\",\"@id\":\"https:\/\/e-cristians.cat\/#\/schema\/person\/image\/\",\"url\":\"https:\/\/secure.gravatar.com\/avatar\/14bc9e5b0ca69070f1075ad3efcb33c4?s=96&d=mm&r=g\",\"contentUrl\":\"https:\/\/secure.gravatar.com\/avatar\/14bc9e5b0ca69070f1075ad3efcb33c4?s=96&d=mm&r=g\",\"caption\":\"e-Cristians\"}}]}<\/script>\n<!-- \/ Yoast SEO plugin. -->","yoast_head_json":{"title":"Conferencia 'El aborto no es un derecho fundamental de la Uni\u00f3n Europea' - e-Cristians","robots":{"index":"noindex","follow":"nofollow"},"og_locale":"es_ES","og_type":"article","og_title":"Conferencia 'El aborto no es un derecho fundamental de la Uni\u00f3n Europea' - e-Cristians","og_description":"La asociaci\u00f3n One of Us te invita a participar en la Conferencia: El aborto no es un derecho fundamental de la Uni\u00f3n Europea Fecha: mi\u00e9rcoles 8 de febrero\u00a0 2023 Lugar: Hotel Stanhope de Bruselas. https:\/\/maps.app.goo.gl\/8HFCaLKAEiV4gPN37 Link de registro: https:\/\/forms.gle\/VPkimTodmbXv4b54A Programa del evento: https:\/\/drive.google.com\/drive\/folders\/1nQwZgUbLaV_N7ASTU5ocvmna6l9uY-Rq?usp=share_link","og_url":"https:\/\/e-cristians.cat\/es\/conferencia-el-aborto-no-es-un-derecho-fundamental-de-la-union-europea\/","og_site_name":"e-Cristians","article_published_time":"2023-02-02T10:37:42+00:00","article_modified_time":"2023-02-03T10:40:58+00:00","og_image":[{"width":1024,"height":722,"url":"https:\/\/e-cristians.cat\/wp-content\/uploads\/2023\/02\/IMG-20230202-WA0006.jpg","type":"image\/jpeg"}],"author":"e-Cristians","twitter_card":"summary_large_image","twitter_misc":{"Escrito por":"e-Cristians","Tiempo de lectura":"1 minuto"},"schema":{"@context":"https:\/\/schema.org","@graph":[{"@type":"WebPage","@id":"https:\/\/e-cristians.cat\/es\/conferencia-el-aborto-no-es-un-derecho-fundamental-de-la-union-europea\/","url":"https:\/\/e-cristians.cat\/es\/conferencia-el-aborto-no-es-un-derecho-fundamental-de-la-union-europea\/","name":"Conferencia 'El aborto no es un derecho fundamental de la Uni\u00f3n Europea' - e-Cristians","isPartOf":{"@id":"https:\/\/e-cristians.cat\/#website"},"datePublished":"2023-02-02T10:37:42+00:00","dateModified":"2023-02-03T10:40:58+00:00","author":{"@id":"https:\/\/e-cristians.cat\/#\/schema\/person\/f0ec475338e49aaef9c9dc9d9f162861"},"breadcrumb":{"@id":"https:\/\/e-cristians.cat\/es\/conferencia-el-aborto-no-es-un-derecho-fundamental-de-la-union-europea\/#breadcrumb"},"inLanguage":"es","potentialAction":[{"@type":"ReadAction","target":["https:\/\/e-cristians.cat\/es\/conferencia-el-aborto-no-es-un-derecho-fundamental-de-la-union-europea\/"]}]},{"@type":"BreadcrumbList","@id":"https:\/\/e-cristians.cat\/es\/conferencia-el-aborto-no-es-un-derecho-fundamental-de-la-union-europea\/#breadcrumb","itemListElement":[{"@type":"ListItem","position":1,"name":"Inici","item":"https:\/\/e-cristians.cat\/es\/"},{"@type":"ListItem","position":2,"name":"Conferencia &#8216;El aborto no es un derecho fundamental de la Uni\u00f3n Europea&#8217;"}]},{"@type":"WebSite","@id":"https:\/\/e-cristians.cat\/#website","url":"https:\/\/e-cristians.cat\/","name":"e-Cristians","description":"","potentialAction":[{"@type":"SearchAction","target":{"@type":"EntryPoint","urlTemplate":"https:\/\/e-cristians.cat\/?s={search_term_string}"},"query-input":"required name=search_term_string"}],"inLanguage":"es"},{"@type":"Person","@id":"https:\/\/e-cristians.cat\/#\/schema\/person\/f0ec475338e49aaef9c9dc9d9f162861","name":"e-Cristians","image":{"@type":"ImageObject","inLanguage":"es","@id":"https:\/\/e-cristians.cat\/#\/schema\/person\/image\/","url":"https:\/\/secure.gravatar.com\/avatar\/14bc9e5b0ca69070f1075ad3efcb33c4?s=96&d=mm&r=g","contentUrl":"https:\/\/secure.gravatar.com\/avatar\/14bc9e5b0ca69070f1075ad3efcb33c4?s=96&d=mm&r=g","caption":"e-Cristians"}}]}},"jetpack_sharing_enabled":true,"jetpack_featured_media_url":"https:\/\/e-cristians.cat\/wp-content\/uploads\/2023\/02\/IMG-20230202-WA0006.jpg","_links":{"self":[{"href":"https:\/\/e-cristians.cat\/es\/wp-json\/wp\/v2\/posts\/91870"}],"collection":[{"href":"https:\/\/e-cristians.cat\/es\/wp-json\/wp\/v2\/posts"}],"about":[{"href":"https:\/\/e-cristians.cat\/es\/wp-json\/wp\/v2\/types\/post"}],"author":[{"embeddable":true,"href":"https:\/\/e-cristians.cat\/es\/wp-json\/wp\/v2\/users\/2"}],"replies":[{"embeddable":true,"href":"https:\/\/e-cristians.cat\/es\/wp-json\/wp\/v2\/comments?post=91870"}],"version-history":[{"count":2,"href":"https:\/\/e-cristians.cat\/es\/wp-json\/wp\/v2\/posts\/91870\/revisions"}],"predecessor-version":[{"id":91874,"href":"https:\/\/e-cristians.cat\/es\/wp-json\/wp\/v2\/posts\/91870\/revisions\/91874"}],"wp:featuredmedia":[{"embeddable":true,"href":"https:\/\/e-cristians.cat\/es\/wp-json\/wp\/v2\/media\/91871"}],"wp:attachment":[{"href":"https:\/\/e-cristians.cat\/es\/wp-json\/wp\/v2\/media?parent=91870"}],"wp:term":[{"taxonomy":"category","embeddable":true,"href":"https:\/\/e-cristians.cat\/es\/wp-json\/wp\/v2\/categories?post=91870"},{"taxonomy":"post_tag","embeddable":true,"href":"https:\/\/e-cristians.cat\/es\/wp-json\/wp\/v2\/tags?post=91870"}],"curies":[{"name":"wp","href":"https:\/\/api.w.org\/{rel}","templated":true}]}}