{"id":92365,"date":"2023-02-09T11:34:24","date_gmt":"2023-02-09T10:34:24","guid":{"rendered":"https:\/\/e-cristians.cat\/?p=92365"},"modified":"2023-02-10T11:46:41","modified_gmt":"2023-02-10T10:46:41","slug":"del-estado-de-derecho-al-nuevo-regimen-sanchista","status":"publish","type":"post","link":"https:\/\/e-cristians.cat\/es\/del-estado-de-derecho-al-nuevo-regimen-sanchista\/","title":{"rendered":"Del estado de derecho al nuevo r\u00e9gimen sanchista"},"content":{"rendered":"<p><em>ForumLibertas.com<\/em><\/p>\n<p>Lo que est\u00e1 sucediendo en el Tribunal Constitucional de reciente \u00a0composici\u00f3n, con la entrada de tres miembros propuestos por el gobierno, culmina un proceso de tres a\u00f1os durante los cuales de manera sistem\u00e1tica S\u00e1nchez, el PSOE y Unidas Podemos han ido transformando el estado de derecho surgido de la Constituci\u00f3n de 1978, en un\u00a0<strong>nuevo r\u00e9gimen<\/strong>\u00a0<strong>sanchista<\/strong>\u00a0a modo y manera de la visi\u00f3n que tiene el presidente de gobierno de la pr\u00e1ctica pol\u00edtica, donde los derechos son interpretados de acuerdo con los intereses del poder ejecutivo, concentrados en la persona de\u00a0<strong>Pedro S\u00e1nchez<\/strong>. <a href=\"https:\/\/www.forumlibertas.com\/del-estado-de-derecho-al-nuevo-regimen-sanchista\/\" target=\"_blank\" rel=\"noopener\">Leer m\u00e1s.<\/a><\/p>\n","protected":false},"excerpt":{"rendered":"<p>ForumLibertas.com Lo que est\u00e1 sucediendo en el Tribunal Constitucional de reciente \u00a0composici\u00f3n, con la entrada de tres miembros propuestos por el gobierno, culmina un proceso de tres a\u00f1os durante los cuales de manera sistem\u00e1tica S\u00e1nchez, el PSOE y Unidas Podemos han ido transformando el estado de derecho surgido de la Constituci\u00f3n de 1978, en un\u00a0nuevo&#8230;<\/p>\n","protected":false},"author":2,"featured_media":92369,"comment_status":"closed","ping_status":"closed","sticky":false,"template":"","format":"standard","meta":{"_jetpack_memberships_contains_paid_content":false,"footnotes":""},"categories":[34,39],"tags":[],"class_list":["post-92365","post","type-post","status-publish","format-standard","has-post-thumbnail","hentry","category-editorials-i-blogs-de-forumlibertas-es","category-portada_news-es"],"yoast_head":"<!-- This site is optimized with the Yoast SEO plugin v20.0 - https:\/\/yoast.com\/wordpress\/plugins\/seo\/ -->\n<title>Del estado de derecho al nuevo r\u00e9gimen sanchista - e-Cristians<\/title>\n<meta name=\"robots\" content=\"noindex, nofollow\" \/>\n<meta property=\"og:locale\" content=\"es_ES\" \/>\n<meta property=\"og:type\" content=\"article\" \/>\n<meta property=\"og:title\" content=\"Del estado de derecho al nuevo r\u00e9gimen sanchista - e-Cristians\" \/>\n<meta property=\"og:description\" content=\"ForumLibertas.com Lo que est\u00e1 sucediendo en el Tribunal Constitucional de reciente \u00a0composici\u00f3n, con la entrada de tres miembros propuestos por el gobierno, culmina un proceso de tres a\u00f1os durante los cuales de manera sistem\u00e1tica S\u00e1nchez, el PSOE y Unidas Podemos han ido transformando el estado de derecho surgido de la Constituci\u00f3n de 1978, en un\u00a0nuevo...\" \/>\n<meta property=\"og:url\" content=\"https:\/\/e-cristians.cat\/es\/del-estado-de-derecho-al-nuevo-regimen-sanchista\/\" \/>\n<meta property=\"og:site_name\" content=\"e-Cristians\" \/>\n<meta property=\"article:published_time\" content=\"2023-02-09T10:34:24+00:00\" \/>\n<meta property=\"article:modified_time\" content=\"2023-02-10T10:46:41+00:00\" \/>\n<meta property=\"og:image\" content=\"https:\/\/e-cristians.cat\/wp-content\/uploads\/2023\/02\/Tribunal-Consitucional-Espana-600x337-1.jpg\" \/>\n\t<meta property=\"og:image:width\" content=\"600\" \/>\n\t<meta property=\"og:image:height\" content=\"337\" \/>\n\t<meta property=\"og:image:type\" content=\"image\/jpeg\" \/>\n<meta name=\"author\" content=\"e-Cristians\" \/>\n<meta name=\"twitter:card\" content=\"summary_large_image\" \/>\n<meta name=\"twitter:label1\" content=\"Escrito por\" \/>\n\t<meta name=\"twitter:data1\" content=\"e-Cristians\" \/>\n\t<meta name=\"twitter:label2\" content=\"Tiempo de lectura\" \/>\n\t<meta name=\"twitter:data2\" content=\"1 minuto\" \/>\n<script type=\"application\/ld+json\" class=\"yoast-schema-graph\">{\"@context\":\"https:\/\/schema.org\",\"@graph\":[{\"@type\":\"WebPage\",\"@id\":\"https:\/\/e-cristians.cat\/es\/del-estado-de-derecho-al-nuevo-regimen-sanchista\/\",\"url\":\"https:\/\/e-cristians.cat\/es\/del-estado-de-derecho-al-nuevo-regimen-sanchista\/\",\"name\":\"Del estado de derecho al nuevo r\u00e9gimen sanchista - e-Cristians\",\"isPartOf\":{\"@id\":\"https:\/\/e-cristians.cat\/#website\"},\"datePublished\":\"2023-02-09T10:34:24+00:00\",\"dateModified\":\"2023-02-10T10:46:41+00:00\",\"author\":{\"@id\":\"https:\/\/e-cristians.cat\/#\/schema\/person\/f0ec475338e49aaef9c9dc9d9f162861\"},\"breadcrumb\":{\"@id\":\"https:\/\/e-cristians.cat\/es\/del-estado-de-derecho-al-nuevo-regimen-sanchista\/#breadcrumb\"},\"inLanguage\":\"es\",\"potentialAction\":[{\"@type\":\"ReadAction\",\"target\":[\"https:\/\/e-cristians.cat\/es\/del-estado-de-derecho-al-nuevo-regimen-sanchista\/\"]}]},{\"@type\":\"BreadcrumbList\",\"@id\":\"https:\/\/e-cristians.cat\/es\/del-estado-de-derecho-al-nuevo-regimen-sanchista\/#breadcrumb\",\"itemListElement\":[{\"@type\":\"ListItem\",\"position\":1,\"name\":\"Inici\",\"item\":\"https:\/\/e-cristians.cat\/es\/\"},{\"@type\":\"ListItem\",\"position\":2,\"name\":\"Del estado de derecho al nuevo r\u00e9gimen sanchista\"}]},{\"@type\":\"WebSite\",\"@id\":\"https:\/\/e-cristians.cat\/#website\",\"url\":\"https:\/\/e-cristians.cat\/\",\"name\":\"e-Cristians\",\"description\":\"\",\"potentialAction\":[{\"@type\":\"SearchAction\",\"target\":{\"@type\":\"EntryPoint\",\"urlTemplate\":\"https:\/\/e-cristians.cat\/?s={search_term_string}\"},\"query-input\":\"required name=search_term_string\"}],\"inLanguage\":\"es\"},{\"@type\":\"Person\",\"@id\":\"https:\/\/e-cristians.cat\/#\/schema\/person\/f0ec475338e49aaef9c9dc9d9f162861\",\"name\":\"e-Cristians\",\"image\":{\"@type\":\"ImageObject\",\"inLanguage\":\"es\",\"@id\":\"https:\/\/e-cristians.cat\/#\/schema\/person\/image\/\",\"url\":\"https:\/\/secure.gravatar.com\/avatar\/14bc9e5b0ca69070f1075ad3efcb33c4?s=96&d=mm&r=g\",\"contentUrl\":\"https:\/\/secure.gravatar.com\/avatar\/14bc9e5b0ca69070f1075ad3efcb33c4?s=96&d=mm&r=g\",\"caption\":\"e-Cristians\"}}]}<\/script>\n<!-- \/ Yoast SEO plugin. -->","yoast_head_json":{"title":"Del estado de derecho al nuevo r\u00e9gimen sanchista - e-Cristians","robots":{"index":"noindex","follow":"nofollow"},"og_locale":"es_ES","og_type":"article","og_title":"Del estado de derecho al nuevo r\u00e9gimen sanchista - e-Cristians","og_description":"ForumLibertas.com Lo que est\u00e1 sucediendo en el Tribunal Constitucional de reciente \u00a0composici\u00f3n, con la entrada de tres miembros propuestos por el gobierno, culmina un proceso de tres a\u00f1os durante los cuales de manera sistem\u00e1tica S\u00e1nchez, el PSOE y Unidas Podemos han ido transformando el estado de derecho surgido de la Constituci\u00f3n de 1978, en un\u00a0nuevo...","og_url":"https:\/\/e-cristians.cat\/es\/del-estado-de-derecho-al-nuevo-regimen-sanchista\/","og_site_name":"e-Cristians","article_published_time":"2023-02-09T10:34:24+00:00","article_modified_time":"2023-02-10T10:46:41+00:00","og_image":[{"width":600,"height":337,"url":"https:\/\/e-cristians.cat\/wp-content\/uploads\/2023\/02\/Tribunal-Consitucional-Espana-600x337-1.jpg","type":"image\/jpeg"}],"author":"e-Cristians","twitter_card":"summary_large_image","twitter_misc":{"Escrito por":"e-Cristians","Tiempo de lectura":"1 minuto"},"schema":{"@context":"https:\/\/schema.org","@graph":[{"@type":"WebPage","@id":"https:\/\/e-cristians.cat\/es\/del-estado-de-derecho-al-nuevo-regimen-sanchista\/","url":"https:\/\/e-cristians.cat\/es\/del-estado-de-derecho-al-nuevo-regimen-sanchista\/","name":"Del estado de derecho al nuevo r\u00e9gimen sanchista - e-Cristians","isPartOf":{"@id":"https:\/\/e-cristians.cat\/#website"},"datePublished":"2023-02-09T10:34:24+00:00","dateModified":"2023-02-10T10:46:41+00:00","author":{"@id":"https:\/\/e-cristians.cat\/#\/schema\/person\/f0ec475338e49aaef9c9dc9d9f162861"},"breadcrumb":{"@id":"https:\/\/e-cristians.cat\/es\/del-estado-de-derecho-al-nuevo-regimen-sanchista\/#breadcrumb"},"inLanguage":"es","potentialAction":[{"@type":"ReadAction","target":["https:\/\/e-cristians.cat\/es\/del-estado-de-derecho-al-nuevo-regimen-sanchista\/"]}]},{"@type":"BreadcrumbList","@id":"https:\/\/e-cristians.cat\/es\/del-estado-de-derecho-al-nuevo-regimen-sanchista\/#breadcrumb","itemListElement":[{"@type":"ListItem","position":1,"name":"Inici","item":"https:\/\/e-cristians.cat\/es\/"},{"@type":"ListItem","position":2,"name":"Del estado de derecho al nuevo r\u00e9gimen sanchista"}]},{"@type":"WebSite","@id":"https:\/\/e-cristians.cat\/#website","url":"https:\/\/e-cristians.cat\/","name":"e-Cristians","description":"","potentialAction":[{"@type":"SearchAction","target":{"@type":"EntryPoint","urlTemplate":"https:\/\/e-cristians.cat\/?s={search_term_string}"},"query-input":"required name=search_term_string"}],"inLanguage":"es"},{"@type":"Person","@id":"https:\/\/e-cristians.cat\/#\/schema\/person\/f0ec475338e49aaef9c9dc9d9f162861","name":"e-Cristians","image":{"@type":"ImageObject","inLanguage":"es","@id":"https:\/\/e-cristians.cat\/#\/schema\/person\/image\/","url":"https:\/\/secure.gravatar.com\/avatar\/14bc9e5b0ca69070f1075ad3efcb33c4?s=96&d=mm&r=g","contentUrl":"https:\/\/secure.gravatar.com\/avatar\/14bc9e5b0ca69070f1075ad3efcb33c4?s=96&d=mm&r=g","caption":"e-Cristians"}}]}},"jetpack_sharing_enabled":true,"jetpack_featured_media_url":"https:\/\/e-cristians.cat\/wp-content\/uploads\/2023\/02\/Tribunal-Consitucional-Espana-600x337-1.jpg","_links":{"self":[{"href":"https:\/\/e-cristians.cat\/es\/wp-json\/wp\/v2\/posts\/92365"}],"collection":[{"href":"https:\/\/e-cristians.cat\/es\/wp-json\/wp\/v2\/posts"}],"about":[{"href":"https:\/\/e-cristians.cat\/es\/wp-json\/wp\/v2\/types\/post"}],"author":[{"embeddable":true,"href":"https:\/\/e-cristians.cat\/es\/wp-json\/wp\/v2\/users\/2"}],"replies":[{"embeddable":true,"href":"https:\/\/e-cristians.cat\/es\/wp-json\/wp\/v2\/comments?post=92365"}],"version-history":[{"count":1,"href":"https:\/\/e-cristians.cat\/es\/wp-json\/wp\/v2\/posts\/92365\/revisions"}],"predecessor-version":[{"id":92366,"href":"https:\/\/e-cristians.cat\/es\/wp-json\/wp\/v2\/posts\/92365\/revisions\/92366"}],"wp:featuredmedia":[{"embeddable":true,"href":"https:\/\/e-cristians.cat\/es\/wp-json\/wp\/v2\/media\/92369"}],"wp:attachment":[{"href":"https:\/\/e-cristians.cat\/es\/wp-json\/wp\/v2\/media?parent=92365"}],"wp:term":[{"taxonomy":"category","embeddable":true,"href":"https:\/\/e-cristians.cat\/es\/wp-json\/wp\/v2\/categories?post=92365"},{"taxonomy":"post_tag","embeddable":true,"href":"https:\/\/e-cristians.cat\/es\/wp-json\/wp\/v2\/tags?post=92365"}],"curies":[{"name":"wp","href":"https:\/\/api.w.org\/{rel}","templated":true}]}}