{"id":93358,"date":"2023-02-20T12:00:35","date_gmt":"2023-02-20T11:00:35","guid":{"rendered":"https:\/\/e-cristians.cat\/?p=93358"},"modified":"2023-02-23T12:16:03","modified_gmt":"2023-02-23T11:16:03","slug":"xxv-congreso-nacional-provida-en-la-brecha","status":"publish","type":"post","link":"https:\/\/e-cristians.cat\/es\/xxv-congreso-nacional-provida-en-la-brecha\/","title":{"rendered":"XXV Congreso Nacional Provida \u00ab\u00a1En la brecha!\u00bb"},"content":{"rendered":"<p style=\"margin: 0cm; margin-bottom: .0001pt; background: white;\"><span style=\"font-size: 13.5pt; font-family: 'Arial','sans-serif'; color: #353535;\">Los \u00faltimos congresos organizados por la Federaci\u00f3n Espa\u00f1ola de Asociaciones Provida ten\u00edan como lema: \u00abTodos somos importantes, todos somos necesarios\u00bb, \u00abLa vida es una carrera de fondo\u00bb, \u00abEl lenguaje de la vida\u00bb (todos ellos se pueden visualizar en nuestro canal de Youtube).\u00a0 En esta vig\u00e9simo quinta edici\u00f3n, hemos elegido un lema breve, pero intenso y lleno de significado: Estar en la <em style=\"box-sizing: inherit;\"><b><span style=\"font-family: 'Arial','sans-serif';\">brecha<\/span><\/b><\/em>\u00a0es trabajar, \u00a0implicarse, para conseguir un objetivo, no es verlo pasar de lejos u opinar en la distancia.<\/span><\/p>\n<p style=\"margin: 0cm; margin-bottom: .0001pt; background: white;\"><span style=\"font-size: 13.5pt; font-family: 'Arial','sans-serif'; color: #353535;\"><br \/>\nEste congreso quiere mostrar a personas e iniciativas implicadas en la valoraci\u00f3n y defensa de todo ser humano, en contacto directo con las situaciones complicadas que ponen en riesgo la vida humana o atacan su dignidad. Pararse en la\u00a0<em style=\"box-sizing: inherit;\"><b><span style=\"font-family: 'Arial','sans-serif';\">brecha<\/span><\/b><\/em>\u00a0es reflexionar, decidir y abrir camino, mostrarse disponible para construir y cambiar las cosas.<\/span><\/p>\n<p style=\"background: white; box-sizing: inherit; font-variant-ligatures: normal; font-variant-caps: normal; orphans: 2; text-align: start; widows: 2; -webkit-text-stroke-width: 0px; text-decoration-thickness: initial; text-decoration-style: initial; text-decoration-color: initial; word-spacing: 0px; margin: 0cm 0cm 15.0pt 0cm;\"><span style=\"font-size: 13.5pt; font-family: 'Arial','sans-serif'; color: #353535;\"><br style=\"box-sizing: inherit;\" \/>Estar en la\u00a0<em style=\"box-sizing: inherit;\"><b><span style=\"font-family: 'Arial','sans-serif';\">brecha<\/span><\/b><\/em>\u00a0es alcanzar esa grieta por la que una fortaleza se hace vulnerable. Las asociaciones Provida est\u00e1n consiguiendo agrietar el muro de violencia, de mentira y manipulaci\u00f3n de la cultura de la muerte. Y ello, simplemente mostrando la verdad, la grandeza de cada vida humana y desenmascarando las estrategias ideol\u00f3gicas y econ\u00f3micas que han querido invadir la sociedad y los corazones. Y algo fundamental, con constancia, d\u00eda a d\u00eda, a\u00f1o a a\u00f1o. Asimismo, trata de mostrar la\u00a0<em style=\"box-sizing: inherit;\"><b><span style=\"font-family: 'Arial','sans-serif';\">brecha<\/span><\/b><\/em>\u00a0ente lo leg\u00edtimo y lo legal, entre el mundo paralelo alejado de la realidad y construido sobre mentira e ignorancia y la sociedad avanzada que valora y sirve a cada vida humana en cualquier etapa y circunstancia.<\/span><\/p>\n<p style=\"background: white; box-sizing: inherit; font-variant-ligatures: normal; font-variant-caps: normal; orphans: 2; text-align: start; widows: 2; -webkit-text-stroke-width: 0px; text-decoration-thickness: initial; text-decoration-style: initial; text-decoration-color: initial; word-spacing: 0px; margin: 0cm 0cm 15.0pt 0cm;\"><span style=\"font-size: 13.5pt; font-family: 'Arial','sans-serif'; color: #353535;\">Una <em style=\"box-sizing: inherit;\"><b><span style=\"font-family: 'Arial','sans-serif';\">brecha<\/span><\/b><\/em>\u00a0es una herida \u00a0que muestra los tejidos abiertos y debe cerrar limpiamente de dentro a afuera. Por ello el mundo Provida est\u00e1 con quienes sufren esas heridas profundas que ha causado la cultura de la muerte, ofreciendo cuidados, soluciones positivas, y en la vanguardia de la medicina y la\u00a0humanizaci\u00f3n.<\/span><\/p>\n<p style=\"background: white; margin: 0cm 0cm 15.0pt 0cm;\"><span style=\"font-size: 13.5pt; font-family: 'Arial','sans-serif'; color: #353535;\">Ponencias interesantes, profesionales de todos los campos, experiencias valiosas y un ambiente entusiasta del que estar\u00e1s contento de formar parte.\u00a0<\/span><\/p>\n<p>D\u00edas: <strong>3 y 4 de marzo<\/strong> de 2023<\/p>\n<p>Lugar: <strong>Universidad CEU San Pablo<\/strong> (c\/ Juli\u00e1n Romea, 23, Madrid)<\/p>\n<p>Programa e inscripci\u00f3n: <a href=\"https:\/\/provida.es\/congreso\/\" target=\"_blank\" rel=\"noopener\">https:\/\/provida.es\/congreso\/<\/a><\/p>\n","protected":false},"excerpt":{"rendered":"<p>Los \u00faltimos congresos organizados por la Federaci\u00f3n Espa\u00f1ola de Asociaciones Provida ten\u00edan como lema: \u00abTodos somos importantes, todos somos necesarios\u00bb, \u00abLa vida es una carrera de fondo\u00bb, \u00abEl lenguaje de la vida\u00bb (todos ellos se pueden visualizar en nuestro canal de Youtube).\u00a0 En esta vig\u00e9simo quinta edici\u00f3n, hemos elegido un lema breve, pero intenso y&#8230;<\/p>\n","protected":false},"author":2,"featured_media":93359,"comment_status":"closed","ping_status":"closed","sticky":false,"template":"","format":"standard","meta":{"_jetpack_memberships_contains_paid_content":false,"footnotes":""},"categories":[33,39],"tags":[],"class_list":["post-93358","post","type-post","status-publish","format-standard","has-post-thumbnail","hentry","category-altres-entitats-informacions-agenda-i-documents-es","category-portada_news-es"],"yoast_head":"<!-- This site is optimized with the Yoast SEO plugin v20.0 - https:\/\/yoast.com\/wordpress\/plugins\/seo\/ -->\n<title>XXV Congreso Nacional Provida &quot;\u00a1En la brecha!&quot; - e-Cristians<\/title>\n<meta name=\"robots\" content=\"noindex, nofollow\" \/>\n<meta property=\"og:locale\" content=\"es_ES\" \/>\n<meta property=\"og:type\" content=\"article\" \/>\n<meta property=\"og:title\" content=\"XXV Congreso Nacional Provida &quot;\u00a1En la brecha!&quot; - e-Cristians\" \/>\n<meta property=\"og:description\" content=\"Los \u00faltimos congresos organizados por la Federaci\u00f3n Espa\u00f1ola de Asociaciones Provida ten\u00edan como lema: \u00abTodos somos importantes, todos somos necesarios\u00bb, \u00abLa vida es una carrera de fondo\u00bb, \u00abEl lenguaje de la vida\u00bb (todos ellos se pueden visualizar en nuestro canal de Youtube).\u00a0 En esta vig\u00e9simo quinta edici\u00f3n, hemos elegido un lema breve, pero intenso y...\" \/>\n<meta property=\"og:url\" content=\"https:\/\/e-cristians.cat\/es\/xxv-congreso-nacional-provida-en-la-brecha\/\" \/>\n<meta property=\"og:site_name\" content=\"e-Cristians\" \/>\n<meta property=\"article:published_time\" content=\"2023-02-20T11:00:35+00:00\" \/>\n<meta property=\"article:modified_time\" content=\"2023-02-23T11:16:03+00:00\" \/>\n<meta property=\"og:image\" content=\"https:\/\/e-cristians.cat\/wp-content\/uploads\/2023\/02\/provida.jpg\" \/>\n\t<meta property=\"og:image:width\" content=\"601\" \/>\n\t<meta property=\"og:image:height\" content=\"855\" \/>\n\t<meta property=\"og:image:type\" content=\"image\/jpeg\" \/>\n<meta name=\"author\" content=\"e-Cristians\" \/>\n<meta name=\"twitter:card\" content=\"summary_large_image\" \/>\n<meta name=\"twitter:label1\" content=\"Escrito por\" \/>\n\t<meta name=\"twitter:data1\" content=\"e-Cristians\" \/>\n\t<meta name=\"twitter:label2\" content=\"Tiempo de lectura\" \/>\n\t<meta name=\"twitter:data2\" content=\"2 minutos\" \/>\n<script type=\"application\/ld+json\" class=\"yoast-schema-graph\">{\"@context\":\"https:\/\/schema.org\",\"@graph\":[{\"@type\":\"WebPage\",\"@id\":\"https:\/\/e-cristians.cat\/es\/xxv-congreso-nacional-provida-en-la-brecha\/\",\"url\":\"https:\/\/e-cristians.cat\/es\/xxv-congreso-nacional-provida-en-la-brecha\/\",\"name\":\"XXV Congreso Nacional Provida \\\"\u00a1En la brecha!\\\" - e-Cristians\",\"isPartOf\":{\"@id\":\"https:\/\/e-cristians.cat\/#website\"},\"datePublished\":\"2023-02-20T11:00:35+00:00\",\"dateModified\":\"2023-02-23T11:16:03+00:00\",\"author\":{\"@id\":\"https:\/\/e-cristians.cat\/#\/schema\/person\/f0ec475338e49aaef9c9dc9d9f162861\"},\"breadcrumb\":{\"@id\":\"https:\/\/e-cristians.cat\/es\/xxv-congreso-nacional-provida-en-la-brecha\/#breadcrumb\"},\"inLanguage\":\"es\",\"potentialAction\":[{\"@type\":\"ReadAction\",\"target\":[\"https:\/\/e-cristians.cat\/es\/xxv-congreso-nacional-provida-en-la-brecha\/\"]}]},{\"@type\":\"BreadcrumbList\",\"@id\":\"https:\/\/e-cristians.cat\/es\/xxv-congreso-nacional-provida-en-la-brecha\/#breadcrumb\",\"itemListElement\":[{\"@type\":\"ListItem\",\"position\":1,\"name\":\"Inici\",\"item\":\"https:\/\/e-cristians.cat\/es\/\"},{\"@type\":\"ListItem\",\"position\":2,\"name\":\"XXV Congreso Nacional Provida &#8220;\u00a1En la brecha!&#8221;\"}]},{\"@type\":\"WebSite\",\"@id\":\"https:\/\/e-cristians.cat\/#website\",\"url\":\"https:\/\/e-cristians.cat\/\",\"name\":\"e-Cristians\",\"description\":\"\",\"potentialAction\":[{\"@type\":\"SearchAction\",\"target\":{\"@type\":\"EntryPoint\",\"urlTemplate\":\"https:\/\/e-cristians.cat\/?s={search_term_string}\"},\"query-input\":\"required name=search_term_string\"}],\"inLanguage\":\"es\"},{\"@type\":\"Person\",\"@id\":\"https:\/\/e-cristians.cat\/#\/schema\/person\/f0ec475338e49aaef9c9dc9d9f162861\",\"name\":\"e-Cristians\",\"image\":{\"@type\":\"ImageObject\",\"inLanguage\":\"es\",\"@id\":\"https:\/\/e-cristians.cat\/#\/schema\/person\/image\/\",\"url\":\"https:\/\/secure.gravatar.com\/avatar\/14bc9e5b0ca69070f1075ad3efcb33c4?s=96&d=mm&r=g\",\"contentUrl\":\"https:\/\/secure.gravatar.com\/avatar\/14bc9e5b0ca69070f1075ad3efcb33c4?s=96&d=mm&r=g\",\"caption\":\"e-Cristians\"}}]}<\/script>\n<!-- \/ Yoast SEO plugin. -->","yoast_head_json":{"title":"XXV Congreso Nacional Provida \"\u00a1En la brecha!\" - e-Cristians","robots":{"index":"noindex","follow":"nofollow"},"og_locale":"es_ES","og_type":"article","og_title":"XXV Congreso Nacional Provida \"\u00a1En la brecha!\" - e-Cristians","og_description":"Los \u00faltimos congresos organizados por la Federaci\u00f3n Espa\u00f1ola de Asociaciones Provida ten\u00edan como lema: \u00abTodos somos importantes, todos somos necesarios\u00bb, \u00abLa vida es una carrera de fondo\u00bb, \u00abEl lenguaje de la vida\u00bb (todos ellos se pueden visualizar en nuestro canal de Youtube).\u00a0 En esta vig\u00e9simo quinta edici\u00f3n, hemos elegido un lema breve, pero intenso y...","og_url":"https:\/\/e-cristians.cat\/es\/xxv-congreso-nacional-provida-en-la-brecha\/","og_site_name":"e-Cristians","article_published_time":"2023-02-20T11:00:35+00:00","article_modified_time":"2023-02-23T11:16:03+00:00","og_image":[{"width":601,"height":855,"url":"https:\/\/e-cristians.cat\/wp-content\/uploads\/2023\/02\/provida.jpg","type":"image\/jpeg"}],"author":"e-Cristians","twitter_card":"summary_large_image","twitter_misc":{"Escrito por":"e-Cristians","Tiempo de lectura":"2 minutos"},"schema":{"@context":"https:\/\/schema.org","@graph":[{"@type":"WebPage","@id":"https:\/\/e-cristians.cat\/es\/xxv-congreso-nacional-provida-en-la-brecha\/","url":"https:\/\/e-cristians.cat\/es\/xxv-congreso-nacional-provida-en-la-brecha\/","name":"XXV Congreso Nacional Provida \"\u00a1En la brecha!\" - e-Cristians","isPartOf":{"@id":"https:\/\/e-cristians.cat\/#website"},"datePublished":"2023-02-20T11:00:35+00:00","dateModified":"2023-02-23T11:16:03+00:00","author":{"@id":"https:\/\/e-cristians.cat\/#\/schema\/person\/f0ec475338e49aaef9c9dc9d9f162861"},"breadcrumb":{"@id":"https:\/\/e-cristians.cat\/es\/xxv-congreso-nacional-provida-en-la-brecha\/#breadcrumb"},"inLanguage":"es","potentialAction":[{"@type":"ReadAction","target":["https:\/\/e-cristians.cat\/es\/xxv-congreso-nacional-provida-en-la-brecha\/"]}]},{"@type":"BreadcrumbList","@id":"https:\/\/e-cristians.cat\/es\/xxv-congreso-nacional-provida-en-la-brecha\/#breadcrumb","itemListElement":[{"@type":"ListItem","position":1,"name":"Inici","item":"https:\/\/e-cristians.cat\/es\/"},{"@type":"ListItem","position":2,"name":"XXV Congreso Nacional Provida &#8220;\u00a1En la brecha!&#8221;"}]},{"@type":"WebSite","@id":"https:\/\/e-cristians.cat\/#website","url":"https:\/\/e-cristians.cat\/","name":"e-Cristians","description":"","potentialAction":[{"@type":"SearchAction","target":{"@type":"EntryPoint","urlTemplate":"https:\/\/e-cristians.cat\/?s={search_term_string}"},"query-input":"required name=search_term_string"}],"inLanguage":"es"},{"@type":"Person","@id":"https:\/\/e-cristians.cat\/#\/schema\/person\/f0ec475338e49aaef9c9dc9d9f162861","name":"e-Cristians","image":{"@type":"ImageObject","inLanguage":"es","@id":"https:\/\/e-cristians.cat\/#\/schema\/person\/image\/","url":"https:\/\/secure.gravatar.com\/avatar\/14bc9e5b0ca69070f1075ad3efcb33c4?s=96&d=mm&r=g","contentUrl":"https:\/\/secure.gravatar.com\/avatar\/14bc9e5b0ca69070f1075ad3efcb33c4?s=96&d=mm&r=g","caption":"e-Cristians"}}]}},"jetpack_sharing_enabled":true,"jetpack_featured_media_url":"https:\/\/e-cristians.cat\/wp-content\/uploads\/2023\/02\/provida.jpg","_links":{"self":[{"href":"https:\/\/e-cristians.cat\/es\/wp-json\/wp\/v2\/posts\/93358"}],"collection":[{"href":"https:\/\/e-cristians.cat\/es\/wp-json\/wp\/v2\/posts"}],"about":[{"href":"https:\/\/e-cristians.cat\/es\/wp-json\/wp\/v2\/types\/post"}],"author":[{"embeddable":true,"href":"https:\/\/e-cristians.cat\/es\/wp-json\/wp\/v2\/users\/2"}],"replies":[{"embeddable":true,"href":"https:\/\/e-cristians.cat\/es\/wp-json\/wp\/v2\/comments?post=93358"}],"version-history":[{"count":2,"href":"https:\/\/e-cristians.cat\/es\/wp-json\/wp\/v2\/posts\/93358\/revisions"}],"predecessor-version":[{"id":93363,"href":"https:\/\/e-cristians.cat\/es\/wp-json\/wp\/v2\/posts\/93358\/revisions\/93363"}],"wp:featuredmedia":[{"embeddable":true,"href":"https:\/\/e-cristians.cat\/es\/wp-json\/wp\/v2\/media\/93359"}],"wp:attachment":[{"href":"https:\/\/e-cristians.cat\/es\/wp-json\/wp\/v2\/media?parent=93358"}],"wp:term":[{"taxonomy":"category","embeddable":true,"href":"https:\/\/e-cristians.cat\/es\/wp-json\/wp\/v2\/categories?post=93358"},{"taxonomy":"post_tag","embeddable":true,"href":"https:\/\/e-cristians.cat\/es\/wp-json\/wp\/v2\/tags?post=93358"}],"curies":[{"name":"wp","href":"https:\/\/api.w.org\/{rel}","templated":true}]}}