{"id":94770,"date":"2023-03-17T10:00:09","date_gmt":"2023-03-17T09:00:09","guid":{"rendered":"https:\/\/e-cristians.cat\/?p=94770"},"modified":"2023-03-31T12:32:17","modified_gmt":"2023-03-31T10:32:17","slug":"carta-semanal-de-josep-miro-no-lo-dudes-buena-parte-de-la-respuesta-pasa-por-el-crecimiento-de-e-cristians","status":"publish","type":"post","link":"https:\/\/e-cristians.cat\/es\/carta-semanal-de-josep-miro-no-lo-dudes-buena-parte-de-la-respuesta-pasa-por-el-crecimiento-de-e-cristians\/","title":{"rendered":"No lo dudes, buena parte de la respuesta pasa por el crecimiento de e-Cristians"},"content":{"rendered":"<p>Apreciado amigo\/Apreciada amiga:<\/p>\n<p>En <a href=\"https:\/\/e-cristians.cat\/es\/carta-semanal-20-anos-assemblea-cristiana\/\" target=\"_blank\" rel=\"noopener\">mi carta de la semana pasada<\/a> te daba a conocer el resumen de las actuaciones m\u00e1s destacadas de e-Cristians a lo largo de 2 d\u00e9cadas. Una exposici\u00f3n concisa, que a la vez permit\u00eda ver la regularidad e importancia del trabajo desplegado por la simple enumeraci\u00f3n de las acciones. En el mensaje de esta semana, te sugiero que veas el reportaje sobre la II Asamblea Cristiana celebrada el 4 de marzo. Podr\u00e1s ver los <strong>v\u00eddeos<\/strong> en el <a href=\"https:\/\/www.youtube.com\/user\/ecristians\" target=\"_blank\" rel=\"noopener\"><strong>canal de Youtube de e-Cristians<\/strong><\/a>. Si no pudiste asistir, es la mejor manera de que asumas todo lo que all\u00ed se present\u00f3 y plante\u00f3 y que constituye una buena base de partida para orientar el futuro.<\/p>\n<p>Todo ello, <a href=\"https:\/\/e-cristians.cat\/wp-content\/uploads\/2023\/03\/Historia-e-Cristians_ESP.pdf\" target=\"_blank\" rel=\"noopener\">historia de e-Cristians<\/a> y <a href=\"https:\/\/e-cristians.cat\/es\/asambleas-cristianas\/\" target=\"_blank\" rel=\"noopener\">II Asamblea Cristiana<\/a>, ponen de relieve una vez m\u00e1s que <strong>e-Cristians<\/strong> es la organizaci\u00f3n de esta naturaleza que mantiene una <strong>acci\u00f3n continuada e importante en la vida p\u00fablica<\/strong>. Es la voz, la propuesta y la cr\u00edtica de la acci\u00f3n de los laicos sobre los \u00e1mbitos institucionales y pol\u00edticos, conducida por la aplicaci\u00f3n de la doctrina social de la Iglesia. Una acci\u00f3n que adem\u00e1s busca la participaci\u00f3n y protagonismo de otros grupos y asociaciones porque entiende que esta presencia no debe fundamentarse en el protagonismo propio, sino en la acci\u00f3n conjunta. e-Cristians tambi\u00e9n hace otra cosa crucial: impulsa o contribuye a crear nuevas organizaciones. Fue el caso, en su d\u00eda, de los Juristas Cristianos y desde hace unos a\u00f1os, de la implantaci\u00f3n de las Gu\u00edas y Scouts de Europa que han constituido un evento decisivo en la creaci\u00f3n de estructuras y significantes dirigidos a los j\u00f3venes desde la concepci\u00f3n cat\u00f3lica.<\/p>\n<p>Ahora la II Asamblea marca nuevas metas. Ser\u00eda bueno que otros sujetos las asumieran con vocaci\u00f3n de liderazgo. En el mientras tanto, seguiremos trabajando con una idea clara que queremos transmitir: el <strong>crecimiento de e-Cristians es decisivo para una progresiva transformaci\u00f3n de la realidad moral, cultural y pol\u00edtica<\/strong>.<\/p>\n<p>Tu puedes contribuir decisivamente a este crecimiento, llevando a cabo lo que caracteriz\u00f3 y dar \u00e9xito al cristianismo desde su origen marginal en un rinc\u00f3n de Judea, hasta llegar a ser mayor\u00eda en el imperio romano. Se trata sencillamente y en la actual circunstancia, que consigas que <a href=\"https:\/\/e-cristians.cat\/es\/hazte-socio\/\" target=\"_blank\" rel=\"noopener\"><strong>2 personas de tu entorno se hagan socias<\/strong><\/a>. Miembros de tu familia, m\u00e1s cercana o lejana, amigos, compa\u00f1eros de trabajo o de ocio, personas que tu conoces y con las que tu tienes relaci\u00f3n. De todas ellas, 2 con certeza pueden hacerse socias, solo tienes que plantearselo, explic\u00e1rselo. Y para este trabajo, la historia de la que hemos hecho y estamos haciendo y los resultados visuales y textuales de la II Asamblea pueden ser de gran ayuda. La mejor respuesta a lo que est\u00e1 pasando es tan concreta como esta. <strong><a href=\"https:\/\/e-cristians.cat\/es\/hazte-socio\/\" target=\"_blank\" rel=\"noopener\">Haz 2 nuevos socios para e-Cristians<\/a>.<\/strong><\/p>\n<p>Tambi\u00e9n me complace informarte que, junto con otras asociaciones, hemos presentado un <a href=\"https:\/\/e-cristians.cat\/wp-content\/uploads\/2023\/03\/Recurso-queja-TC-miembros-recusados.pdf\" target=\"_blank\" rel=\"noopener\"><strong>recurso de queja contra el propio Tribunal Constitucional<\/strong><\/a> por el hecho de que<strong> tres de sus miembros rehusaron ser recusados<\/strong> de la sentencia sobre el recurso de <strong>anticonstitucionalidad sobre la anterior ley de el aborto<\/strong> y en un acto ins\u00f3lito <strong>impidieron que se apartara a un cuarto miembro<\/strong> que s\u00ed hab\u00eda manifestado su intenci\u00f3n de no participar en la decisi\u00f3n.<\/p>\n","protected":false},"excerpt":{"rendered":"<p>Apreciado amigo\/Apreciada amiga: En mi carta de la semana pasada te daba a conocer el resumen de las actuaciones m\u00e1s destacadas de e-Cristians a lo largo de 2 d\u00e9cadas. Una exposici\u00f3n concisa, que a la vez permit\u00eda ver la regularidad e importancia del trabajo desplegado por la simple enumeraci\u00f3n de las acciones. En el mensaje&#8230;<\/p>\n","protected":false},"author":2,"featured_media":94768,"comment_status":"closed","ping_status":"closed","sticky":false,"template":"","format":"standard","meta":{"_jetpack_memberships_contains_paid_content":false,"footnotes":""},"categories":[29],"tags":[],"class_list":["post-94770","post","type-post","status-publish","format-standard","has-post-thumbnail","hentry","category-carta-setmanal-de-josep-miro-i-ardevol-es"],"yoast_head":"<!-- This site is optimized with the Yoast SEO plugin v20.0 - https:\/\/yoast.com\/wordpress\/plugins\/seo\/ -->\n<title>No lo dudes, buena parte de la respuesta pasa por el crecimiento de e-Cristians - e-Cristians<\/title>\n<meta name=\"robots\" content=\"noindex, nofollow\" \/>\n<meta property=\"og:locale\" content=\"es_ES\" \/>\n<meta property=\"og:type\" content=\"article\" \/>\n<meta property=\"og:title\" content=\"No lo dudes, buena parte de la respuesta pasa por el crecimiento de e-Cristians - e-Cristians\" \/>\n<meta property=\"og:description\" content=\"Apreciado amigo\/Apreciada amiga: En mi carta de la semana pasada te daba a conocer el resumen de las actuaciones m\u00e1s destacadas de e-Cristians a lo largo de 2 d\u00e9cadas. Una exposici\u00f3n concisa, que a la vez permit\u00eda ver la regularidad e importancia del trabajo desplegado por la simple enumeraci\u00f3n de las acciones. En el mensaje...\" \/>\n<meta property=\"og:url\" content=\"https:\/\/e-cristians.cat\/es\/carta-semanal-de-josep-miro-no-lo-dudes-buena-parte-de-la-respuesta-pasa-por-el-crecimiento-de-e-cristians\/\" \/>\n<meta property=\"og:site_name\" content=\"e-Cristians\" \/>\n<meta property=\"article:published_time\" content=\"2023-03-17T09:00:09+00:00\" \/>\n<meta property=\"article:modified_time\" content=\"2023-03-31T10:32:17+00:00\" \/>\n<meta property=\"og:image\" content=\"https:\/\/e-cristians.cat\/wp-content\/uploads\/2023\/03\/El-Paganismo-y-El-Cristianismo-649x359-1.jpg\" \/>\n\t<meta property=\"og:image:width\" content=\"649\" \/>\n\t<meta property=\"og:image:height\" content=\"341\" \/>\n\t<meta property=\"og:image:type\" content=\"image\/jpeg\" \/>\n<meta name=\"author\" content=\"e-Cristians\" \/>\n<meta name=\"twitter:card\" content=\"summary_large_image\" \/>\n<meta name=\"twitter:label1\" content=\"Escrito por\" \/>\n\t<meta name=\"twitter:data1\" content=\"e-Cristians\" \/>\n\t<meta name=\"twitter:label2\" content=\"Tiempo de lectura\" \/>\n\t<meta name=\"twitter:data2\" content=\"3 minutos\" \/>\n<script type=\"application\/ld+json\" class=\"yoast-schema-graph\">{\"@context\":\"https:\/\/schema.org\",\"@graph\":[{\"@type\":\"WebPage\",\"@id\":\"https:\/\/e-cristians.cat\/es\/carta-semanal-de-josep-miro-no-lo-dudes-buena-parte-de-la-respuesta-pasa-por-el-crecimiento-de-e-cristians\/\",\"url\":\"https:\/\/e-cristians.cat\/es\/carta-semanal-de-josep-miro-no-lo-dudes-buena-parte-de-la-respuesta-pasa-por-el-crecimiento-de-e-cristians\/\",\"name\":\"No lo dudes, buena parte de la respuesta pasa por el crecimiento de e-Cristians - e-Cristians\",\"isPartOf\":{\"@id\":\"https:\/\/e-cristians.cat\/#website\"},\"datePublished\":\"2023-03-17T09:00:09+00:00\",\"dateModified\":\"2023-03-31T10:32:17+00:00\",\"author\":{\"@id\":\"https:\/\/e-cristians.cat\/#\/schema\/person\/f0ec475338e49aaef9c9dc9d9f162861\"},\"breadcrumb\":{\"@id\":\"https:\/\/e-cristians.cat\/es\/carta-semanal-de-josep-miro-no-lo-dudes-buena-parte-de-la-respuesta-pasa-por-el-crecimiento-de-e-cristians\/#breadcrumb\"},\"inLanguage\":\"es\",\"potentialAction\":[{\"@type\":\"ReadAction\",\"target\":[\"https:\/\/e-cristians.cat\/es\/carta-semanal-de-josep-miro-no-lo-dudes-buena-parte-de-la-respuesta-pasa-por-el-crecimiento-de-e-cristians\/\"]}]},{\"@type\":\"BreadcrumbList\",\"@id\":\"https:\/\/e-cristians.cat\/es\/carta-semanal-de-josep-miro-no-lo-dudes-buena-parte-de-la-respuesta-pasa-por-el-crecimiento-de-e-cristians\/#breadcrumb\",\"itemListElement\":[{\"@type\":\"ListItem\",\"position\":1,\"name\":\"Inici\",\"item\":\"https:\/\/e-cristians.cat\/es\/\"},{\"@type\":\"ListItem\",\"position\":2,\"name\":\"No lo dudes, buena parte de la respuesta pasa por el crecimiento de e-Cristians\"}]},{\"@type\":\"WebSite\",\"@id\":\"https:\/\/e-cristians.cat\/#website\",\"url\":\"https:\/\/e-cristians.cat\/\",\"name\":\"e-Cristians\",\"description\":\"\",\"potentialAction\":[{\"@type\":\"SearchAction\",\"target\":{\"@type\":\"EntryPoint\",\"urlTemplate\":\"https:\/\/e-cristians.cat\/?s={search_term_string}\"},\"query-input\":\"required name=search_term_string\"}],\"inLanguage\":\"es\"},{\"@type\":\"Person\",\"@id\":\"https:\/\/e-cristians.cat\/#\/schema\/person\/f0ec475338e49aaef9c9dc9d9f162861\",\"name\":\"e-Cristians\",\"image\":{\"@type\":\"ImageObject\",\"inLanguage\":\"es\",\"@id\":\"https:\/\/e-cristians.cat\/#\/schema\/person\/image\/\",\"url\":\"https:\/\/secure.gravatar.com\/avatar\/14bc9e5b0ca69070f1075ad3efcb33c4?s=96&d=mm&r=g\",\"contentUrl\":\"https:\/\/secure.gravatar.com\/avatar\/14bc9e5b0ca69070f1075ad3efcb33c4?s=96&d=mm&r=g\",\"caption\":\"e-Cristians\"}}]}<\/script>\n<!-- \/ Yoast SEO plugin. -->","yoast_head_json":{"title":"No lo dudes, buena parte de la respuesta pasa por el crecimiento de e-Cristians - e-Cristians","robots":{"index":"noindex","follow":"nofollow"},"og_locale":"es_ES","og_type":"article","og_title":"No lo dudes, buena parte de la respuesta pasa por el crecimiento de e-Cristians - e-Cristians","og_description":"Apreciado amigo\/Apreciada amiga: En mi carta de la semana pasada te daba a conocer el resumen de las actuaciones m\u00e1s destacadas de e-Cristians a lo largo de 2 d\u00e9cadas. Una exposici\u00f3n concisa, que a la vez permit\u00eda ver la regularidad e importancia del trabajo desplegado por la simple enumeraci\u00f3n de las acciones. En el mensaje...","og_url":"https:\/\/e-cristians.cat\/es\/carta-semanal-de-josep-miro-no-lo-dudes-buena-parte-de-la-respuesta-pasa-por-el-crecimiento-de-e-cristians\/","og_site_name":"e-Cristians","article_published_time":"2023-03-17T09:00:09+00:00","article_modified_time":"2023-03-31T10:32:17+00:00","og_image":[{"width":649,"height":341,"url":"https:\/\/e-cristians.cat\/wp-content\/uploads\/2023\/03\/El-Paganismo-y-El-Cristianismo-649x359-1.jpg","type":"image\/jpeg"}],"author":"e-Cristians","twitter_card":"summary_large_image","twitter_misc":{"Escrito por":"e-Cristians","Tiempo de lectura":"3 minutos"},"schema":{"@context":"https:\/\/schema.org","@graph":[{"@type":"WebPage","@id":"https:\/\/e-cristians.cat\/es\/carta-semanal-de-josep-miro-no-lo-dudes-buena-parte-de-la-respuesta-pasa-por-el-crecimiento-de-e-cristians\/","url":"https:\/\/e-cristians.cat\/es\/carta-semanal-de-josep-miro-no-lo-dudes-buena-parte-de-la-respuesta-pasa-por-el-crecimiento-de-e-cristians\/","name":"No lo dudes, buena parte de la respuesta pasa por el crecimiento de e-Cristians - e-Cristians","isPartOf":{"@id":"https:\/\/e-cristians.cat\/#website"},"datePublished":"2023-03-17T09:00:09+00:00","dateModified":"2023-03-31T10:32:17+00:00","author":{"@id":"https:\/\/e-cristians.cat\/#\/schema\/person\/f0ec475338e49aaef9c9dc9d9f162861"},"breadcrumb":{"@id":"https:\/\/e-cristians.cat\/es\/carta-semanal-de-josep-miro-no-lo-dudes-buena-parte-de-la-respuesta-pasa-por-el-crecimiento-de-e-cristians\/#breadcrumb"},"inLanguage":"es","potentialAction":[{"@type":"ReadAction","target":["https:\/\/e-cristians.cat\/es\/carta-semanal-de-josep-miro-no-lo-dudes-buena-parte-de-la-respuesta-pasa-por-el-crecimiento-de-e-cristians\/"]}]},{"@type":"BreadcrumbList","@id":"https:\/\/e-cristians.cat\/es\/carta-semanal-de-josep-miro-no-lo-dudes-buena-parte-de-la-respuesta-pasa-por-el-crecimiento-de-e-cristians\/#breadcrumb","itemListElement":[{"@type":"ListItem","position":1,"name":"Inici","item":"https:\/\/e-cristians.cat\/es\/"},{"@type":"ListItem","position":2,"name":"No lo dudes, buena parte de la respuesta pasa por el crecimiento de e-Cristians"}]},{"@type":"WebSite","@id":"https:\/\/e-cristians.cat\/#website","url":"https:\/\/e-cristians.cat\/","name":"e-Cristians","description":"","potentialAction":[{"@type":"SearchAction","target":{"@type":"EntryPoint","urlTemplate":"https:\/\/e-cristians.cat\/?s={search_term_string}"},"query-input":"required name=search_term_string"}],"inLanguage":"es"},{"@type":"Person","@id":"https:\/\/e-cristians.cat\/#\/schema\/person\/f0ec475338e49aaef9c9dc9d9f162861","name":"e-Cristians","image":{"@type":"ImageObject","inLanguage":"es","@id":"https:\/\/e-cristians.cat\/#\/schema\/person\/image\/","url":"https:\/\/secure.gravatar.com\/avatar\/14bc9e5b0ca69070f1075ad3efcb33c4?s=96&d=mm&r=g","contentUrl":"https:\/\/secure.gravatar.com\/avatar\/14bc9e5b0ca69070f1075ad3efcb33c4?s=96&d=mm&r=g","caption":"e-Cristians"}}]}},"jetpack_sharing_enabled":true,"jetpack_featured_media_url":"https:\/\/e-cristians.cat\/wp-content\/uploads\/2023\/03\/El-Paganismo-y-El-Cristianismo-649x359-1.jpg","_links":{"self":[{"href":"https:\/\/e-cristians.cat\/es\/wp-json\/wp\/v2\/posts\/94770"}],"collection":[{"href":"https:\/\/e-cristians.cat\/es\/wp-json\/wp\/v2\/posts"}],"about":[{"href":"https:\/\/e-cristians.cat\/es\/wp-json\/wp\/v2\/types\/post"}],"author":[{"embeddable":true,"href":"https:\/\/e-cristians.cat\/es\/wp-json\/wp\/v2\/users\/2"}],"replies":[{"embeddable":true,"href":"https:\/\/e-cristians.cat\/es\/wp-json\/wp\/v2\/comments?post=94770"}],"version-history":[{"count":5,"href":"https:\/\/e-cristians.cat\/es\/wp-json\/wp\/v2\/posts\/94770\/revisions"}],"predecessor-version":[{"id":95866,"href":"https:\/\/e-cristians.cat\/es\/wp-json\/wp\/v2\/posts\/94770\/revisions\/95866"}],"wp:featuredmedia":[{"embeddable":true,"href":"https:\/\/e-cristians.cat\/es\/wp-json\/wp\/v2\/media\/94768"}],"wp:attachment":[{"href":"https:\/\/e-cristians.cat\/es\/wp-json\/wp\/v2\/media?parent=94770"}],"wp:term":[{"taxonomy":"category","embeddable":true,"href":"https:\/\/e-cristians.cat\/es\/wp-json\/wp\/v2\/categories?post=94770"},{"taxonomy":"post_tag","embeddable":true,"href":"https:\/\/e-cristians.cat\/es\/wp-json\/wp\/v2\/tags?post=94770"}],"curies":[{"name":"wp","href":"https:\/\/api.w.org\/{rel}","templated":true}]}}