{"id":94799,"date":"2023-03-16T17:38:07","date_gmt":"2023-03-16T16:38:07","guid":{"rendered":"https:\/\/e-cristians.cat\/?p=94799"},"modified":"2023-03-16T17:53:01","modified_gmt":"2023-03-16T16:53:01","slug":"e-cristians-junto-con-otras-asociaciones-hemos-presentado-un-escrito-de-queja-ante-el-tribunal-constitucional-en-defensa-de-la-vida-de-los-no-nacidos-y-de-la-imparcialidad-juridica-del-tribunal-consti","status":"publish","type":"post","link":"https:\/\/e-cristians.cat\/es\/e-cristians-junto-con-otras-asociaciones-hemos-presentado-un-escrito-de-queja-ante-el-tribunal-constitucional-en-defensa-de-la-vida-de-los-no-nacidos-y-de-la-imparcialidad-juridica-del-tribunal-consti\/","title":{"rendered":"e-Cristians junto con otras asociaciones presentan un recurso de queja ante el TC en defensa de la Vida y de la imparcialidad jur\u00eddica del TC"},"content":{"rendered":"<p>Hoy <strong>m\u00e1s de 140 organizaciones<\/strong> de la sociedad civil que forman la Asamblea por la Vida, la Dignidad y la Libertad, representadas por e-Cristians, la Federaci\u00f3n Espa\u00f1ola de Asociaciones Pro-Vida, la Federaci\u00f3n One of Us, NEOS, Asociaci\u00f3n Cristianos en Democracia, Foro Espa\u00f1ol de la Familia, ACDP, la Asociaci\u00f3n Nacional de Objeci\u00f3n de Conciencia, Familia y Dignidad Humana y la Fundaci\u00f3n J\u00e9r\u00f4me Lejeune, entre otras, y cuyo fin es la defensa de la vida humana, se han dado cita para presentar un <a href=\"https:\/\/e-cristians.cat\/wp-content\/uploads\/2023\/03\/Recurso-queja-TC-miembros-recusados.pdf\" target=\"_blank\" rel=\"noopener\">escrito de queja ante el Tribunal Constitucional<\/a>.<\/p>\n<p>Ante la falta de canales previstos para que la sociedad civil pueda comparecer ante este Tribunal, las m\u00e1s de 140 asociaciones que componen la Asamblea por la Vida, la Dignidad y la Libertad han presentado hoy este escrito al entender la gravedad de los hechos que afectan por un lado a la exigible imparcialidad jur\u00eddica de todo Estado de Derecho, y por otro a centenares de miles de vidas en gestaci\u00f3n, cuyo fin protegemos.<\/p>\n<p>Jaime Mayor Oreja, impulsor de NEOS y en representaci\u00f3n de la Asamblea por la Vida, ha explicado que \u201cEl acto de hoy ha consistido en la entrega de un escrito de queja de muchas asociaciones e instituciones, por lo que significa una participaci\u00f3n de unas personas que no deber\u00edan participar en una sentencia tan importante como ser\u00e1 la sentencia de la ley del aborto ya que han formado parte en otros procedimientos relacionados con esta ley\u201d. Mayor Oreja ha manifestado el compromiso de todas las asociaciones en seguir dando la batalla en este debate tan fundamental, para lo que se aprovechar\u00e1n todas las posibilidades que permite la ley y el Estado de Derecho.<\/p>\n<p>Adem\u00e1s, el impulsor de NEOS ha aprovechado para apelar a las conciencias de los miembros del Tribunal Constitucional para no pervertir su aut\u00e9ntica naturaleza: \u201cEl Tribunal Constitucional es un instrumento al servicio de la Constituci\u00f3n y no puede ser un instrumento al servicio de un proyecto de ingenier\u00eda social\u201d.<\/p>\n<p>Mayor Oreja ha insistido en que las apelaciones a la moral y a las conciencia hay que hacerlas siempre \u201caunque t\u00fa tengas la impresi\u00f3n de que hay un impulso pol\u00edtico en una perversa direcci\u00f3n, pero eso no significa que no podamos y debamos apelar a sus conciencias. Hay magistrados del Tribunal Constitucional que tienen q entender que esto es algo as\u00ed como un buque insignia de un proyecto de ingenia social y que tratan de cambiar, destruir, socavar y reemplazar unos fundamentos por otros, por una nueva sociedad, y es un disparate que el tribunal se preste a ello\u201d.<\/p>\n<p>Por otra parte, Alicia Latorre, presidenta de la Federaci\u00f3n Espa\u00f1ola de Asociaciones Provida ha insistido en que \u201cDesde las asociaciones que cada d\u00eda defendemos la vida y que sabemos el dolor y la muerte que lleva consigo cada aborto queremos hacer todo lo que est\u00e9 en nuestra mano y este escrito de queja es la \u00fanica posibilidad que nos permite la ley\u201d. Latorre ha recordado que, yendo al fondo de la cuesti\u00f3n, en este procedimiento \u201cNo se trata de conseguir un derecho m\u00e1s, sino que se est\u00e1n quitando derechos fundamentales al ser humano no nacido\u201d y ha querido subrayar que \u201ces contradictorio con la Constituci\u00f3n porque no puede haber un derecho a la Vida y un derecho a quitarla\u201d.<\/p>\n","protected":false},"excerpt":{"rendered":"<p>Hoy m\u00e1s de 140 organizaciones de la sociedad civil que forman la Asamblea por la Vida, la Dignidad y la Libertad, representadas por e-Cristians, la Federaci\u00f3n Espa\u00f1ola de Asociaciones Pro-Vida, la Federaci\u00f3n One of Us, NEOS, Asociaci\u00f3n Cristianos en Democracia, Foro Espa\u00f1ol de la Familia, ACDP, la Asociaci\u00f3n Nacional de Objeci\u00f3n de Conciencia, Familia y&#8230;<\/p>\n","protected":false},"author":2,"featured_media":94800,"comment_status":"closed","ping_status":"closed","sticky":false,"template":"","format":"standard","meta":{"_jetpack_memberships_contains_paid_content":false,"footnotes":""},"categories":[33,39],"tags":[],"class_list":["post-94799","post","type-post","status-publish","format-standard","has-post-thumbnail","hentry","category-altres-entitats-informacions-agenda-i-documents-es","category-portada_news-es"],"yoast_head":"<!-- This site is optimized with the Yoast SEO plugin v20.0 - https:\/\/yoast.com\/wordpress\/plugins\/seo\/ -->\n<title>e-Cristians junto con otras asociaciones presentan un recurso de queja ante el TC en defensa de la Vida y de la imparcialidad jur\u00eddica del TC - e-Cristians<\/title>\n<meta name=\"robots\" content=\"noindex, nofollow\" \/>\n<meta property=\"og:locale\" content=\"es_ES\" \/>\n<meta property=\"og:type\" content=\"article\" \/>\n<meta property=\"og:title\" content=\"e-Cristians junto con otras asociaciones presentan un recurso de queja ante el TC en defensa de la Vida y de la imparcialidad jur\u00eddica del TC - e-Cristians\" \/>\n<meta property=\"og:description\" content=\"Hoy m\u00e1s de 140 organizaciones de la sociedad civil que forman la Asamblea por la Vida, la Dignidad y la Libertad, representadas por e-Cristians, la Federaci\u00f3n Espa\u00f1ola de Asociaciones Pro-Vida, la Federaci\u00f3n One of Us, NEOS, Asociaci\u00f3n Cristianos en Democracia, Foro Espa\u00f1ol de la Familia, ACDP, la Asociaci\u00f3n Nacional de Objeci\u00f3n de Conciencia, Familia y...\" \/>\n<meta property=\"og:url\" content=\"https:\/\/e-cristians.cat\/es\/e-cristians-junto-con-otras-asociaciones-hemos-presentado-un-escrito-de-queja-ante-el-tribunal-constitucional-en-defensa-de-la-vida-de-los-no-nacidos-y-de-la-imparcialidad-juridica-del-tribunal-consti\/\" \/>\n<meta property=\"og:site_name\" content=\"e-Cristians\" \/>\n<meta property=\"article:published_time\" content=\"2023-03-16T16:38:07+00:00\" \/>\n<meta property=\"article:modified_time\" content=\"2023-03-16T16:53:01+00:00\" \/>\n<meta property=\"og:image\" content=\"https:\/\/e-cristians.cat\/wp-content\/uploads\/2023\/03\/TC.jpg\" \/>\n\t<meta property=\"og:image:width\" content=\"555\" \/>\n\t<meta property=\"og:image:height\" content=\"234\" \/>\n\t<meta property=\"og:image:type\" content=\"image\/jpeg\" \/>\n<meta name=\"author\" content=\"e-Cristians\" \/>\n<meta name=\"twitter:card\" content=\"summary_large_image\" \/>\n<meta name=\"twitter:label1\" content=\"Escrito por\" \/>\n\t<meta name=\"twitter:data1\" content=\"e-Cristians\" \/>\n\t<meta name=\"twitter:label2\" content=\"Tiempo de lectura\" \/>\n\t<meta name=\"twitter:data2\" content=\"3 minutos\" \/>\n<script type=\"application\/ld+json\" class=\"yoast-schema-graph\">{\"@context\":\"https:\/\/schema.org\",\"@graph\":[{\"@type\":\"WebPage\",\"@id\":\"https:\/\/e-cristians.cat\/es\/e-cristians-junto-con-otras-asociaciones-hemos-presentado-un-escrito-de-queja-ante-el-tribunal-constitucional-en-defensa-de-la-vida-de-los-no-nacidos-y-de-la-imparcialidad-juridica-del-tribunal-consti\/\",\"url\":\"https:\/\/e-cristians.cat\/es\/e-cristians-junto-con-otras-asociaciones-hemos-presentado-un-escrito-de-queja-ante-el-tribunal-constitucional-en-defensa-de-la-vida-de-los-no-nacidos-y-de-la-imparcialidad-juridica-del-tribunal-consti\/\",\"name\":\"e-Cristians junto con otras asociaciones presentan un recurso de queja ante el TC en defensa de la Vida y de la imparcialidad jur\u00eddica del TC - e-Cristians\",\"isPartOf\":{\"@id\":\"https:\/\/e-cristians.cat\/#website\"},\"datePublished\":\"2023-03-16T16:38:07+00:00\",\"dateModified\":\"2023-03-16T16:53:01+00:00\",\"author\":{\"@id\":\"https:\/\/e-cristians.cat\/#\/schema\/person\/f0ec475338e49aaef9c9dc9d9f162861\"},\"breadcrumb\":{\"@id\":\"https:\/\/e-cristians.cat\/es\/e-cristians-junto-con-otras-asociaciones-hemos-presentado-un-escrito-de-queja-ante-el-tribunal-constitucional-en-defensa-de-la-vida-de-los-no-nacidos-y-de-la-imparcialidad-juridica-del-tribunal-consti\/#breadcrumb\"},\"inLanguage\":\"es\",\"potentialAction\":[{\"@type\":\"ReadAction\",\"target\":[\"https:\/\/e-cristians.cat\/es\/e-cristians-junto-con-otras-asociaciones-hemos-presentado-un-escrito-de-queja-ante-el-tribunal-constitucional-en-defensa-de-la-vida-de-los-no-nacidos-y-de-la-imparcialidad-juridica-del-tribunal-consti\/\"]}]},{\"@type\":\"BreadcrumbList\",\"@id\":\"https:\/\/e-cristians.cat\/es\/e-cristians-junto-con-otras-asociaciones-hemos-presentado-un-escrito-de-queja-ante-el-tribunal-constitucional-en-defensa-de-la-vida-de-los-no-nacidos-y-de-la-imparcialidad-juridica-del-tribunal-consti\/#breadcrumb\",\"itemListElement\":[{\"@type\":\"ListItem\",\"position\":1,\"name\":\"Inici\",\"item\":\"https:\/\/e-cristians.cat\/es\/\"},{\"@type\":\"ListItem\",\"position\":2,\"name\":\"e-Cristians junto con otras asociaciones presentan un recurso de queja ante el TC en defensa de la Vida y de la imparcialidad jur\u00eddica del TC\"}]},{\"@type\":\"WebSite\",\"@id\":\"https:\/\/e-cristians.cat\/#website\",\"url\":\"https:\/\/e-cristians.cat\/\",\"name\":\"e-Cristians\",\"description\":\"\",\"potentialAction\":[{\"@type\":\"SearchAction\",\"target\":{\"@type\":\"EntryPoint\",\"urlTemplate\":\"https:\/\/e-cristians.cat\/?s={search_term_string}\"},\"query-input\":\"required name=search_term_string\"}],\"inLanguage\":\"es\"},{\"@type\":\"Person\",\"@id\":\"https:\/\/e-cristians.cat\/#\/schema\/person\/f0ec475338e49aaef9c9dc9d9f162861\",\"name\":\"e-Cristians\",\"image\":{\"@type\":\"ImageObject\",\"inLanguage\":\"es\",\"@id\":\"https:\/\/e-cristians.cat\/#\/schema\/person\/image\/\",\"url\":\"https:\/\/secure.gravatar.com\/avatar\/14bc9e5b0ca69070f1075ad3efcb33c4?s=96&d=mm&r=g\",\"contentUrl\":\"https:\/\/secure.gravatar.com\/avatar\/14bc9e5b0ca69070f1075ad3efcb33c4?s=96&d=mm&r=g\",\"caption\":\"e-Cristians\"}}]}<\/script>\n<!-- \/ Yoast SEO plugin. -->","yoast_head_json":{"title":"e-Cristians junto con otras asociaciones presentan un recurso de queja ante el TC en defensa de la Vida y de la imparcialidad jur\u00eddica del TC - e-Cristians","robots":{"index":"noindex","follow":"nofollow"},"og_locale":"es_ES","og_type":"article","og_title":"e-Cristians junto con otras asociaciones presentan un recurso de queja ante el TC en defensa de la Vida y de la imparcialidad jur\u00eddica del TC - e-Cristians","og_description":"Hoy m\u00e1s de 140 organizaciones de la sociedad civil que forman la Asamblea por la Vida, la Dignidad y la Libertad, representadas por e-Cristians, la Federaci\u00f3n Espa\u00f1ola de Asociaciones Pro-Vida, la Federaci\u00f3n One of Us, NEOS, Asociaci\u00f3n Cristianos en Democracia, Foro Espa\u00f1ol de la Familia, ACDP, la Asociaci\u00f3n Nacional de Objeci\u00f3n de Conciencia, Familia y...","og_url":"https:\/\/e-cristians.cat\/es\/e-cristians-junto-con-otras-asociaciones-hemos-presentado-un-escrito-de-queja-ante-el-tribunal-constitucional-en-defensa-de-la-vida-de-los-no-nacidos-y-de-la-imparcialidad-juridica-del-tribunal-consti\/","og_site_name":"e-Cristians","article_published_time":"2023-03-16T16:38:07+00:00","article_modified_time":"2023-03-16T16:53:01+00:00","og_image":[{"width":555,"height":234,"url":"https:\/\/e-cristians.cat\/wp-content\/uploads\/2023\/03\/TC.jpg","type":"image\/jpeg"}],"author":"e-Cristians","twitter_card":"summary_large_image","twitter_misc":{"Escrito por":"e-Cristians","Tiempo de lectura":"3 minutos"},"schema":{"@context":"https:\/\/schema.org","@graph":[{"@type":"WebPage","@id":"https:\/\/e-cristians.cat\/es\/e-cristians-junto-con-otras-asociaciones-hemos-presentado-un-escrito-de-queja-ante-el-tribunal-constitucional-en-defensa-de-la-vida-de-los-no-nacidos-y-de-la-imparcialidad-juridica-del-tribunal-consti\/","url":"https:\/\/e-cristians.cat\/es\/e-cristians-junto-con-otras-asociaciones-hemos-presentado-un-escrito-de-queja-ante-el-tribunal-constitucional-en-defensa-de-la-vida-de-los-no-nacidos-y-de-la-imparcialidad-juridica-del-tribunal-consti\/","name":"e-Cristians junto con otras asociaciones presentan un recurso de queja ante el TC en defensa de la Vida y de la imparcialidad jur\u00eddica del TC - e-Cristians","isPartOf":{"@id":"https:\/\/e-cristians.cat\/#website"},"datePublished":"2023-03-16T16:38:07+00:00","dateModified":"2023-03-16T16:53:01+00:00","author":{"@id":"https:\/\/e-cristians.cat\/#\/schema\/person\/f0ec475338e49aaef9c9dc9d9f162861"},"breadcrumb":{"@id":"https:\/\/e-cristians.cat\/es\/e-cristians-junto-con-otras-asociaciones-hemos-presentado-un-escrito-de-queja-ante-el-tribunal-constitucional-en-defensa-de-la-vida-de-los-no-nacidos-y-de-la-imparcialidad-juridica-del-tribunal-consti\/#breadcrumb"},"inLanguage":"es","potentialAction":[{"@type":"ReadAction","target":["https:\/\/e-cristians.cat\/es\/e-cristians-junto-con-otras-asociaciones-hemos-presentado-un-escrito-de-queja-ante-el-tribunal-constitucional-en-defensa-de-la-vida-de-los-no-nacidos-y-de-la-imparcialidad-juridica-del-tribunal-consti\/"]}]},{"@type":"BreadcrumbList","@id":"https:\/\/e-cristians.cat\/es\/e-cristians-junto-con-otras-asociaciones-hemos-presentado-un-escrito-de-queja-ante-el-tribunal-constitucional-en-defensa-de-la-vida-de-los-no-nacidos-y-de-la-imparcialidad-juridica-del-tribunal-consti\/#breadcrumb","itemListElement":[{"@type":"ListItem","position":1,"name":"Inici","item":"https:\/\/e-cristians.cat\/es\/"},{"@type":"ListItem","position":2,"name":"e-Cristians junto con otras asociaciones presentan un recurso de queja ante el TC en defensa de la Vida y de la imparcialidad jur\u00eddica del TC"}]},{"@type":"WebSite","@id":"https:\/\/e-cristians.cat\/#website","url":"https:\/\/e-cristians.cat\/","name":"e-Cristians","description":"","potentialAction":[{"@type":"SearchAction","target":{"@type":"EntryPoint","urlTemplate":"https:\/\/e-cristians.cat\/?s={search_term_string}"},"query-input":"required name=search_term_string"}],"inLanguage":"es"},{"@type":"Person","@id":"https:\/\/e-cristians.cat\/#\/schema\/person\/f0ec475338e49aaef9c9dc9d9f162861","name":"e-Cristians","image":{"@type":"ImageObject","inLanguage":"es","@id":"https:\/\/e-cristians.cat\/#\/schema\/person\/image\/","url":"https:\/\/secure.gravatar.com\/avatar\/14bc9e5b0ca69070f1075ad3efcb33c4?s=96&d=mm&r=g","contentUrl":"https:\/\/secure.gravatar.com\/avatar\/14bc9e5b0ca69070f1075ad3efcb33c4?s=96&d=mm&r=g","caption":"e-Cristians"}}]}},"jetpack_sharing_enabled":true,"jetpack_featured_media_url":"https:\/\/e-cristians.cat\/wp-content\/uploads\/2023\/03\/TC.jpg","_links":{"self":[{"href":"https:\/\/e-cristians.cat\/es\/wp-json\/wp\/v2\/posts\/94799"}],"collection":[{"href":"https:\/\/e-cristians.cat\/es\/wp-json\/wp\/v2\/posts"}],"about":[{"href":"https:\/\/e-cristians.cat\/es\/wp-json\/wp\/v2\/types\/post"}],"author":[{"embeddable":true,"href":"https:\/\/e-cristians.cat\/es\/wp-json\/wp\/v2\/users\/2"}],"replies":[{"embeddable":true,"href":"https:\/\/e-cristians.cat\/es\/wp-json\/wp\/v2\/comments?post=94799"}],"version-history":[{"count":5,"href":"https:\/\/e-cristians.cat\/es\/wp-json\/wp\/v2\/posts\/94799\/revisions"}],"predecessor-version":[{"id":94814,"href":"https:\/\/e-cristians.cat\/es\/wp-json\/wp\/v2\/posts\/94799\/revisions\/94814"}],"wp:featuredmedia":[{"embeddable":true,"href":"https:\/\/e-cristians.cat\/es\/wp-json\/wp\/v2\/media\/94800"}],"wp:attachment":[{"href":"https:\/\/e-cristians.cat\/es\/wp-json\/wp\/v2\/media?parent=94799"}],"wp:term":[{"taxonomy":"category","embeddable":true,"href":"https:\/\/e-cristians.cat\/es\/wp-json\/wp\/v2\/categories?post=94799"},{"taxonomy":"post_tag","embeddable":true,"href":"https:\/\/e-cristians.cat\/es\/wp-json\/wp\/v2\/tags?post=94799"}],"curies":[{"name":"wp","href":"https:\/\/api.w.org\/{rel}","templated":true}]}}