{"id":95413,"date":"2023-03-23T16:50:02","date_gmt":"2023-03-23T15:50:02","guid":{"rendered":"https:\/\/e-cristians.cat\/?p=95413"},"modified":"2023-03-23T16:50:26","modified_gmt":"2023-03-23T15:50:26","slug":"contribuye-a-que-e-cristians-mantenga-una-accion-continuada-en-la-vida-publica","status":"publish","type":"post","link":"https:\/\/e-cristians.cat\/es\/contribuye-a-que-e-cristians-mantenga-una-accion-continuada-en-la-vida-publica\/","title":{"rendered":"Contribuye a que e-Cristians mantenga una acci\u00f3n continuada en la vida p\u00fablica"},"content":{"rendered":"<p>Como sabes, <strong>e-Cristians<\/strong> mantiene una <strong>acci\u00f3n continuada e importante en la vida p\u00fablica<\/strong>. Es la voz, la propuesta y la cr\u00edtica de la acci\u00f3n de los laicos sobre los \u00e1mbitos institucionales y pol\u00edticos, conducida por la aplicaci\u00f3n de la doctrina social de la Iglesia. Una acci\u00f3n que adem\u00e1s busca la participaci\u00f3n y protagonismo de otros grupos y asociaciones porque entiende que esta presencia no debe fundamentarse en el protagonismo propio, sino en la acci\u00f3n conjunta.<\/p>\n<p>Aqu\u00ed puedes leer un <a href=\"https:\/\/e-cristians.cat\/wp-content\/uploads\/2023\/03\/Historia-e-Cristians_ESP.pdf\" target=\"_blank\" rel=\"noopener\"><strong>resumen de la historia de e-Cristians<\/strong><\/a>, expuesta por la v\u00eda de mostrar las <strong>principales actividades llevadas a cabo<\/strong>, curso a curso, a lo largo de <strong>dos d\u00e9cadas<\/strong>. Es una forma sencilla y sucinta de dar a conocer cu\u00e1l ha sido <strong>nuestra visi\u00f3n<\/strong> y, sobre todo, <strong>misi\u00f3n y qu\u00e9 valores<\/strong> hemos promovido y defendido.<\/p>\n<h3 style=\"text-align: center;\"><span style=\"color: #ee4300;\"><strong>\u00bfQu\u00e9 y qui\u00e9n habr\u00eda abordado muchas de estas cuestiones si e-Cristians no existiera?<\/strong><\/span><\/h3>\n<h3 style=\"text-align: center;\"><strong>De ah\u00ed que el crecimiento de e-Cristians sea decisivo para una progresiva transformaci\u00f3n de la realidad moral, cultural y pol\u00edtica.<\/strong><\/h3>\n<p>T\u00fa <strong>puedes contribuir decisivamente a este crecimiento<\/strong>, llevando a cabo lo que caracteriz\u00f3 y dio \u00e9xito al cristianismo desde su origen marginal en un rinc\u00f3n de Judea, hasta llegar a ser mayor\u00eda en el imperio romano. Se trata simplemente y en la actual circunstancia de:<\/p>\n<ul>\n<li>La mejor ayuda es que, si todav\u00eda no lo eres, <a href=\"https:\/\/e-cristians.cat\/es\/hazte-socio\/\" target=\"_blank\" rel=\"noopener\"><strong>te hagas socio de e-Cristians<\/strong><\/a>.<\/li>\n<li>Tambi\u00e9n puedes ayudarnos econ\u00f3micamente haciendo una aportaci\u00f3n:<br \/>\n\u2013 A trav\u00e9s de <a href=\"https:\/\/e-cristians.cat\/es\/haz-una-aportacion\/\" target=\"_blank\" rel=\"noopener\"><strong>nuestra web<\/strong><\/a><br \/>\n\u2013 O en nuestra cuenta corriente (IBAN): ES05 0182 1797 3902 0153 7576.<\/li>\n<li style=\"text-align: left;\">Y <strong>si ya eres socios<\/strong>, consigue que <a href=\"https:\/\/e-cristians.cat\/es\/hazte-socio\/\" target=\"_blank\" rel=\"noopener\"><strong>2 personas de tu entorno se hagan socias<\/strong><\/a>. Miembros de tu familia, m\u00e1s cercana o lejana, amigos, compa\u00f1eros de trabajo o de ocio, personas que tu conoces y con las que tu tienes relaci\u00f3n. De todas ellas, <strong>2 con certeza pueden hacerse socias<\/strong>, solo tienes que plante\u00e1rselo y explic\u00e1rselo. Y para este trabajo, la <a href=\"https:\/\/e-cristians.cat\/wp-content\/uploads\/2023\/03\/Historia-e-Cristians_ESP.pdf\" target=\"_blank\" rel=\"noopener\"><strong>historia de lo que hemos hecho y estamos haciendo<\/strong><\/a> y los resultados de la <a href=\"https:\/\/e-cristians.cat\/es\/ya-estan-disponibles-todos-los-videos-de-la-ii-asamblea-cristiana\/\" target=\"_blank\" rel=\"noopener\"><strong>II Asamblea<\/strong><\/a> pueden ser de gran ayuda. La mejor respuesta a lo que est\u00e1 pasando es tan concreta como esta.<\/li>\n<\/ul>\n<h3 style=\"text-align: center;\"><strong><span style=\"color: #ee4300;\">Ahora ya sabes lo que hacemos. Si lo compartes, ay\u00fadanos.<\/span><\/strong><\/h3>\n","protected":false},"excerpt":{"rendered":"<p>Como sabes, e-Cristians mantiene una acci\u00f3n continuada e importante en la vida p\u00fablica. Es la voz, la propuesta y la cr\u00edtica de la acci\u00f3n de los laicos sobre los \u00e1mbitos institucionales y pol\u00edticos, conducida por la aplicaci\u00f3n de la doctrina social de la Iglesia. Una acci\u00f3n que adem\u00e1s busca la participaci\u00f3n y protagonismo de otros&#8230;<\/p>\n","protected":false},"author":2,"featured_media":95410,"comment_status":"closed","ping_status":"closed","sticky":false,"template":"","format":"standard","meta":{"_jetpack_memberships_contains_paid_content":false,"footnotes":""},"categories":[24],"tags":[],"class_list":["post-95413","post","type-post","status-publish","format-standard","has-post-thumbnail","hentry","category-alertes-es"],"yoast_head":"<!-- This site is optimized with the Yoast SEO plugin v20.0 - https:\/\/yoast.com\/wordpress\/plugins\/seo\/ -->\n<title>Contribuye a que e-Cristians mantenga una acci\u00f3n continuada<\/title>\n<meta name=\"description\" content=\"Como sabes, e-Cristians mantiene una acci\u00f3n continuada e importante en la vida p\u00fablica. Es la voz, la propuesta y la cr\u00edtica\" \/>\n<meta name=\"robots\" content=\"index, follow, max-snippet:-1, max-image-preview:large, max-video-preview:-1\" \/>\n<link rel=\"canonical\" href=\"https:\/\/e-cristians.cat\/es\/contribuye-a-que-e-cristians-mantenga-una-accion-continuada-en-la-vida-publica\/\" \/>\n<meta property=\"og:locale\" content=\"es_ES\" \/>\n<meta property=\"og:type\" content=\"article\" \/>\n<meta property=\"og:title\" content=\"Contribuye a que e-Cristians mantenga una acci\u00f3n continuada\" \/>\n<meta property=\"og:description\" content=\"Como sabes, e-Cristians mantiene una acci\u00f3n continuada e importante en la vida p\u00fablica. Es la voz, la propuesta y la cr\u00edtica\" \/>\n<meta property=\"og:url\" content=\"https:\/\/e-cristians.cat\/es\/contribuye-a-que-e-cristians-mantenga-una-accion-continuada-en-la-vida-publica\/\" \/>\n<meta property=\"og:site_name\" content=\"e-Cristians\" \/>\n<meta property=\"article:published_time\" content=\"2023-03-23T15:50:02+00:00\" \/>\n<meta property=\"article:modified_time\" content=\"2023-03-23T15:50:26+00:00\" \/>\n<meta property=\"og:image\" content=\"https:\/\/e-cristians.cat\/wp-content\/uploads\/2023\/03\/muchas-manos-de-una-familia-como-encabezado-red-159835069.jpg\" \/>\n\t<meta property=\"og:image:width\" content=\"800\" \/>\n\t<meta property=\"og:image:height\" content=\"469\" \/>\n\t<meta property=\"og:image:type\" content=\"image\/jpeg\" \/>\n<meta name=\"author\" content=\"e-Cristians\" \/>\n<meta name=\"twitter:card\" content=\"summary_large_image\" \/>\n<meta name=\"twitter:label1\" content=\"Escrito por\" \/>\n\t<meta name=\"twitter:data1\" content=\"e-Cristians\" \/>\n\t<meta name=\"twitter:label2\" content=\"Tiempo de lectura\" \/>\n\t<meta name=\"twitter:data2\" content=\"2 minutos\" \/>\n<script type=\"application\/ld+json\" class=\"yoast-schema-graph\">{\"@context\":\"https:\/\/schema.org\",\"@graph\":[{\"@type\":\"WebPage\",\"@id\":\"https:\/\/e-cristians.cat\/es\/contribuye-a-que-e-cristians-mantenga-una-accion-continuada-en-la-vida-publica\/\",\"url\":\"https:\/\/e-cristians.cat\/es\/contribuye-a-que-e-cristians-mantenga-una-accion-continuada-en-la-vida-publica\/\",\"name\":\"Contribuye a que e-Cristians mantenga una acci\u00f3n continuada\",\"isPartOf\":{\"@id\":\"https:\/\/e-cristians.cat\/#website\"},\"datePublished\":\"2023-03-23T15:50:02+00:00\",\"dateModified\":\"2023-03-23T15:50:26+00:00\",\"author\":{\"@id\":\"https:\/\/e-cristians.cat\/#\/schema\/person\/f0ec475338e49aaef9c9dc9d9f162861\"},\"description\":\"Como sabes, e-Cristians mantiene una acci\u00f3n continuada e importante en la vida p\u00fablica. Es la voz, la propuesta y la cr\u00edtica\",\"breadcrumb\":{\"@id\":\"https:\/\/e-cristians.cat\/es\/contribuye-a-que-e-cristians-mantenga-una-accion-continuada-en-la-vida-publica\/#breadcrumb\"},\"inLanguage\":\"es\",\"potentialAction\":[{\"@type\":\"ReadAction\",\"target\":[\"https:\/\/e-cristians.cat\/es\/contribuye-a-que-e-cristians-mantenga-una-accion-continuada-en-la-vida-publica\/\"]}]},{\"@type\":\"BreadcrumbList\",\"@id\":\"https:\/\/e-cristians.cat\/es\/contribuye-a-que-e-cristians-mantenga-una-accion-continuada-en-la-vida-publica\/#breadcrumb\",\"itemListElement\":[{\"@type\":\"ListItem\",\"position\":1,\"name\":\"Inici\",\"item\":\"https:\/\/e-cristians.cat\/es\/\"},{\"@type\":\"ListItem\",\"position\":2,\"name\":\"Contribuye a que e-Cristians mantenga una acci\u00f3n continuada en la vida p\u00fablica\"}]},{\"@type\":\"WebSite\",\"@id\":\"https:\/\/e-cristians.cat\/#website\",\"url\":\"https:\/\/e-cristians.cat\/\",\"name\":\"e-Cristians\",\"description\":\"\",\"potentialAction\":[{\"@type\":\"SearchAction\",\"target\":{\"@type\":\"EntryPoint\",\"urlTemplate\":\"https:\/\/e-cristians.cat\/?s={search_term_string}\"},\"query-input\":\"required name=search_term_string\"}],\"inLanguage\":\"es\"},{\"@type\":\"Person\",\"@id\":\"https:\/\/e-cristians.cat\/#\/schema\/person\/f0ec475338e49aaef9c9dc9d9f162861\",\"name\":\"e-Cristians\",\"image\":{\"@type\":\"ImageObject\",\"inLanguage\":\"es\",\"@id\":\"https:\/\/e-cristians.cat\/#\/schema\/person\/image\/\",\"url\":\"https:\/\/secure.gravatar.com\/avatar\/14bc9e5b0ca69070f1075ad3efcb33c4?s=96&d=mm&r=g\",\"contentUrl\":\"https:\/\/secure.gravatar.com\/avatar\/14bc9e5b0ca69070f1075ad3efcb33c4?s=96&d=mm&r=g\",\"caption\":\"e-Cristians\"}}]}<\/script>\n<!-- \/ Yoast SEO plugin. -->","yoast_head_json":{"title":"Contribuye a que e-Cristians mantenga una acci\u00f3n continuada","description":"Como sabes, e-Cristians mantiene una acci\u00f3n continuada e importante en la vida p\u00fablica. Es la voz, la propuesta y la cr\u00edtica","robots":{"index":"index","follow":"follow","max-snippet":"max-snippet:-1","max-image-preview":"max-image-preview:large","max-video-preview":"max-video-preview:-1"},"canonical":"https:\/\/e-cristians.cat\/es\/contribuye-a-que-e-cristians-mantenga-una-accion-continuada-en-la-vida-publica\/","og_locale":"es_ES","og_type":"article","og_title":"Contribuye a que e-Cristians mantenga una acci\u00f3n continuada","og_description":"Como sabes, e-Cristians mantiene una acci\u00f3n continuada e importante en la vida p\u00fablica. Es la voz, la propuesta y la cr\u00edtica","og_url":"https:\/\/e-cristians.cat\/es\/contribuye-a-que-e-cristians-mantenga-una-accion-continuada-en-la-vida-publica\/","og_site_name":"e-Cristians","article_published_time":"2023-03-23T15:50:02+00:00","article_modified_time":"2023-03-23T15:50:26+00:00","og_image":[{"width":800,"height":469,"url":"https:\/\/e-cristians.cat\/wp-content\/uploads\/2023\/03\/muchas-manos-de-una-familia-como-encabezado-red-159835069.jpg","type":"image\/jpeg"}],"author":"e-Cristians","twitter_card":"summary_large_image","twitter_misc":{"Escrito por":"e-Cristians","Tiempo de lectura":"2 minutos"},"schema":{"@context":"https:\/\/schema.org","@graph":[{"@type":"WebPage","@id":"https:\/\/e-cristians.cat\/es\/contribuye-a-que-e-cristians-mantenga-una-accion-continuada-en-la-vida-publica\/","url":"https:\/\/e-cristians.cat\/es\/contribuye-a-que-e-cristians-mantenga-una-accion-continuada-en-la-vida-publica\/","name":"Contribuye a que e-Cristians mantenga una acci\u00f3n continuada","isPartOf":{"@id":"https:\/\/e-cristians.cat\/#website"},"datePublished":"2023-03-23T15:50:02+00:00","dateModified":"2023-03-23T15:50:26+00:00","author":{"@id":"https:\/\/e-cristians.cat\/#\/schema\/person\/f0ec475338e49aaef9c9dc9d9f162861"},"description":"Como sabes, e-Cristians mantiene una acci\u00f3n continuada e importante en la vida p\u00fablica. Es la voz, la propuesta y la cr\u00edtica","breadcrumb":{"@id":"https:\/\/e-cristians.cat\/es\/contribuye-a-que-e-cristians-mantenga-una-accion-continuada-en-la-vida-publica\/#breadcrumb"},"inLanguage":"es","potentialAction":[{"@type":"ReadAction","target":["https:\/\/e-cristians.cat\/es\/contribuye-a-que-e-cristians-mantenga-una-accion-continuada-en-la-vida-publica\/"]}]},{"@type":"BreadcrumbList","@id":"https:\/\/e-cristians.cat\/es\/contribuye-a-que-e-cristians-mantenga-una-accion-continuada-en-la-vida-publica\/#breadcrumb","itemListElement":[{"@type":"ListItem","position":1,"name":"Inici","item":"https:\/\/e-cristians.cat\/es\/"},{"@type":"ListItem","position":2,"name":"Contribuye a que e-Cristians mantenga una acci\u00f3n continuada en la vida p\u00fablica"}]},{"@type":"WebSite","@id":"https:\/\/e-cristians.cat\/#website","url":"https:\/\/e-cristians.cat\/","name":"e-Cristians","description":"","potentialAction":[{"@type":"SearchAction","target":{"@type":"EntryPoint","urlTemplate":"https:\/\/e-cristians.cat\/?s={search_term_string}"},"query-input":"required name=search_term_string"}],"inLanguage":"es"},{"@type":"Person","@id":"https:\/\/e-cristians.cat\/#\/schema\/person\/f0ec475338e49aaef9c9dc9d9f162861","name":"e-Cristians","image":{"@type":"ImageObject","inLanguage":"es","@id":"https:\/\/e-cristians.cat\/#\/schema\/person\/image\/","url":"https:\/\/secure.gravatar.com\/avatar\/14bc9e5b0ca69070f1075ad3efcb33c4?s=96&d=mm&r=g","contentUrl":"https:\/\/secure.gravatar.com\/avatar\/14bc9e5b0ca69070f1075ad3efcb33c4?s=96&d=mm&r=g","caption":"e-Cristians"}}]}},"jetpack_sharing_enabled":true,"jetpack_featured_media_url":"https:\/\/e-cristians.cat\/wp-content\/uploads\/2023\/03\/muchas-manos-de-una-familia-como-encabezado-red-159835069.jpg","_links":{"self":[{"href":"https:\/\/e-cristians.cat\/es\/wp-json\/wp\/v2\/posts\/95413"}],"collection":[{"href":"https:\/\/e-cristians.cat\/es\/wp-json\/wp\/v2\/posts"}],"about":[{"href":"https:\/\/e-cristians.cat\/es\/wp-json\/wp\/v2\/types\/post"}],"author":[{"embeddable":true,"href":"https:\/\/e-cristians.cat\/es\/wp-json\/wp\/v2\/users\/2"}],"replies":[{"embeddable":true,"href":"https:\/\/e-cristians.cat\/es\/wp-json\/wp\/v2\/comments?post=95413"}],"version-history":[{"count":1,"href":"https:\/\/e-cristians.cat\/es\/wp-json\/wp\/v2\/posts\/95413\/revisions"}],"predecessor-version":[{"id":95415,"href":"https:\/\/e-cristians.cat\/es\/wp-json\/wp\/v2\/posts\/95413\/revisions\/95415"}],"wp:featuredmedia":[{"embeddable":true,"href":"https:\/\/e-cristians.cat\/es\/wp-json\/wp\/v2\/media\/95410"}],"wp:attachment":[{"href":"https:\/\/e-cristians.cat\/es\/wp-json\/wp\/v2\/media?parent=95413"}],"wp:term":[{"taxonomy":"category","embeddable":true,"href":"https:\/\/e-cristians.cat\/es\/wp-json\/wp\/v2\/categories?post=95413"},{"taxonomy":"post_tag","embeddable":true,"href":"https:\/\/e-cristians.cat\/es\/wp-json\/wp\/v2\/tags?post=95413"}],"curies":[{"name":"wp","href":"https:\/\/api.w.org\/{rel}","templated":true}]}}