{"id":95853,"date":"2023-03-31T12:21:34","date_gmt":"2023-03-31T10:21:34","guid":{"rendered":"https:\/\/e-cristians.cat\/?p=95853"},"modified":"2023-04-14T11:57:59","modified_gmt":"2023-04-14T09:57:59","slug":"carta-semanal-de-josep-miro-la-importancia-de-la-semana-santa-y-la-opcion-de-la-corriente-social-cristiana","status":"publish","type":"post","link":"https:\/\/e-cristians.cat\/es\/carta-semanal-de-josep-miro-la-importancia-de-la-semana-santa-y-la-opcion-de-la-corriente-social-cristiana\/","title":{"rendered":"La importancia de la Semana Santa y la opci\u00f3n de la Corriente Social Cristiana"},"content":{"rendered":"<p>Apreciado amigo\/Apreciada amiga de e-Cristians:<\/p>\n<p>Estamos en puertas de la semana m\u00e1s importante del a\u00f1o que comienza con el <strong>Domingo de Ramos y culmina con la Resurrecci\u00f3n de Jes\u00fas<\/strong>. Condensa toda la esencia del cristianismo y, en este sentido, debe recibir por nuestra parte la atenci\u00f3n y el recogimiento que merece un hecho de esta magnitud. Tambi\u00e9n en esto los tiempos no van por ah\u00ed. La <strong>Semana Santa<\/strong> es vista cada vez m\u00e1s como un per\u00edodo de vacaciones y de consumo, y en este sentido sufre de lo mismo que Navidad: de esta <strong>deriva de nuestra sociedad<\/strong>. Pero esto no hace m\u00e1s que exigirnos m\u00e1s por nuestra parte y asumir plenamente su dimensi\u00f3n de fe, que se expresa en nuestra participaci\u00f3n plena en toda la liturgia de esta semana.<\/p>\n<p>Tambi\u00e9n representa un paro por el descanso y eso siempre es bueno.<\/p>\n<p>Con todo, la actividad contin\u00faa inmediatamente despu\u00e9s, y en este sentido quiero anunciaros una primera cita, la del d\u00eda <strong>19 de abril a las 19h.<\/strong>, en la que celebraremos con personas de e-Cristians y otras interesadas, un primer <strong>encuentro virtual por Zoom<\/strong> para tratar sobre la opci\u00f3n de construir una <strong>Corriente Social Cristiana<\/strong> en el seno de nuestra sociedad, posibilidad que apunt\u00e9 en <a href=\"https:\/\/e-cristians.cat\/es\/interevencion-de-josep-miro-en-la-ii-asamblea-cristiana-la-nova-via-de-la-disidencia-a-la-alternativa\/\" target=\"_blank\" rel=\"noopener\"><strong>mi intervenci\u00f3n en la II Asamblea Cristiana<\/strong><\/a> del pasado 4 de marzo, pero que solo puede tomar sentido si son otras personas que de alguna forma recogen el planteamiento y lo impulsan. Por la naturaleza de la iniciativa, <strong>est\u00e1 limitada de momento a Catalunya<\/strong>, este es el \u00e1mbito de las personas llamadas a participar. Si tu eres una de ellas, y me gustar\u00eda que as\u00ed fuera, env\u00eda un e-mail <strong>confirmando tu inter\u00e9s en participar<\/strong> a <a href=\"mailto:secretaria@e-cristians.net\" target=\"_blank\" rel=\"noopener\"><strong>secretaria@e-cristians.net<\/strong><\/a> a fin de poder recibir los textos preparatorios y el enlace para acceder a la reuni\u00f3n.<\/p>\n<p>Como \u00faltima actividad antes de este corte de vacaciones, se llev\u00f3 a cabo la pen\u00faltima sesi\u00f3n del <a href=\"https:\/\/e-cristians.cat\/es\/ya-te-has-apuntado-para-participar-en-el-club-de-lectura-de-la-alternativa-cristiana\/\" target=\"_blank\" rel=\"noopener\"><strong>Club de Lectura<\/strong><\/a> que trataba sobre mi libro <em><strong>\u201c<a href=\"https:\/\/www.forumlibertas.com\/la-sociedad-desvinculada\/\" target=\"_blank\" rel=\"noopener\">La sociedad desvinculada<\/a>\u201d<\/strong><\/em>. Aprovecho la ocasi\u00f3n para informaros que preparo una nueva edici\u00f3n, que no revisa tanto el texto, que mantiene su actualidad no ya inalterada sino aumentada, que se limita a actualizar las cifras ya una introducci\u00f3n que, esta s\u00ed, enmarca m\u00e1s el momento presente y los cambios que se han producido desde 2014 cuando el libro vio la luz p\u00fablica y que significa poner de relieve que el diagn\u00f3stico que hace el libro es m\u00e1s vigente nunca.<\/p>\n<p>\u00a1Paz y bien!<\/p>\n","protected":false},"excerpt":{"rendered":"<p>Apreciado amigo\/Apreciada amiga de e-Cristians: Estamos en puertas de la semana m\u00e1s importante del a\u00f1o que comienza con el Domingo de Ramos y culmina con la Resurrecci\u00f3n de Jes\u00fas. Condensa toda la esencia del cristianismo y, en este sentido, debe recibir por nuestra parte la atenci\u00f3n y el recogimiento que merece un hecho de esta&#8230;<\/p>\n","protected":false},"author":2,"featured_media":95849,"comment_status":"closed","ping_status":"closed","sticky":false,"template":"","format":"standard","meta":{"_jetpack_memberships_contains_paid_content":false,"footnotes":""},"categories":[29],"tags":[341],"class_list":["post-95853","post","type-post","status-publish","format-standard","has-post-thumbnail","hentry","category-carta-setmanal-de-josep-miro-i-ardevol-es","tag-semana-santa"],"yoast_head":"<!-- This site is optimized with the Yoast SEO plugin v20.0 - https:\/\/yoast.com\/wordpress\/plugins\/seo\/ -->\n<title>La importancia de la Semana Santa y la Corriente Social Cristiana<\/title>\n<meta name=\"description\" content=\"Estamos en puertas de la semana m\u00e1s importante del a\u00f1o que comienza con el Domingo de Ramos y culmina con la Resurrecci\u00f3n de Jes\u00fas\" \/>\n<meta name=\"robots\" content=\"index, follow, max-snippet:-1, max-image-preview:large, max-video-preview:-1\" \/>\n<link rel=\"canonical\" href=\"https:\/\/e-cristians.cat\/es\/carta-semanal-de-josep-miro-la-importancia-de-la-semana-santa-y-la-opcion-de-la-corriente-social-cristiana\/\" \/>\n<meta property=\"og:locale\" content=\"es_ES\" \/>\n<meta property=\"og:type\" content=\"article\" \/>\n<meta property=\"og:title\" content=\"La importancia de la Semana Santa y la Corriente Social Cristiana\" \/>\n<meta property=\"og:description\" content=\"Estamos en puertas de la semana m\u00e1s importante del a\u00f1o que comienza con el Domingo de Ramos y culmina con la Resurrecci\u00f3n de Jes\u00fas\" \/>\n<meta property=\"og:url\" content=\"https:\/\/e-cristians.cat\/es\/carta-semanal-de-josep-miro-la-importancia-de-la-semana-santa-y-la-opcion-de-la-corriente-social-cristiana\/\" \/>\n<meta property=\"og:site_name\" content=\"e-Cristians\" \/>\n<meta property=\"article:published_time\" content=\"2023-03-31T10:21:34+00:00\" \/>\n<meta property=\"article:modified_time\" content=\"2023-04-14T09:57:59+00:00\" \/>\n<meta property=\"og:image\" content=\"https:\/\/e-cristians.cat\/wp-content\/uploads\/2023\/03\/64c3bcabcab9fd4b7f5d77a8b151d111.jpg\" \/>\n\t<meta property=\"og:image:width\" content=\"832\" \/>\n\t<meta property=\"og:image:height\" content=\"556\" \/>\n\t<meta property=\"og:image:type\" content=\"image\/jpeg\" \/>\n<meta name=\"author\" content=\"e-Cristians\" \/>\n<meta name=\"twitter:card\" content=\"summary_large_image\" \/>\n<meta name=\"twitter:label1\" content=\"Escrito por\" \/>\n\t<meta name=\"twitter:data1\" content=\"e-Cristians\" \/>\n\t<meta name=\"twitter:label2\" content=\"Tiempo de lectura\" \/>\n\t<meta name=\"twitter:data2\" content=\"3 minutos\" \/>\n<script type=\"application\/ld+json\" class=\"yoast-schema-graph\">{\"@context\":\"https:\/\/schema.org\",\"@graph\":[{\"@type\":\"WebPage\",\"@id\":\"https:\/\/e-cristians.cat\/es\/carta-semanal-de-josep-miro-la-importancia-de-la-semana-santa-y-la-opcion-de-la-corriente-social-cristiana\/\",\"url\":\"https:\/\/e-cristians.cat\/es\/carta-semanal-de-josep-miro-la-importancia-de-la-semana-santa-y-la-opcion-de-la-corriente-social-cristiana\/\",\"name\":\"La importancia de la Semana Santa y la Corriente Social Cristiana\",\"isPartOf\":{\"@id\":\"https:\/\/e-cristians.cat\/#website\"},\"datePublished\":\"2023-03-31T10:21:34+00:00\",\"dateModified\":\"2023-04-14T09:57:59+00:00\",\"author\":{\"@id\":\"https:\/\/e-cristians.cat\/#\/schema\/person\/f0ec475338e49aaef9c9dc9d9f162861\"},\"description\":\"Estamos en puertas de la semana m\u00e1s importante del a\u00f1o que comienza con el Domingo de Ramos y culmina con la Resurrecci\u00f3n de Jes\u00fas\",\"breadcrumb\":{\"@id\":\"https:\/\/e-cristians.cat\/es\/carta-semanal-de-josep-miro-la-importancia-de-la-semana-santa-y-la-opcion-de-la-corriente-social-cristiana\/#breadcrumb\"},\"inLanguage\":\"es\",\"potentialAction\":[{\"@type\":\"ReadAction\",\"target\":[\"https:\/\/e-cristians.cat\/es\/carta-semanal-de-josep-miro-la-importancia-de-la-semana-santa-y-la-opcion-de-la-corriente-social-cristiana\/\"]}]},{\"@type\":\"BreadcrumbList\",\"@id\":\"https:\/\/e-cristians.cat\/es\/carta-semanal-de-josep-miro-la-importancia-de-la-semana-santa-y-la-opcion-de-la-corriente-social-cristiana\/#breadcrumb\",\"itemListElement\":[{\"@type\":\"ListItem\",\"position\":1,\"name\":\"Inici\",\"item\":\"https:\/\/e-cristians.cat\/es\/\"},{\"@type\":\"ListItem\",\"position\":2,\"name\":\"La importancia de la Semana Santa y la opci\u00f3n de la Corriente Social Cristiana\"}]},{\"@type\":\"WebSite\",\"@id\":\"https:\/\/e-cristians.cat\/#website\",\"url\":\"https:\/\/e-cristians.cat\/\",\"name\":\"e-Cristians\",\"description\":\"\",\"potentialAction\":[{\"@type\":\"SearchAction\",\"target\":{\"@type\":\"EntryPoint\",\"urlTemplate\":\"https:\/\/e-cristians.cat\/?s={search_term_string}\"},\"query-input\":\"required name=search_term_string\"}],\"inLanguage\":\"es\"},{\"@type\":\"Person\",\"@id\":\"https:\/\/e-cristians.cat\/#\/schema\/person\/f0ec475338e49aaef9c9dc9d9f162861\",\"name\":\"e-Cristians\",\"image\":{\"@type\":\"ImageObject\",\"inLanguage\":\"es\",\"@id\":\"https:\/\/e-cristians.cat\/#\/schema\/person\/image\/\",\"url\":\"https:\/\/secure.gravatar.com\/avatar\/14bc9e5b0ca69070f1075ad3efcb33c4?s=96&d=mm&r=g\",\"contentUrl\":\"https:\/\/secure.gravatar.com\/avatar\/14bc9e5b0ca69070f1075ad3efcb33c4?s=96&d=mm&r=g\",\"caption\":\"e-Cristians\"}}]}<\/script>\n<!-- \/ Yoast SEO plugin. -->","yoast_head_json":{"title":"La importancia de la Semana Santa y la Corriente Social Cristiana","description":"Estamos en puertas de la semana m\u00e1s importante del a\u00f1o que comienza con el Domingo de Ramos y culmina con la Resurrecci\u00f3n de Jes\u00fas","robots":{"index":"index","follow":"follow","max-snippet":"max-snippet:-1","max-image-preview":"max-image-preview:large","max-video-preview":"max-video-preview:-1"},"canonical":"https:\/\/e-cristians.cat\/es\/carta-semanal-de-josep-miro-la-importancia-de-la-semana-santa-y-la-opcion-de-la-corriente-social-cristiana\/","og_locale":"es_ES","og_type":"article","og_title":"La importancia de la Semana Santa y la Corriente Social Cristiana","og_description":"Estamos en puertas de la semana m\u00e1s importante del a\u00f1o que comienza con el Domingo de Ramos y culmina con la Resurrecci\u00f3n de Jes\u00fas","og_url":"https:\/\/e-cristians.cat\/es\/carta-semanal-de-josep-miro-la-importancia-de-la-semana-santa-y-la-opcion-de-la-corriente-social-cristiana\/","og_site_name":"e-Cristians","article_published_time":"2023-03-31T10:21:34+00:00","article_modified_time":"2023-04-14T09:57:59+00:00","og_image":[{"width":832,"height":556,"url":"https:\/\/e-cristians.cat\/wp-content\/uploads\/2023\/03\/64c3bcabcab9fd4b7f5d77a8b151d111.jpg","type":"image\/jpeg"}],"author":"e-Cristians","twitter_card":"summary_large_image","twitter_misc":{"Escrito por":"e-Cristians","Tiempo de lectura":"3 minutos"},"schema":{"@context":"https:\/\/schema.org","@graph":[{"@type":"WebPage","@id":"https:\/\/e-cristians.cat\/es\/carta-semanal-de-josep-miro-la-importancia-de-la-semana-santa-y-la-opcion-de-la-corriente-social-cristiana\/","url":"https:\/\/e-cristians.cat\/es\/carta-semanal-de-josep-miro-la-importancia-de-la-semana-santa-y-la-opcion-de-la-corriente-social-cristiana\/","name":"La importancia de la Semana Santa y la Corriente Social Cristiana","isPartOf":{"@id":"https:\/\/e-cristians.cat\/#website"},"datePublished":"2023-03-31T10:21:34+00:00","dateModified":"2023-04-14T09:57:59+00:00","author":{"@id":"https:\/\/e-cristians.cat\/#\/schema\/person\/f0ec475338e49aaef9c9dc9d9f162861"},"description":"Estamos en puertas de la semana m\u00e1s importante del a\u00f1o que comienza con el Domingo de Ramos y culmina con la Resurrecci\u00f3n de Jes\u00fas","breadcrumb":{"@id":"https:\/\/e-cristians.cat\/es\/carta-semanal-de-josep-miro-la-importancia-de-la-semana-santa-y-la-opcion-de-la-corriente-social-cristiana\/#breadcrumb"},"inLanguage":"es","potentialAction":[{"@type":"ReadAction","target":["https:\/\/e-cristians.cat\/es\/carta-semanal-de-josep-miro-la-importancia-de-la-semana-santa-y-la-opcion-de-la-corriente-social-cristiana\/"]}]},{"@type":"BreadcrumbList","@id":"https:\/\/e-cristians.cat\/es\/carta-semanal-de-josep-miro-la-importancia-de-la-semana-santa-y-la-opcion-de-la-corriente-social-cristiana\/#breadcrumb","itemListElement":[{"@type":"ListItem","position":1,"name":"Inici","item":"https:\/\/e-cristians.cat\/es\/"},{"@type":"ListItem","position":2,"name":"La importancia de la Semana Santa y la opci\u00f3n de la Corriente Social Cristiana"}]},{"@type":"WebSite","@id":"https:\/\/e-cristians.cat\/#website","url":"https:\/\/e-cristians.cat\/","name":"e-Cristians","description":"","potentialAction":[{"@type":"SearchAction","target":{"@type":"EntryPoint","urlTemplate":"https:\/\/e-cristians.cat\/?s={search_term_string}"},"query-input":"required name=search_term_string"}],"inLanguage":"es"},{"@type":"Person","@id":"https:\/\/e-cristians.cat\/#\/schema\/person\/f0ec475338e49aaef9c9dc9d9f162861","name":"e-Cristians","image":{"@type":"ImageObject","inLanguage":"es","@id":"https:\/\/e-cristians.cat\/#\/schema\/person\/image\/","url":"https:\/\/secure.gravatar.com\/avatar\/14bc9e5b0ca69070f1075ad3efcb33c4?s=96&d=mm&r=g","contentUrl":"https:\/\/secure.gravatar.com\/avatar\/14bc9e5b0ca69070f1075ad3efcb33c4?s=96&d=mm&r=g","caption":"e-Cristians"}}]}},"jetpack_sharing_enabled":true,"jetpack_featured_media_url":"https:\/\/e-cristians.cat\/wp-content\/uploads\/2023\/03\/64c3bcabcab9fd4b7f5d77a8b151d111.jpg","_links":{"self":[{"href":"https:\/\/e-cristians.cat\/es\/wp-json\/wp\/v2\/posts\/95853"}],"collection":[{"href":"https:\/\/e-cristians.cat\/es\/wp-json\/wp\/v2\/posts"}],"about":[{"href":"https:\/\/e-cristians.cat\/es\/wp-json\/wp\/v2\/types\/post"}],"author":[{"embeddable":true,"href":"https:\/\/e-cristians.cat\/es\/wp-json\/wp\/v2\/users\/2"}],"replies":[{"embeddable":true,"href":"https:\/\/e-cristians.cat\/es\/wp-json\/wp\/v2\/comments?post=95853"}],"version-history":[{"count":2,"href":"https:\/\/e-cristians.cat\/es\/wp-json\/wp\/v2\/posts\/95853\/revisions"}],"predecessor-version":[{"id":100565,"href":"https:\/\/e-cristians.cat\/es\/wp-json\/wp\/v2\/posts\/95853\/revisions\/100565"}],"wp:featuredmedia":[{"embeddable":true,"href":"https:\/\/e-cristians.cat\/es\/wp-json\/wp\/v2\/media\/95849"}],"wp:attachment":[{"href":"https:\/\/e-cristians.cat\/es\/wp-json\/wp\/v2\/media?parent=95853"}],"wp:term":[{"taxonomy":"category","embeddable":true,"href":"https:\/\/e-cristians.cat\/es\/wp-json\/wp\/v2\/categories?post=95853"},{"taxonomy":"post_tag","embeddable":true,"href":"https:\/\/e-cristians.cat\/es\/wp-json\/wp\/v2\/tags?post=95853"}],"curies":[{"name":"wp","href":"https:\/\/api.w.org\/{rel}","templated":true}]}}