{"id":9855,"date":"2021-06-02T16:40:34","date_gmt":"2021-06-02T14:40:34","guid":{"rendered":"https:\/\/e-cristians.cat\/?p=9855"},"modified":"2021-06-02T16:40:34","modified_gmt":"2021-06-02T14:40:34","slug":"a-los-jovenes-en-relacion-con-la-vuelta-a-la-normalidad-la-vida-nocturna-de-carles-ros","status":"publish","type":"post","link":"https:\/\/e-cristians.cat\/es\/a-los-jovenes-en-relacion-con-la-vuelta-a-la-normalidad-la-vida-nocturna-de-carles-ros\/","title":{"rendered":"\u00abA los j\u00f3venes en relaci\u00f3n con la &#8216;vuelta a la normalidad&#8217;, la vida nocturna\u00bb, de Carles Ros"},"content":{"rendered":"<p>La relaci\u00f3n sexual es el lenguaje corporal espec\u00edfico del amor de pareja.<\/p>\n<p>Una relaci\u00f3n sexual aut\u00e9ntica es la expresi\u00f3n de un amor pleno, maduro, y definitivo.<\/p>\n<p>No podemos utilizar nuestras potencias sexuales como aquel que se entretiene con videojuegos o se va a jugar al p\u00e1del.<\/p>\n<p>(V\u00eddeo en catal\u00e1n)<\/p>\n<p><iframe title=\"Missatge als joves en relaci\u00f3 amb la &quot;tornada a la normalitat&quot;, a l&#039;oci nocturn, de Carles Ros\" width=\"640\" height=\"360\" data-src=\"https:\/\/www.youtube.com\/embed\/ph5wv7touw8?feature=oembed\" frameborder=\"0\" allow=\"accelerometer; autoplay; clipboard-write; encrypted-media; gyroscope; picture-in-picture\" allowfullscreen src=\"data:image\/svg+xml;base64,PHN2ZyB3aWR0aD0iMSIgaGVpZ2h0PSIxIiB4bWxucz0iaHR0cDovL3d3dy53My5vcmcvMjAwMC9zdmciPjwvc3ZnPg==\" class=\"lazyload\" data-load-mode=\"1\"><\/iframe><\/p>\n","protected":false},"excerpt":{"rendered":"<p>La relaci\u00f3n sexual es el lenguaje corporal espec\u00edfico del amor de pareja. Una relaci\u00f3n sexual aut\u00e9ntica es la expresi\u00f3n de un amor pleno, maduro, y definitivo. No podemos utilizar nuestras potencias sexuales como aquel que se entretiene con videojuegos o se va a jugar al p\u00e1del. (V\u00eddeo en catal\u00e1n)<\/p>\n","protected":false},"author":2,"featured_media":9853,"comment_status":"closed","ping_status":"closed","sticky":false,"template":"","format":"standard","meta":{"_jetpack_memberships_contains_paid_content":false,"footnotes":""},"categories":[39,37],"tags":[],"class_list":["post-9855","post","type-post","status-publish","format-standard","has-post-thumbnail","hentry","category-portada_news-es","category-videos-de-cristians-es"],"yoast_head":"<!-- This site is optimized with the Yoast SEO plugin v20.0 - https:\/\/yoast.com\/wordpress\/plugins\/seo\/ -->\n<title>&quot;A los j\u00f3venes en relaci\u00f3n con la &#039;vuelta a la normalidad&#039;, la vida nocturna&quot;, de Carles Ros - e-Cristians<\/title>\n<meta name=\"robots\" content=\"noindex, nofollow\" \/>\n<meta property=\"og:locale\" content=\"es_ES\" \/>\n<meta property=\"og:type\" content=\"article\" \/>\n<meta property=\"og:title\" content=\"&quot;A los j\u00f3venes en relaci\u00f3n con la &#039;vuelta a la normalidad&#039;, la vida nocturna&quot;, de Carles Ros - e-Cristians\" \/>\n<meta property=\"og:description\" content=\"La relaci\u00f3n sexual es el lenguaje corporal espec\u00edfico del amor de pareja. Una relaci\u00f3n sexual aut\u00e9ntica es la expresi\u00f3n de un amor pleno, maduro, y definitivo. No podemos utilizar nuestras potencias sexuales como aquel que se entretiene con videojuegos o se va a jugar al p\u00e1del. (V\u00eddeo en catal\u00e1n)\" \/>\n<meta property=\"og:url\" content=\"https:\/\/e-cristians.cat\/es\/a-los-jovenes-en-relacion-con-la-vuelta-a-la-normalidad-la-vida-nocturna-de-carles-ros\/\" \/>\n<meta property=\"og:site_name\" content=\"e-Cristians\" \/>\n<meta property=\"article:published_time\" content=\"2021-06-02T14:40:34+00:00\" \/>\n<meta property=\"og:image\" content=\"https:\/\/e-cristians.cat\/wp-content\/uploads\/2021\/06\/retorn-a-la-normalitat.jpg\" \/>\n\t<meta property=\"og:image:width\" content=\"782\" \/>\n\t<meta property=\"og:image:height\" content=\"430\" \/>\n\t<meta property=\"og:image:type\" content=\"image\/jpeg\" \/>\n<meta name=\"author\" content=\"e-Cristians\" \/>\n<meta name=\"twitter:card\" content=\"summary_large_image\" \/>\n<meta name=\"twitter:label1\" content=\"Escrito por\" \/>\n\t<meta name=\"twitter:data1\" content=\"e-Cristians\" \/>\n\t<meta name=\"twitter:label2\" content=\"Tiempo de lectura\" \/>\n\t<meta name=\"twitter:data2\" content=\"1 minuto\" \/>\n<script type=\"application\/ld+json\" class=\"yoast-schema-graph\">{\"@context\":\"https:\/\/schema.org\",\"@graph\":[{\"@type\":\"WebPage\",\"@id\":\"https:\/\/e-cristians.cat\/es\/a-los-jovenes-en-relacion-con-la-vuelta-a-la-normalidad-la-vida-nocturna-de-carles-ros\/\",\"url\":\"https:\/\/e-cristians.cat\/es\/a-los-jovenes-en-relacion-con-la-vuelta-a-la-normalidad-la-vida-nocturna-de-carles-ros\/\",\"name\":\"\\\"A los j\u00f3venes en relaci\u00f3n con la 'vuelta a la normalidad', la vida nocturna\\\", de Carles Ros - e-Cristians\",\"isPartOf\":{\"@id\":\"https:\/\/e-cristians.cat\/#website\"},\"datePublished\":\"2021-06-02T14:40:34+00:00\",\"dateModified\":\"2021-06-02T14:40:34+00:00\",\"author\":{\"@id\":\"https:\/\/e-cristians.cat\/#\/schema\/person\/f0ec475338e49aaef9c9dc9d9f162861\"},\"breadcrumb\":{\"@id\":\"https:\/\/e-cristians.cat\/es\/a-los-jovenes-en-relacion-con-la-vuelta-a-la-normalidad-la-vida-nocturna-de-carles-ros\/#breadcrumb\"},\"inLanguage\":\"es\",\"potentialAction\":[{\"@type\":\"ReadAction\",\"target\":[\"https:\/\/e-cristians.cat\/es\/a-los-jovenes-en-relacion-con-la-vuelta-a-la-normalidad-la-vida-nocturna-de-carles-ros\/\"]}]},{\"@type\":\"BreadcrumbList\",\"@id\":\"https:\/\/e-cristians.cat\/es\/a-los-jovenes-en-relacion-con-la-vuelta-a-la-normalidad-la-vida-nocturna-de-carles-ros\/#breadcrumb\",\"itemListElement\":[{\"@type\":\"ListItem\",\"position\":1,\"name\":\"Inici\",\"item\":\"https:\/\/e-cristians.cat\/es\/\"},{\"@type\":\"ListItem\",\"position\":2,\"name\":\"\u00abA los j\u00f3venes en relaci\u00f3n con la &#8216;vuelta a la normalidad&#8217;, la vida nocturna\u00bb, de Carles Ros\"}]},{\"@type\":\"WebSite\",\"@id\":\"https:\/\/e-cristians.cat\/#website\",\"url\":\"https:\/\/e-cristians.cat\/\",\"name\":\"e-Cristians\",\"description\":\"\",\"potentialAction\":[{\"@type\":\"SearchAction\",\"target\":{\"@type\":\"EntryPoint\",\"urlTemplate\":\"https:\/\/e-cristians.cat\/?s={search_term_string}\"},\"query-input\":\"required name=search_term_string\"}],\"inLanguage\":\"es\"},{\"@type\":\"Person\",\"@id\":\"https:\/\/e-cristians.cat\/#\/schema\/person\/f0ec475338e49aaef9c9dc9d9f162861\",\"name\":\"e-Cristians\",\"image\":{\"@type\":\"ImageObject\",\"inLanguage\":\"es\",\"@id\":\"https:\/\/e-cristians.cat\/#\/schema\/person\/image\/\",\"url\":\"https:\/\/secure.gravatar.com\/avatar\/14bc9e5b0ca69070f1075ad3efcb33c4?s=96&d=mm&r=g\",\"contentUrl\":\"https:\/\/secure.gravatar.com\/avatar\/14bc9e5b0ca69070f1075ad3efcb33c4?s=96&d=mm&r=g\",\"caption\":\"e-Cristians\"}}]}<\/script>\n<!-- \/ Yoast SEO plugin. -->","yoast_head_json":{"title":"\"A los j\u00f3venes en relaci\u00f3n con la 'vuelta a la normalidad', la vida nocturna\", de Carles Ros - e-Cristians","robots":{"index":"noindex","follow":"nofollow"},"og_locale":"es_ES","og_type":"article","og_title":"\"A los j\u00f3venes en relaci\u00f3n con la 'vuelta a la normalidad', la vida nocturna\", de Carles Ros - e-Cristians","og_description":"La relaci\u00f3n sexual es el lenguaje corporal espec\u00edfico del amor de pareja. Una relaci\u00f3n sexual aut\u00e9ntica es la expresi\u00f3n de un amor pleno, maduro, y definitivo. No podemos utilizar nuestras potencias sexuales como aquel que se entretiene con videojuegos o se va a jugar al p\u00e1del. (V\u00eddeo en catal\u00e1n)","og_url":"https:\/\/e-cristians.cat\/es\/a-los-jovenes-en-relacion-con-la-vuelta-a-la-normalidad-la-vida-nocturna-de-carles-ros\/","og_site_name":"e-Cristians","article_published_time":"2021-06-02T14:40:34+00:00","og_image":[{"width":782,"height":430,"url":"https:\/\/e-cristians.cat\/wp-content\/uploads\/2021\/06\/retorn-a-la-normalitat.jpg","type":"image\/jpeg"}],"author":"e-Cristians","twitter_card":"summary_large_image","twitter_misc":{"Escrito por":"e-Cristians","Tiempo de lectura":"1 minuto"},"schema":{"@context":"https:\/\/schema.org","@graph":[{"@type":"WebPage","@id":"https:\/\/e-cristians.cat\/es\/a-los-jovenes-en-relacion-con-la-vuelta-a-la-normalidad-la-vida-nocturna-de-carles-ros\/","url":"https:\/\/e-cristians.cat\/es\/a-los-jovenes-en-relacion-con-la-vuelta-a-la-normalidad-la-vida-nocturna-de-carles-ros\/","name":"\"A los j\u00f3venes en relaci\u00f3n con la 'vuelta a la normalidad', la vida nocturna\", de Carles Ros - e-Cristians","isPartOf":{"@id":"https:\/\/e-cristians.cat\/#website"},"datePublished":"2021-06-02T14:40:34+00:00","dateModified":"2021-06-02T14:40:34+00:00","author":{"@id":"https:\/\/e-cristians.cat\/#\/schema\/person\/f0ec475338e49aaef9c9dc9d9f162861"},"breadcrumb":{"@id":"https:\/\/e-cristians.cat\/es\/a-los-jovenes-en-relacion-con-la-vuelta-a-la-normalidad-la-vida-nocturna-de-carles-ros\/#breadcrumb"},"inLanguage":"es","potentialAction":[{"@type":"ReadAction","target":["https:\/\/e-cristians.cat\/es\/a-los-jovenes-en-relacion-con-la-vuelta-a-la-normalidad-la-vida-nocturna-de-carles-ros\/"]}]},{"@type":"BreadcrumbList","@id":"https:\/\/e-cristians.cat\/es\/a-los-jovenes-en-relacion-con-la-vuelta-a-la-normalidad-la-vida-nocturna-de-carles-ros\/#breadcrumb","itemListElement":[{"@type":"ListItem","position":1,"name":"Inici","item":"https:\/\/e-cristians.cat\/es\/"},{"@type":"ListItem","position":2,"name":"\u00abA los j\u00f3venes en relaci\u00f3n con la &#8216;vuelta a la normalidad&#8217;, la vida nocturna\u00bb, de Carles Ros"}]},{"@type":"WebSite","@id":"https:\/\/e-cristians.cat\/#website","url":"https:\/\/e-cristians.cat\/","name":"e-Cristians","description":"","potentialAction":[{"@type":"SearchAction","target":{"@type":"EntryPoint","urlTemplate":"https:\/\/e-cristians.cat\/?s={search_term_string}"},"query-input":"required name=search_term_string"}],"inLanguage":"es"},{"@type":"Person","@id":"https:\/\/e-cristians.cat\/#\/schema\/person\/f0ec475338e49aaef9c9dc9d9f162861","name":"e-Cristians","image":{"@type":"ImageObject","inLanguage":"es","@id":"https:\/\/e-cristians.cat\/#\/schema\/person\/image\/","url":"https:\/\/secure.gravatar.com\/avatar\/14bc9e5b0ca69070f1075ad3efcb33c4?s=96&d=mm&r=g","contentUrl":"https:\/\/secure.gravatar.com\/avatar\/14bc9e5b0ca69070f1075ad3efcb33c4?s=96&d=mm&r=g","caption":"e-Cristians"}}]}},"jetpack_sharing_enabled":true,"jetpack_featured_media_url":"https:\/\/e-cristians.cat\/wp-content\/uploads\/2021\/06\/retorn-a-la-normalitat.jpg","_links":{"self":[{"href":"https:\/\/e-cristians.cat\/es\/wp-json\/wp\/v2\/posts\/9855"}],"collection":[{"href":"https:\/\/e-cristians.cat\/es\/wp-json\/wp\/v2\/posts"}],"about":[{"href":"https:\/\/e-cristians.cat\/es\/wp-json\/wp\/v2\/types\/post"}],"author":[{"embeddable":true,"href":"https:\/\/e-cristians.cat\/es\/wp-json\/wp\/v2\/users\/2"}],"replies":[{"embeddable":true,"href":"https:\/\/e-cristians.cat\/es\/wp-json\/wp\/v2\/comments?post=9855"}],"version-history":[{"count":1,"href":"https:\/\/e-cristians.cat\/es\/wp-json\/wp\/v2\/posts\/9855\/revisions"}],"predecessor-version":[{"id":9856,"href":"https:\/\/e-cristians.cat\/es\/wp-json\/wp\/v2\/posts\/9855\/revisions\/9856"}],"wp:featuredmedia":[{"embeddable":true,"href":"https:\/\/e-cristians.cat\/es\/wp-json\/wp\/v2\/media\/9853"}],"wp:attachment":[{"href":"https:\/\/e-cristians.cat\/es\/wp-json\/wp\/v2\/media?parent=9855"}],"wp:term":[{"taxonomy":"category","embeddable":true,"href":"https:\/\/e-cristians.cat\/es\/wp-json\/wp\/v2\/categories?post=9855"},{"taxonomy":"post_tag","embeddable":true,"href":"https:\/\/e-cristians.cat\/es\/wp-json\/wp\/v2\/tags?post=9855"}],"curies":[{"name":"wp","href":"https:\/\/api.w.org\/{rel}","templated":true}]}}