{"id":9858,"date":"2021-05-31T17:00:15","date_gmt":"2021-05-31T15:00:15","guid":{"rendered":"https:\/\/e-cristians.cat\/?p=9858"},"modified":"2021-06-02T17:12:06","modified_gmt":"2021-06-02T15:12:06","slug":"cuida2-de-principio-a-fin-el-manifiesto-del-colegio-de-medicos-de-madrid","status":"publish","type":"post","link":"https:\/\/e-cristians.cat\/es\/cuida2-de-principio-a-fin-el-manifiesto-del-colegio-de-medicos-de-madrid\/","title":{"rendered":"\u201cCuida2 de principio a fin\u201d, el manifiesto del Colegio de M\u00e9dicos de Madrid"},"content":{"rendered":"<p>El Ilustre\u00a0Colegio\u00a0Oficial de M\u00e9dicos de Madrid ha presentado un\u00a0<a href=\"https:\/\/www.forumlibertas.com\/wp-content\/uploads\/2021\/05\/Manifiesto_final_16.pdf\">manifiesto<\/a>\u00a0que ha llamado \u201cCuida2 de principio a fin\u201d, una iniciativa para sensibilizar sobre los cuidados integrales de todas las personas. Es por eso que piden que las personas se unan a la campa\u00f1a.<\/p>\n<p><strong>\u201cLa medicina es cosa de 2\u201d, afirma el Colegio de M\u00e9dicos de Madrid poniendo el valor la relaci\u00f3n entre el m\u00e9dico y el paciente<\/strong>\u00a0 y a\u00f1aden: \u201cporque es humanidad y ciencia\u201d, \u201cporque es el que lucha y el que cuida\u201d, \u201cporque es el que facilita apoyo y el que consigue mejorar su autocuidado\u201d, \u201cporque es el que necesita ayuda y el que tiende la mano\u201d, y \u201cporque es generosidad individual y solidaridad social\u201d.<\/p>\n<p>El\u00a0Colegio\u00a0de M\u00e9dicos de Madrid lanza esta iniciativa cuando recientemente fue aprobada la Ley de eutanasia en el pa\u00eds por iniciativa del Gobierno del PSOE y Podemos.<\/p>\n<p>\u201cAnte la desesperanza, la vulnerabilidad, la fragilidad, el abandono, el sufrimiento, el dolor, el tedio, la angustia\u2026\u201d, la respuesta, para los m\u00e9dicos de Madrid, \u201csiempre es\u201d: \u201cCuida2 Paliativos\u201d, \u201cCuida2 Continuos, Cuida2 Intregrales, Cuida2 Humaniza2, Cuida2 Accesibles\u201d, \u201cCuida2 Multidisciplinares, Cuida2 Organiza2, Cuida2 Estructurados, Cuida2 Liderados, Cuida2 Profesionaliza2\u201d, \u201cCuida2 financia2 en todos los niveles asistenciales: Cuida2 Hospitalarios,\u00a0Cuida2 en Atenci\u00f3n Primaria, Cuida2 en Centros sociosanitarios, Cuida2 a domicilio\u201d, y, en definitiva \u201cCuida2 para to2, Cuida2 Confia2\u201d.<\/p>\n<p><strong>Las razones que aduce el Colegio de M\u00e9dicos es \u201cporque tenemos que responder a las necesidades de los pacientes y su situaci\u00f3n personal, incluyendo a sus familias y cuidadores\u201d<\/strong>. Y es que los m\u00e9dicos madrile\u00f1os ponen el acento en la necesidad de que el servicio sanitario ponga a los enfermos y sus familias en el centro de su actividad.<\/p>\n<p>Adem\u00e1s, otras razones es \u201cporque los pacientes necesitan una atenci\u00f3n integral personalizada\u201d, \u201cporque queremos que el mensaje de los Cuida2 de principio a fin cale en la profesi\u00f3n m\u00e9dica y en la sociedad\u201d, \u201cporque la medicina del futuro es la medicina del cuidado\u201d, \u201cporque queremos que se sepa que la respuesta a la demanda social de las personas son los Cuida2\u201d, \u201cporque los pacientes son el centro y la raz\u00f3n de ser de los Cuida2.<\/p>\n<p>Otras razones, para el Colegio de M\u00e9dicos son: \u201cporque tienen que saber que estamos Involucra2 y no vamos a mirar para otro lado\u201d, \u201cporque profesionales sanitarios y pacientes tenemos que liderar la cultura de los Cuida2\u201d, y, finalmente, \u201cporque queremos que los Cuida2 fomenten la salud de todas las personas\u201d.<\/p>\n","protected":false},"excerpt":{"rendered":"<p>El Ilustre\u00a0Colegio\u00a0Oficial de M\u00e9dicos de Madrid ha presentado un\u00a0manifiesto\u00a0que ha llamado \u201cCuida2 de principio a fin\u201d, una iniciativa para sensibilizar sobre los cuidados integrales de todas las personas. Es por eso que piden que las personas se unan a la campa\u00f1a. \u201cLa medicina es cosa de 2\u201d, afirma el Colegio de M\u00e9dicos de Madrid poniendo&#8230;<\/p>\n","protected":false},"author":2,"featured_media":9859,"comment_status":"closed","ping_status":"closed","sticky":false,"template":"","format":"standard","meta":{"_jetpack_memberships_contains_paid_content":false,"footnotes":""},"categories":[33,39],"tags":[44],"class_list":["post-9858","post","type-post","status-publish","format-standard","has-post-thumbnail","hentry","category-altres-entitats-informacions-agenda-i-documents-es","category-portada_news-es","tag-eutanasia-es"],"yoast_head":"<!-- This site is optimized with the Yoast SEO plugin v20.0 - https:\/\/yoast.com\/wordpress\/plugins\/seo\/ -->\n<title>\u201cCuida2 de principio a fin\u201d, el manifiesto del Colegio de M\u00e9dicos de Madrid - e-Cristians<\/title>\n<meta name=\"robots\" content=\"noindex, nofollow\" \/>\n<meta property=\"og:locale\" content=\"es_ES\" \/>\n<meta property=\"og:type\" content=\"article\" \/>\n<meta property=\"og:title\" content=\"\u201cCuida2 de principio a fin\u201d, el manifiesto del Colegio de M\u00e9dicos de Madrid - e-Cristians\" \/>\n<meta property=\"og:description\" content=\"El Ilustre\u00a0Colegio\u00a0Oficial de M\u00e9dicos de Madrid ha presentado un\u00a0manifiesto\u00a0que ha llamado \u201cCuida2 de principio a fin\u201d, una iniciativa para sensibilizar sobre los cuidados integrales de todas las personas. Es por eso que piden que las personas se unan a la campa\u00f1a. \u201cLa medicina es cosa de 2\u201d, afirma el Colegio de M\u00e9dicos de Madrid poniendo...\" \/>\n<meta property=\"og:url\" content=\"https:\/\/e-cristians.cat\/es\/cuida2-de-principio-a-fin-el-manifiesto-del-colegio-de-medicos-de-madrid\/\" \/>\n<meta property=\"og:site_name\" content=\"e-Cristians\" \/>\n<meta property=\"article:published_time\" content=\"2021-05-31T15:00:15+00:00\" \/>\n<meta property=\"article:modified_time\" content=\"2021-06-02T15:12:06+00:00\" \/>\n<meta property=\"og:image\" content=\"https:\/\/e-cristians.cat\/wp-content\/uploads\/2021\/06\/cuidados-medicos-son-necesarios-600x337-1.jpg\" \/>\n\t<meta property=\"og:image:width\" content=\"600\" \/>\n\t<meta property=\"og:image:height\" content=\"337\" \/>\n\t<meta property=\"og:image:type\" content=\"image\/jpeg\" \/>\n<meta name=\"author\" content=\"e-Cristians\" \/>\n<meta name=\"twitter:card\" content=\"summary_large_image\" \/>\n<meta name=\"twitter:label1\" content=\"Escrito por\" \/>\n\t<meta name=\"twitter:data1\" content=\"e-Cristians\" \/>\n\t<meta name=\"twitter:label2\" content=\"Tiempo de lectura\" \/>\n\t<meta name=\"twitter:data2\" content=\"2 minutos\" \/>\n<script type=\"application\/ld+json\" class=\"yoast-schema-graph\">{\"@context\":\"https:\/\/schema.org\",\"@graph\":[{\"@type\":\"WebPage\",\"@id\":\"https:\/\/e-cristians.cat\/es\/cuida2-de-principio-a-fin-el-manifiesto-del-colegio-de-medicos-de-madrid\/\",\"url\":\"https:\/\/e-cristians.cat\/es\/cuida2-de-principio-a-fin-el-manifiesto-del-colegio-de-medicos-de-madrid\/\",\"name\":\"\u201cCuida2 de principio a fin\u201d, el manifiesto del Colegio de M\u00e9dicos de Madrid - e-Cristians\",\"isPartOf\":{\"@id\":\"https:\/\/e-cristians.cat\/#website\"},\"datePublished\":\"2021-05-31T15:00:15+00:00\",\"dateModified\":\"2021-06-02T15:12:06+00:00\",\"author\":{\"@id\":\"https:\/\/e-cristians.cat\/#\/schema\/person\/f0ec475338e49aaef9c9dc9d9f162861\"},\"breadcrumb\":{\"@id\":\"https:\/\/e-cristians.cat\/es\/cuida2-de-principio-a-fin-el-manifiesto-del-colegio-de-medicos-de-madrid\/#breadcrumb\"},\"inLanguage\":\"es\",\"potentialAction\":[{\"@type\":\"ReadAction\",\"target\":[\"https:\/\/e-cristians.cat\/es\/cuida2-de-principio-a-fin-el-manifiesto-del-colegio-de-medicos-de-madrid\/\"]}]},{\"@type\":\"BreadcrumbList\",\"@id\":\"https:\/\/e-cristians.cat\/es\/cuida2-de-principio-a-fin-el-manifiesto-del-colegio-de-medicos-de-madrid\/#breadcrumb\",\"itemListElement\":[{\"@type\":\"ListItem\",\"position\":1,\"name\":\"Inici\",\"item\":\"https:\/\/e-cristians.cat\/es\/\"},{\"@type\":\"ListItem\",\"position\":2,\"name\":\"\u201cCuida2 de principio a fin\u201d, el manifiesto del Colegio de M\u00e9dicos de Madrid\"}]},{\"@type\":\"WebSite\",\"@id\":\"https:\/\/e-cristians.cat\/#website\",\"url\":\"https:\/\/e-cristians.cat\/\",\"name\":\"e-Cristians\",\"description\":\"\",\"potentialAction\":[{\"@type\":\"SearchAction\",\"target\":{\"@type\":\"EntryPoint\",\"urlTemplate\":\"https:\/\/e-cristians.cat\/?s={search_term_string}\"},\"query-input\":\"required name=search_term_string\"}],\"inLanguage\":\"es\"},{\"@type\":\"Person\",\"@id\":\"https:\/\/e-cristians.cat\/#\/schema\/person\/f0ec475338e49aaef9c9dc9d9f162861\",\"name\":\"e-Cristians\",\"image\":{\"@type\":\"ImageObject\",\"inLanguage\":\"es\",\"@id\":\"https:\/\/e-cristians.cat\/#\/schema\/person\/image\/\",\"url\":\"https:\/\/secure.gravatar.com\/avatar\/14bc9e5b0ca69070f1075ad3efcb33c4?s=96&d=mm&r=g\",\"contentUrl\":\"https:\/\/secure.gravatar.com\/avatar\/14bc9e5b0ca69070f1075ad3efcb33c4?s=96&d=mm&r=g\",\"caption\":\"e-Cristians\"}}]}<\/script>\n<!-- \/ Yoast SEO plugin. -->","yoast_head_json":{"title":"\u201cCuida2 de principio a fin\u201d, el manifiesto del Colegio de M\u00e9dicos de Madrid - e-Cristians","robots":{"index":"noindex","follow":"nofollow"},"og_locale":"es_ES","og_type":"article","og_title":"\u201cCuida2 de principio a fin\u201d, el manifiesto del Colegio de M\u00e9dicos de Madrid - e-Cristians","og_description":"El Ilustre\u00a0Colegio\u00a0Oficial de M\u00e9dicos de Madrid ha presentado un\u00a0manifiesto\u00a0que ha llamado \u201cCuida2 de principio a fin\u201d, una iniciativa para sensibilizar sobre los cuidados integrales de todas las personas. Es por eso que piden que las personas se unan a la campa\u00f1a. \u201cLa medicina es cosa de 2\u201d, afirma el Colegio de M\u00e9dicos de Madrid poniendo...","og_url":"https:\/\/e-cristians.cat\/es\/cuida2-de-principio-a-fin-el-manifiesto-del-colegio-de-medicos-de-madrid\/","og_site_name":"e-Cristians","article_published_time":"2021-05-31T15:00:15+00:00","article_modified_time":"2021-06-02T15:12:06+00:00","og_image":[{"width":600,"height":337,"url":"https:\/\/e-cristians.cat\/wp-content\/uploads\/2021\/06\/cuidados-medicos-son-necesarios-600x337-1.jpg","type":"image\/jpeg"}],"author":"e-Cristians","twitter_card":"summary_large_image","twitter_misc":{"Escrito por":"e-Cristians","Tiempo de lectura":"2 minutos"},"schema":{"@context":"https:\/\/schema.org","@graph":[{"@type":"WebPage","@id":"https:\/\/e-cristians.cat\/es\/cuida2-de-principio-a-fin-el-manifiesto-del-colegio-de-medicos-de-madrid\/","url":"https:\/\/e-cristians.cat\/es\/cuida2-de-principio-a-fin-el-manifiesto-del-colegio-de-medicos-de-madrid\/","name":"\u201cCuida2 de principio a fin\u201d, el manifiesto del Colegio de M\u00e9dicos de Madrid - e-Cristians","isPartOf":{"@id":"https:\/\/e-cristians.cat\/#website"},"datePublished":"2021-05-31T15:00:15+00:00","dateModified":"2021-06-02T15:12:06+00:00","author":{"@id":"https:\/\/e-cristians.cat\/#\/schema\/person\/f0ec475338e49aaef9c9dc9d9f162861"},"breadcrumb":{"@id":"https:\/\/e-cristians.cat\/es\/cuida2-de-principio-a-fin-el-manifiesto-del-colegio-de-medicos-de-madrid\/#breadcrumb"},"inLanguage":"es","potentialAction":[{"@type":"ReadAction","target":["https:\/\/e-cristians.cat\/es\/cuida2-de-principio-a-fin-el-manifiesto-del-colegio-de-medicos-de-madrid\/"]}]},{"@type":"BreadcrumbList","@id":"https:\/\/e-cristians.cat\/es\/cuida2-de-principio-a-fin-el-manifiesto-del-colegio-de-medicos-de-madrid\/#breadcrumb","itemListElement":[{"@type":"ListItem","position":1,"name":"Inici","item":"https:\/\/e-cristians.cat\/es\/"},{"@type":"ListItem","position":2,"name":"\u201cCuida2 de principio a fin\u201d, el manifiesto del Colegio de M\u00e9dicos de Madrid"}]},{"@type":"WebSite","@id":"https:\/\/e-cristians.cat\/#website","url":"https:\/\/e-cristians.cat\/","name":"e-Cristians","description":"","potentialAction":[{"@type":"SearchAction","target":{"@type":"EntryPoint","urlTemplate":"https:\/\/e-cristians.cat\/?s={search_term_string}"},"query-input":"required name=search_term_string"}],"inLanguage":"es"},{"@type":"Person","@id":"https:\/\/e-cristians.cat\/#\/schema\/person\/f0ec475338e49aaef9c9dc9d9f162861","name":"e-Cristians","image":{"@type":"ImageObject","inLanguage":"es","@id":"https:\/\/e-cristians.cat\/#\/schema\/person\/image\/","url":"https:\/\/secure.gravatar.com\/avatar\/14bc9e5b0ca69070f1075ad3efcb33c4?s=96&d=mm&r=g","contentUrl":"https:\/\/secure.gravatar.com\/avatar\/14bc9e5b0ca69070f1075ad3efcb33c4?s=96&d=mm&r=g","caption":"e-Cristians"}}]}},"jetpack_sharing_enabled":true,"jetpack_featured_media_url":"https:\/\/e-cristians.cat\/wp-content\/uploads\/2021\/06\/cuidados-medicos-son-necesarios-600x337-1.jpg","_links":{"self":[{"href":"https:\/\/e-cristians.cat\/es\/wp-json\/wp\/v2\/posts\/9858"}],"collection":[{"href":"https:\/\/e-cristians.cat\/es\/wp-json\/wp\/v2\/posts"}],"about":[{"href":"https:\/\/e-cristians.cat\/es\/wp-json\/wp\/v2\/types\/post"}],"author":[{"embeddable":true,"href":"https:\/\/e-cristians.cat\/es\/wp-json\/wp\/v2\/users\/2"}],"replies":[{"embeddable":true,"href":"https:\/\/e-cristians.cat\/es\/wp-json\/wp\/v2\/comments?post=9858"}],"version-history":[{"count":3,"href":"https:\/\/e-cristians.cat\/es\/wp-json\/wp\/v2\/posts\/9858\/revisions"}],"predecessor-version":[{"id":9865,"href":"https:\/\/e-cristians.cat\/es\/wp-json\/wp\/v2\/posts\/9858\/revisions\/9865"}],"wp:featuredmedia":[{"embeddable":true,"href":"https:\/\/e-cristians.cat\/es\/wp-json\/wp\/v2\/media\/9859"}],"wp:attachment":[{"href":"https:\/\/e-cristians.cat\/es\/wp-json\/wp\/v2\/media?parent=9858"}],"wp:term":[{"taxonomy":"category","embeddable":true,"href":"https:\/\/e-cristians.cat\/es\/wp-json\/wp\/v2\/categories?post=9858"},{"taxonomy":"post_tag","embeddable":true,"href":"https:\/\/e-cristians.cat\/es\/wp-json\/wp\/v2\/tags?post=9858"}],"curies":[{"name":"wp","href":"https:\/\/api.w.org\/{rel}","templated":true}]}}