{"id":9868,"date":"2021-06-01T17:20:38","date_gmt":"2021-06-01T15:20:38","guid":{"rendered":"https:\/\/e-cristians.cat\/?p=9868"},"modified":"2021-06-02T17:25:02","modified_gmt":"2021-06-02T15:25:02","slug":"hasta-que-semana-del-embarazo-es-moralmente-correcto-abortar-la-respuesta-cientifica-de-un-youtuber","status":"publish","type":"post","link":"https:\/\/e-cristians.cat\/es\/hasta-que-semana-del-embarazo-es-moralmente-correcto-abortar-la-respuesta-cientifica-de-un-youtuber\/","title":{"rendered":"\u00bfHasta qu\u00e9 semana del embarazo es moralmente correcto abortar?, la respuesta cient\u00edfica de un youtuber"},"content":{"rendered":"<p>En este v\u00eddeo el youtuber Marcel Garc\u00eda desarrolla un argumentario impecable desde una perspectiva cient\u00edfica sobre las implicaciones \u00e9ticas de abortar bajo la visi\u00f3n de una perspectiva puramente <a href=\"https:\/\/www.forumlibertas.com\/por-que-el-aborto-debe-reducirse\/\" target=\"_blank\" rel=\"noopener\">biol\u00f3gica<\/a>.<\/p>\n<p><iframe title=\"\u00bfHasta qu\u00e9 semana del EMBARAZO es moralmente correcto?\" width=\"640\" height=\"360\" data-src=\"https:\/\/www.youtube.com\/embed\/Ox7pp1IL0HQ?feature=oembed\" frameborder=\"0\" allow=\"accelerometer; autoplay; clipboard-write; encrypted-media; gyroscope; picture-in-picture\" allowfullscreen src=\"data:image\/svg+xml;base64,PHN2ZyB3aWR0aD0iMSIgaGVpZ2h0PSIxIiB4bWxucz0iaHR0cDovL3d3dy53My5vcmcvMjAwMC9zdmciPjwvc3ZnPg==\" class=\"lazyload\" data-load-mode=\"1\"><\/iframe><\/p>\n","protected":false},"excerpt":{"rendered":"<p>En este v\u00eddeo el youtuber Marcel Garc\u00eda desarrolla un argumentario impecable desde una perspectiva cient\u00edfica sobre las implicaciones \u00e9ticas de abortar bajo la visi\u00f3n de una perspectiva puramente biol\u00f3gica.<\/p>\n","protected":false},"author":2,"featured_media":9869,"comment_status":"closed","ping_status":"closed","sticky":false,"template":"","format":"standard","meta":{"_jetpack_memberships_contains_paid_content":false,"footnotes":""},"categories":[33,39],"tags":[62],"class_list":["post-9868","post","type-post","status-publish","format-standard","has-post-thumbnail","hentry","category-altres-entitats-informacions-agenda-i-documents-es","category-portada_news-es","tag-aborto"],"yoast_head":"<!-- This site is optimized with the Yoast SEO plugin v20.0 - https:\/\/yoast.com\/wordpress\/plugins\/seo\/ -->\n<title>\u00bfHasta qu\u00e9 semana del embarazo es moralmente correcto abortar?, la respuesta cient\u00edfica de un youtuber - e-Cristians<\/title>\n<meta name=\"robots\" content=\"noindex, nofollow\" \/>\n<meta property=\"og:locale\" content=\"es_ES\" \/>\n<meta property=\"og:type\" content=\"article\" \/>\n<meta property=\"og:title\" content=\"\u00bfHasta qu\u00e9 semana del embarazo es moralmente correcto abortar?, la respuesta cient\u00edfica de un youtuber - e-Cristians\" \/>\n<meta property=\"og:description\" content=\"En este v\u00eddeo el youtuber Marcel Garc\u00eda desarrolla un argumentario impecable desde una perspectiva cient\u00edfica sobre las implicaciones \u00e9ticas de abortar bajo la visi\u00f3n de una perspectiva puramente biol\u00f3gica.\" \/>\n<meta property=\"og:url\" content=\"https:\/\/e-cristians.cat\/es\/hasta-que-semana-del-embarazo-es-moralmente-correcto-abortar-la-respuesta-cientifica-de-un-youtuber\/\" \/>\n<meta property=\"og:site_name\" content=\"e-Cristians\" \/>\n<meta property=\"article:published_time\" content=\"2021-06-01T15:20:38+00:00\" \/>\n<meta property=\"article:modified_time\" content=\"2021-06-02T15:25:02+00:00\" \/>\n<meta property=\"og:image\" content=\"https:\/\/e-cristians.cat\/wp-content\/uploads\/2021\/06\/youtuber.png\" \/>\n\t<meta property=\"og:image:width\" content=\"600\" \/>\n\t<meta property=\"og:image:height\" content=\"337\" \/>\n\t<meta property=\"og:image:type\" content=\"image\/png\" \/>\n<meta name=\"author\" content=\"e-Cristians\" \/>\n<meta name=\"twitter:card\" content=\"summary_large_image\" \/>\n<meta name=\"twitter:label1\" content=\"Escrito por\" \/>\n\t<meta name=\"twitter:data1\" content=\"e-Cristians\" \/>\n\t<meta name=\"twitter:label2\" content=\"Tiempo de lectura\" \/>\n\t<meta name=\"twitter:data2\" content=\"1 minuto\" \/>\n<script type=\"application\/ld+json\" class=\"yoast-schema-graph\">{\"@context\":\"https:\/\/schema.org\",\"@graph\":[{\"@type\":\"WebPage\",\"@id\":\"https:\/\/e-cristians.cat\/es\/hasta-que-semana-del-embarazo-es-moralmente-correcto-abortar-la-respuesta-cientifica-de-un-youtuber\/\",\"url\":\"https:\/\/e-cristians.cat\/es\/hasta-que-semana-del-embarazo-es-moralmente-correcto-abortar-la-respuesta-cientifica-de-un-youtuber\/\",\"name\":\"\u00bfHasta qu\u00e9 semana del embarazo es moralmente correcto abortar?, la respuesta cient\u00edfica de un youtuber - e-Cristians\",\"isPartOf\":{\"@id\":\"https:\/\/e-cristians.cat\/#website\"},\"datePublished\":\"2021-06-01T15:20:38+00:00\",\"dateModified\":\"2021-06-02T15:25:02+00:00\",\"author\":{\"@id\":\"https:\/\/e-cristians.cat\/#\/schema\/person\/f0ec475338e49aaef9c9dc9d9f162861\"},\"breadcrumb\":{\"@id\":\"https:\/\/e-cristians.cat\/es\/hasta-que-semana-del-embarazo-es-moralmente-correcto-abortar-la-respuesta-cientifica-de-un-youtuber\/#breadcrumb\"},\"inLanguage\":\"es\",\"potentialAction\":[{\"@type\":\"ReadAction\",\"target\":[\"https:\/\/e-cristians.cat\/es\/hasta-que-semana-del-embarazo-es-moralmente-correcto-abortar-la-respuesta-cientifica-de-un-youtuber\/\"]}]},{\"@type\":\"BreadcrumbList\",\"@id\":\"https:\/\/e-cristians.cat\/es\/hasta-que-semana-del-embarazo-es-moralmente-correcto-abortar-la-respuesta-cientifica-de-un-youtuber\/#breadcrumb\",\"itemListElement\":[{\"@type\":\"ListItem\",\"position\":1,\"name\":\"Inici\",\"item\":\"https:\/\/e-cristians.cat\/es\/\"},{\"@type\":\"ListItem\",\"position\":2,\"name\":\"\u00bfHasta qu\u00e9 semana del embarazo es moralmente correcto abortar?, la respuesta cient\u00edfica de un youtuber\"}]},{\"@type\":\"WebSite\",\"@id\":\"https:\/\/e-cristians.cat\/#website\",\"url\":\"https:\/\/e-cristians.cat\/\",\"name\":\"e-Cristians\",\"description\":\"\",\"potentialAction\":[{\"@type\":\"SearchAction\",\"target\":{\"@type\":\"EntryPoint\",\"urlTemplate\":\"https:\/\/e-cristians.cat\/?s={search_term_string}\"},\"query-input\":\"required name=search_term_string\"}],\"inLanguage\":\"es\"},{\"@type\":\"Person\",\"@id\":\"https:\/\/e-cristians.cat\/#\/schema\/person\/f0ec475338e49aaef9c9dc9d9f162861\",\"name\":\"e-Cristians\",\"image\":{\"@type\":\"ImageObject\",\"inLanguage\":\"es\",\"@id\":\"https:\/\/e-cristians.cat\/#\/schema\/person\/image\/\",\"url\":\"https:\/\/secure.gravatar.com\/avatar\/14bc9e5b0ca69070f1075ad3efcb33c4?s=96&d=mm&r=g\",\"contentUrl\":\"https:\/\/secure.gravatar.com\/avatar\/14bc9e5b0ca69070f1075ad3efcb33c4?s=96&d=mm&r=g\",\"caption\":\"e-Cristians\"}}]}<\/script>\n<!-- \/ Yoast SEO plugin. -->","yoast_head_json":{"title":"\u00bfHasta qu\u00e9 semana del embarazo es moralmente correcto abortar?, la respuesta cient\u00edfica de un youtuber - e-Cristians","robots":{"index":"noindex","follow":"nofollow"},"og_locale":"es_ES","og_type":"article","og_title":"\u00bfHasta qu\u00e9 semana del embarazo es moralmente correcto abortar?, la respuesta cient\u00edfica de un youtuber - e-Cristians","og_description":"En este v\u00eddeo el youtuber Marcel Garc\u00eda desarrolla un argumentario impecable desde una perspectiva cient\u00edfica sobre las implicaciones \u00e9ticas de abortar bajo la visi\u00f3n de una perspectiva puramente biol\u00f3gica.","og_url":"https:\/\/e-cristians.cat\/es\/hasta-que-semana-del-embarazo-es-moralmente-correcto-abortar-la-respuesta-cientifica-de-un-youtuber\/","og_site_name":"e-Cristians","article_published_time":"2021-06-01T15:20:38+00:00","article_modified_time":"2021-06-02T15:25:02+00:00","og_image":[{"width":600,"height":337,"url":"https:\/\/e-cristians.cat\/wp-content\/uploads\/2021\/06\/youtuber.png","type":"image\/png"}],"author":"e-Cristians","twitter_card":"summary_large_image","twitter_misc":{"Escrito por":"e-Cristians","Tiempo de lectura":"1 minuto"},"schema":{"@context":"https:\/\/schema.org","@graph":[{"@type":"WebPage","@id":"https:\/\/e-cristians.cat\/es\/hasta-que-semana-del-embarazo-es-moralmente-correcto-abortar-la-respuesta-cientifica-de-un-youtuber\/","url":"https:\/\/e-cristians.cat\/es\/hasta-que-semana-del-embarazo-es-moralmente-correcto-abortar-la-respuesta-cientifica-de-un-youtuber\/","name":"\u00bfHasta qu\u00e9 semana del embarazo es moralmente correcto abortar?, la respuesta cient\u00edfica de un youtuber - e-Cristians","isPartOf":{"@id":"https:\/\/e-cristians.cat\/#website"},"datePublished":"2021-06-01T15:20:38+00:00","dateModified":"2021-06-02T15:25:02+00:00","author":{"@id":"https:\/\/e-cristians.cat\/#\/schema\/person\/f0ec475338e49aaef9c9dc9d9f162861"},"breadcrumb":{"@id":"https:\/\/e-cristians.cat\/es\/hasta-que-semana-del-embarazo-es-moralmente-correcto-abortar-la-respuesta-cientifica-de-un-youtuber\/#breadcrumb"},"inLanguage":"es","potentialAction":[{"@type":"ReadAction","target":["https:\/\/e-cristians.cat\/es\/hasta-que-semana-del-embarazo-es-moralmente-correcto-abortar-la-respuesta-cientifica-de-un-youtuber\/"]}]},{"@type":"BreadcrumbList","@id":"https:\/\/e-cristians.cat\/es\/hasta-que-semana-del-embarazo-es-moralmente-correcto-abortar-la-respuesta-cientifica-de-un-youtuber\/#breadcrumb","itemListElement":[{"@type":"ListItem","position":1,"name":"Inici","item":"https:\/\/e-cristians.cat\/es\/"},{"@type":"ListItem","position":2,"name":"\u00bfHasta qu\u00e9 semana del embarazo es moralmente correcto abortar?, la respuesta cient\u00edfica de un youtuber"}]},{"@type":"WebSite","@id":"https:\/\/e-cristians.cat\/#website","url":"https:\/\/e-cristians.cat\/","name":"e-Cristians","description":"","potentialAction":[{"@type":"SearchAction","target":{"@type":"EntryPoint","urlTemplate":"https:\/\/e-cristians.cat\/?s={search_term_string}"},"query-input":"required name=search_term_string"}],"inLanguage":"es"},{"@type":"Person","@id":"https:\/\/e-cristians.cat\/#\/schema\/person\/f0ec475338e49aaef9c9dc9d9f162861","name":"e-Cristians","image":{"@type":"ImageObject","inLanguage":"es","@id":"https:\/\/e-cristians.cat\/#\/schema\/person\/image\/","url":"https:\/\/secure.gravatar.com\/avatar\/14bc9e5b0ca69070f1075ad3efcb33c4?s=96&d=mm&r=g","contentUrl":"https:\/\/secure.gravatar.com\/avatar\/14bc9e5b0ca69070f1075ad3efcb33c4?s=96&d=mm&r=g","caption":"e-Cristians"}}]}},"jetpack_sharing_enabled":true,"jetpack_featured_media_url":"https:\/\/e-cristians.cat\/wp-content\/uploads\/2021\/06\/youtuber.png","_links":{"self":[{"href":"https:\/\/e-cristians.cat\/es\/wp-json\/wp\/v2\/posts\/9868"}],"collection":[{"href":"https:\/\/e-cristians.cat\/es\/wp-json\/wp\/v2\/posts"}],"about":[{"href":"https:\/\/e-cristians.cat\/es\/wp-json\/wp\/v2\/types\/post"}],"author":[{"embeddable":true,"href":"https:\/\/e-cristians.cat\/es\/wp-json\/wp\/v2\/users\/2"}],"replies":[{"embeddable":true,"href":"https:\/\/e-cristians.cat\/es\/wp-json\/wp\/v2\/comments?post=9868"}],"version-history":[{"count":2,"href":"https:\/\/e-cristians.cat\/es\/wp-json\/wp\/v2\/posts\/9868\/revisions"}],"predecessor-version":[{"id":9872,"href":"https:\/\/e-cristians.cat\/es\/wp-json\/wp\/v2\/posts\/9868\/revisions\/9872"}],"wp:featuredmedia":[{"embeddable":true,"href":"https:\/\/e-cristians.cat\/es\/wp-json\/wp\/v2\/media\/9869"}],"wp:attachment":[{"href":"https:\/\/e-cristians.cat\/es\/wp-json\/wp\/v2\/media?parent=9868"}],"wp:term":[{"taxonomy":"category","embeddable":true,"href":"https:\/\/e-cristians.cat\/es\/wp-json\/wp\/v2\/categories?post=9868"},{"taxonomy":"post_tag","embeddable":true,"href":"https:\/\/e-cristians.cat\/es\/wp-json\/wp\/v2\/tags?post=9868"}],"curies":[{"name":"wp","href":"https:\/\/api.w.org\/{rel}","templated":true}]}}